{"id":113876,"date":"2021-03-28T09:45:13","date_gmt":"2021-03-28T13:45:13","guid":{"rendered":"https:\/\/linitiative.ca\/International\/50-femmes-qui-comptent-afaf-saaidi-directrice-des-industries-aeronautiques-ferroviaires-navales-et-des-energies-renouvelables-au-ministere-de-lindustrie-du-commerce-et-de-lecon\/"},"modified":"2021-03-28T09:45:13","modified_gmt":"2021-03-28T13:45:13","slug":"50-femmes-qui-comptent-afaf-saaidi-directrice-des-industries-aeronautiques-ferroviaires-navales-et-des-energies-renouvelables-au-ministere-de-lindustrie-du-commerce-et-de-lecon","status":"publish","type":"post","link":"https:\/\/linitiative.ca\/International\/50-femmes-qui-comptent-afaf-saaidi-directrice-des-industries-aeronautiques-ferroviaires-navales-et-des-energies-renouvelables-au-ministere-de-lindustrie-du-commerce-et-de-lecon\/","title":{"rendered":"50 femmes qui comptent : Afaf Saaidi, Directrice des industries a\u00e9ronautiques, ferroviaires, navales et des \u00e9nergies renouvelables au minist\u00e8re de l\u2019Industrie, du Commerce et de l\u2019Economie Verte et Num\u00e9rique"},"content":{"rendered":"<p><strong>Pour nous, il ne s\u2019agit pas de c\u00e9l\u00e9brer la journ\u00e9e de la femme, comme un cadeau annuel fait \u00e0 la gent f\u00e9minine. C\u2019est plut\u00f4t l\u2019occasion de faire le point sur un combat essentiel, celui de l\u2019\u00e9mancipation de la moiti\u00e9 de la population et l\u2019\u00e9valuation de son apport aux transformations sociales, ce que l\u2019on appelle commun\u00e9ment d\u00e9veloppement et qui ne se r\u00e9sume pas aux quantifications \u00e9conomiques. Pour cela, nous avons choisi de mettre en avant un riche panel, \u00e0 travers\u00a0ces portraits repr\u00e9sentatifs de cette g\u00e9n\u00e9ration de femmes qui s\u2019assument. Un portrait \u00e0 d\u00e9couvrir : Afaf Saaidi, Directrice des industries a\u00e9ronautiques, ferroviaires, navales et des \u00e9nergies renouvelables au minist\u00e8re de l\u2019Industrie, du Commerce et de l\u2019Economie Verte et Num\u00e9rique.<\/strong><\/p>\n<div class=\"c10\">\n<\/div>\n<p>Industrie a\u00e9ronautique, ferroviaire, navale\u00a0et\u00a0 \u00e9nergie renouvelable, Afaf Saaidi est \u00e0 la t\u00eate d\u2019une direction qui chapeaute des secteurs \u00e0 la pointe de la technologie. Que de chemin parcouru par celle qui a assum\u00e9 plusieurs fonctions au minist\u00e8re de l\u2019Industrie. En effet, elle a \u00e9t\u00e9 chef de Division des Technologies avanc\u00e9es \u00e0 la Direction de l\u2019Innovation de la R&amp;D et des Technologies Avanc\u00e9e entre 2011 et 2017, et Chef de Division des \u00c9cosyst\u00e8mes Sectoriels \u00e0 la Direction des Industries A\u00e9ronautiques, Ferroviaires, Navales et des Energies Renouvelables de 2018 \u00e0 2019,\u00a0 avant d\u2019\u00eatre nomm\u00e9e en 2019 Directrice des Industries A\u00e9ronautiques, Ferroviaires, Navales et des Energies Renouvelables \u00e0 la Direction G\u00e9n\u00e9rale de l\u2019Industrie.<\/p>\n<p><strong>Lire aussi | <a href=\"https:\/\/www.challenge.ma\/dematerialisation-de-la-declaration-provisionnelle-en-douane-les-operateurs-obtiennent-un-delai-supplementaire-179715\/\" target=\"_blank\" rel=\"noreferrer noopener\">D\u00e9mat\u00e9rialisation de la d\u00e9claration provisionnelle en douane : les op\u00e9rateurs obtiennent un d\u00e9lai suppl\u00e9mentaire<\/a><\/strong><\/p>\n<p>Afaf Saaidi est laur\u00e9ate de l\u2019Ecole Sup\u00e9rieure des Industries du Textile et de l\u2019Habillement, o\u00f9 elle a obtenu son dipl\u00f4me d\u2019ing\u00e9nieur d\u2019Etat en G\u00e9nie industriel en 2002. Elle dispose d\u2019un DESS en assurance qualit\u00e9 et Contr\u00f4le analytique de la Facult\u00e9 Ibn Toufail de K\u00e9nitra, et pr\u00e9pare actuellement des \u00e9tudes Doctorales en Economie \u00e0 l\u2019ENCG de K\u00e9nitra. Pour Mme Afaf Saaidi, le fait d\u2019\u00eatre \u00e0 la t\u00eate d\u2019une direction aussi importante\u00a0 est une forme de reconnaissance pour le travail accompli par les femmes en g\u00e9n\u00e9ral et pour leurs comp\u00e9tences au m\u00eame titre que les hommes.\u00a0 \u00ab Gr\u00e2ce \u00e0 l\u2019impulsion de SM le Roi Mohammed VI, la femme Marocaine a pu asseoir sa position dans diff\u00e9rents secteurs et notamment dans l\u2019administration marocaine, qui offre de r\u00e9elles opportunit\u00e9s pour nos jeunes femmes enthousiastes, qui travaillent dur et qui affirment leurs talents \u00bb.\u00a0<\/p>\n<p class=\"has-background c11\">Gr\u00e2ce \u00e0 l\u2019impulsion de Sa Majest\u00e9 le Roi Mohammed VI que Dieu L\u2019Assiste, la femme Marocaine a pu asseoir sa position dans diff\u00e9rents secteurs et notamment dans l\u2019administration marocaine, qui offre de r\u00e9elles opportunit\u00e9s pour nos jeunes femmes enthousiastes, qui travaillent dur et qui affirment\u00a0<\/p>\n<figure class=\"wp-block-image size-large\"><a href=\"https:\/\/emag.challenge.ma\/780\/mobile\/index.html\" target=\"_blank\" rel=\"noopener\"><img decoding=\"async\" loading=\"lazy\" width=\"798\" height=\"1024\" src=\"https:\/\/www.challenge.ma\/wp-content\/uploads\/2021\/03\/Challenge-780-special-8-mars-798x1024.jpg\" alt=\"\" class=\"wp-image-177090\" srcset=\"https:\/\/www.challenge.ma\/wp-content\/uploads\/2021\/03\/Challenge-780-special-8-mars-798x1024.jpg 798w, https:\/\/www.challenge.ma\/wp-content\/uploads\/2021\/03\/Challenge-780-special-8-mars-234x300.jpg 234w, https:\/\/www.challenge.ma\/wp-content\/uploads\/2021\/03\/Challenge-780-special-8-mars-768x986.jpg 768w, https:\/\/www.challenge.ma\/wp-content\/uploads\/2021\/03\/Challenge-780-special-8-mars-360x462.jpg 360w, https:\/\/www.challenge.ma\/wp-content\/uploads\/2021\/03\/Challenge-780-special-8-mars-750x962.jpg 750w, https:\/\/www.challenge.ma\/wp-content\/uploads\/2021\/03\/Challenge-780-special-8-mars.jpg 1013w\" sizes=\"auto, (max-width: 798px) 100vw, 798px\"\/><\/a><\/figure>\n<p>leurs talents.<\/p>\n<p>Auteur: challenge<br \/>\n<a href=\"https:\/\/www.challenge.ma\/50-femmes-qui-comptent-afaf-saaidi-directrice-des-industries-aeronautiques-ferroviaires-navales-et-des-energies-renouvelables-au-ministere-de-lindustrie-du-commerce-et-de-leconomie-verte-et-179296\/\">Cliquez ici pour lire l&rsquo;article depuis sa source.<\/a><\/p>\n","protected":false},"excerpt":{"rendered":"<p>Pour nous, il ne s\u2019agit pas de c\u00e9l\u00e9brer la journ\u00e9e de la femme, comme un cadeau annuel fait \u00e0 la gent f\u00e9minine. C\u2019est plut\u00f4t l\u2019occasion de faire le point sur un combat essentiel, celui de l\u2019\u00e9mancipation de la moiti\u00e9 de la population et l\u2019\u00e9valuation de son apport aux transformations sociales, ce que l\u2019on appelle commun\u00e9ment [&hellip;]<\/p>\n","protected":false},"author":1787,"featured_media":0,"comment_status":"closed","ping_status":"closed","sticky":false,"template":"","format":"standard","meta":{"fifu_image_url":"https:\/\/www.challenge.ma\/wp-content\/uploads\/2021\/03\/Challenge-780-special-8-mars-798x1024.jpg","fifu_image_alt":"50 femmes qui comptent : Afaf Saaidi, Directrice des industries a\u00e9ronautiques, ferroviaires, navales et des \u00e9nergies renouvelables au minist\u00e8re de l\u2019Industrie, du Commerce et de l\u2019Economie Verte et Num\u00e9rique","footnotes":""},"categories":[78,54],"tags":[],"class_list":["post-113876","post","type-post","status-publish","format-standard","hentry","category-economie","category-maroc"],"_links":{"self":[{"href":"https:\/\/linitiative.ca\/International\/wp-json\/wp\/v2\/posts\/113876","targetHints":{"allow":["GET"]}}],"collection":[{"href":"https:\/\/linitiative.ca\/International\/wp-json\/wp\/v2\/posts"}],"about":[{"href":"https:\/\/linitiative.ca\/International\/wp-json\/wp\/v2\/types\/post"}],"author":[{"embeddable":true,"href":"https:\/\/linitiative.ca\/International\/wp-json\/wp\/v2\/users\/1787"}],"replies":[{"embeddable":true,"href":"https:\/\/linitiative.ca\/International\/wp-json\/wp\/v2\/comments?post=113876"}],"version-history":[{"count":0,"href":"https:\/\/linitiative.ca\/International\/wp-json\/wp\/v2\/posts\/113876\/revisions"}],"wp:attachment":[{"href":"https:\/\/linitiative.ca\/International\/wp-json\/wp\/v2\/media?parent=113876"}],"wp:term":[{"taxonomy":"category","embeddable":true,"href":"https:\/\/linitiative.ca\/International\/wp-json\/wp\/v2\/categories?post=113876"},{"taxonomy":"post_tag","embeddable":true,"href":"https:\/\/linitiative.ca\/International\/wp-json\/wp\/v2\/tags?post=113876"}],"curies":[{"name":"wp","href":"https:\/\/api.w.org\/{rel}","templated":true}]}}