{"id":113877,"date":"2021-03-28T11:00:00","date_gmt":"2021-03-28T15:00:00","guid":{"rendered":"https:\/\/linitiative.ca\/International\/50-femmes-qui-comptent-najat-saher-adjointe-au-directeur-des-entreprises-publiques-et-de-la-privatisation-depp\/"},"modified":"2021-03-28T11:00:00","modified_gmt":"2021-03-28T15:00:00","slug":"50-femmes-qui-comptent-najat-saher-adjointe-au-directeur-des-entreprises-publiques-et-de-la-privatisation-depp","status":"publish","type":"post","link":"https:\/\/linitiative.ca\/International\/50-femmes-qui-comptent-najat-saher-adjointe-au-directeur-des-entreprises-publiques-et-de-la-privatisation-depp\/","title":{"rendered":"50 femmes qui comptent : Najat Saher, Adjointe au Directeur des Entreprises Publiques et de la Privatisation (DEPP)"},"content":{"rendered":"<p><strong>Pour nous, il ne s\u2019agit pas de c\u00e9l\u00e9brer la journ\u00e9e de la femme, comme un cadeau annuel fait \u00e0 la gent f\u00e9minine. C\u2019est plut\u00f4t l\u2019occasion de faire le point sur un combat essentiel, celui de l\u2019\u00e9mancipation de la moiti\u00e9 de la population et l\u2019\u00e9valuation de son apport aux transformations sociales, ce que l\u2019on appelle commun\u00e9ment d\u00e9veloppement et qui ne se r\u00e9sume pas aux quantifications \u00e9conomiques. Pour cela, nous avons choisi de mettre en avant un riche panel, \u00e0 travers\u00a0ces portraits repr\u00e9sentatifs de cette g\u00e9n\u00e9ration de femmes qui s\u2019assument. Un portrait \u00e0 d\u00e9couvrir :<\/strong> <strong>Najat Saher, Adjointe au Directeur des Entreprises Publiques et de la Privatisation (DEPP).<\/strong><\/p>\n<div class=\"c10\">\n<\/div>\n<p>En 2005 d\u00e9j\u00e0, Najat Saher faisait partie du Top 100 de Challenge des \u00ab femmes qui font bouger le Maroc \u00bb. Depuis, elle gravit les \u00e9chelons. Elle occupe actuellement la fonction d\u2019Adjoint au Directeur charg\u00e9e de la Coordination des structures de la Privatisation, des Partenariats Public-Priv\u00e9\u00a0 et de la Gestion Active du Portefeuille au sein de la Direction des Entreprises Publiques et de la Privatisation relevant du minist\u00e8re de l\u2019Economie et des Finances et ce, depuis 2015.\u00a0 Dipl\u00f4m\u00e9e d\u2019un Doctorat de 3\u00e8me Cycle en Economie de D\u00e9veloppement, avec mention tr\u00e8s honorable de l\u2019Universit\u00e9 Mohammed V \u00e0 Rabat en 1992 et d\u2019un DES en techniques de banque de l\u2019Institut Technique de Banque de Paris en 1991, elle a cumul\u00e9 plus de 20 ans d\u2019exp\u00e9rience aussi bien dans le montage et le suivi des op\u00e9rations de transfert de cr\u00e9ations, de prises de participations et\/ou cessions d\u2019entreprises publiques, que dans l\u2019accompagnement et le pilotage d\u2019op\u00e9rations de gestion d\u00e9l\u00e9gu\u00e9e des services publics et des Partenariats Publics Priv\u00e9s.<\/p>\n<p><strong>Lire aussi | <a href=\"https:\/\/www.challenge.ma\/vaccin-anti-covid-ladministration-de-la-premiere-dose-en-stand-by-dans-les-centres-de-vaccination-179720\/\" target=\"_blank\" rel=\"noreferrer noopener\">Vaccin anti-Covid : l\u2019administration de la premi\u00e8re dose en stand-by dans les centres de vaccination<\/a><\/strong><\/p>\n<p>Elle a conduit de grandes op\u00e9rations de privatisation telles que Maroc T\u00e9l\u00e9com, Marsa Maroc, COMANAV, R\u00e9gie des Tabacs, SOMACA, BMCE, SNI, etc.) et continue de coordonner et de suivre l\u2019\u00e9volution de ce chantier. Ce membre de la commission nationale des PPP et celle de l\u2019am\u00e9lioration du climat des affaires au Maroc, a conduit aussi le chantier de mise en place du cadre institutionnel et l\u00e9gislatif des PPP et participe \u00e0 la mise en place du Fonds Mohammed VI et de l\u2019Agence qui sera en charge de la gestion strat\u00e9gique des participations de l\u2019Etat. Elle exerce \u00e9galement, la fonction d\u2019Administrateur dans plusieurs \u00e9tablissements et entreprises publics. Selon elle, la situation de la femme cadre a connu une \u00e9volution positive. \u00abNotre Minist\u00e8re a \u00e9t\u00e9 parmi les d\u00e9partements pionniers par rapport \u00e0 l\u2019\u00e9volution des conditions de travail et d\u2019\u00e9panouissement de la femme dans le secteur public. N\u00e9anmoins, des efforts sont toujours \u00e0 d\u00e9ployer pour atteindre des taux plus satisfaisants et permettre aux femmes d\u2019acc\u00e9der aux postes de directeurs, directeurs g\u00e9n\u00e9raux et secr\u00e9taires g\u00e9n\u00e9raux dans la fonction publique\u00bb, dit-elle.<\/p>\n<p class=\"has-background c11\">Notre Minist\u00e8re a \u00e9t\u00e9 parmi les d\u00e9partements pionniers par rapport \u00e0 l\u2019\u00e9volution des conditions de travail et d\u2019\u00e9panouissement de la femme dans le secteur public. N\u00e9anmoins, des efforts sont toujours \u00e0 d\u00e9ployer pour atteindre des taux plus satisfaisants et permettre aux femmes d\u2019acc\u00e9der aux postes de directeurs, directeurs g\u00e9n\u00e9raux et secr\u00e9taires g\u00e9n\u00e9raux dans la fonction publique.<\/p>\n<figure class=\"wp-block-image size-large\"><a href=\"https:\/\/emag.challenge.ma\/780\/mobile\/index.html\" target=\"_blank\" rel=\"noopener\"><img decoding=\"async\" loading=\"lazy\" width=\"798\" height=\"1024\" src=\"https:\/\/www.challenge.ma\/wp-content\/uploads\/2021\/03\/Challenge-780-special-8-mars-798x1024.jpg\" alt=\"\" class=\"wp-image-177090\" srcset=\"https:\/\/www.challenge.ma\/wp-content\/uploads\/2021\/03\/Challenge-780-special-8-mars-798x1024.jpg 798w, https:\/\/www.challenge.ma\/wp-content\/uploads\/2021\/03\/Challenge-780-special-8-mars-234x300.jpg 234w, https:\/\/www.challenge.ma\/wp-content\/uploads\/2021\/03\/Challenge-780-special-8-mars-768x986.jpg 768w, https:\/\/www.challenge.ma\/wp-content\/uploads\/2021\/03\/Challenge-780-special-8-mars-360x462.jpg 360w, https:\/\/www.challenge.ma\/wp-content\/uploads\/2021\/03\/Challenge-780-special-8-mars-750x962.jpg 750w, https:\/\/www.challenge.ma\/wp-content\/uploads\/2021\/03\/Challenge-780-special-8-mars.jpg 1013w\" sizes=\"auto, (max-width: 798px) 100vw, 798px\"\/><\/a><\/figure>\n<p>Auteur: challenge<br \/>\n<a href=\"https:\/\/www.challenge.ma\/50-femmes-qui-comptent-najat-saher-adjointe-au-directeur-des-entreprises-publiques-et-de-la-privatisation-depp-179305\/\">Cliquez ici pour lire l&rsquo;article depuis sa source.<\/a><\/p>\n","protected":false},"excerpt":{"rendered":"<p>Pour nous, il ne s\u2019agit pas de c\u00e9l\u00e9brer la journ\u00e9e de la femme, comme un cadeau annuel fait \u00e0 la gent f\u00e9minine. C\u2019est plut\u00f4t l\u2019occasion de faire le point sur un combat essentiel, celui de l\u2019\u00e9mancipation de la moiti\u00e9 de la population et l\u2019\u00e9valuation de son apport aux transformations sociales, ce que l\u2019on appelle commun\u00e9ment [&hellip;]<\/p>\n","protected":false},"author":1787,"featured_media":0,"comment_status":"closed","ping_status":"closed","sticky":false,"template":"","format":"standard","meta":{"fifu_image_url":"https:\/\/www.challenge.ma\/wp-content\/uploads\/2021\/03\/Challenge-780-special-8-mars-798x1024.jpg","fifu_image_alt":"50 femmes qui comptent : Najat Saher, Adjointe au Directeur des Entreprises Publiques et de la Privatisation (DEPP)","footnotes":""},"categories":[78,54],"tags":[],"class_list":["post-113877","post","type-post","status-publish","format-standard","hentry","category-economie","category-maroc"],"_links":{"self":[{"href":"https:\/\/linitiative.ca\/International\/wp-json\/wp\/v2\/posts\/113877","targetHints":{"allow":["GET"]}}],"collection":[{"href":"https:\/\/linitiative.ca\/International\/wp-json\/wp\/v2\/posts"}],"about":[{"href":"https:\/\/linitiative.ca\/International\/wp-json\/wp\/v2\/types\/post"}],"author":[{"embeddable":true,"href":"https:\/\/linitiative.ca\/International\/wp-json\/wp\/v2\/users\/1787"}],"replies":[{"embeddable":true,"href":"https:\/\/linitiative.ca\/International\/wp-json\/wp\/v2\/comments?post=113877"}],"version-history":[{"count":0,"href":"https:\/\/linitiative.ca\/International\/wp-json\/wp\/v2\/posts\/113877\/revisions"}],"wp:attachment":[{"href":"https:\/\/linitiative.ca\/International\/wp-json\/wp\/v2\/media?parent=113877"}],"wp:term":[{"taxonomy":"category","embeddable":true,"href":"https:\/\/linitiative.ca\/International\/wp-json\/wp\/v2\/categories?post=113877"},{"taxonomy":"post_tag","embeddable":true,"href":"https:\/\/linitiative.ca\/International\/wp-json\/wp\/v2\/tags?post=113877"}],"curies":[{"name":"wp","href":"https:\/\/api.w.org\/{rel}","templated":true}]}}