{"id":113884,"date":"2021-03-28T14:47:19","date_gmt":"2021-03-28T18:47:19","guid":{"rendered":"https:\/\/linitiative.ca\/International\/deces-de-didier-ratsiraka\/"},"modified":"2021-03-28T14:47:19","modified_gmt":"2021-03-28T18:47:19","slug":"deces-de-didier-ratsiraka","status":"publish","type":"post","link":"https:\/\/linitiative.ca\/International\/deces-de-didier-ratsiraka\/","title":{"rendered":"DECES DE DIDIER RATSIRAKA"},"content":{"rendered":"<p class=\"c4\"><em>L\u2019ancien pr\u00e9sident malgache, Didier Ratsiraka, est d\u00e9c\u00e9d\u00e9 le dimanche 28 mars, \u00e0 l\u2019\u00e2ge de 84 ans. Le regrett\u00e9 avait \u00e9t\u00e9 pr\u00e9sident de la Grande Ile deux fois, de 1975 \u00e0 1993, puis de 1997 \u00e0 2002. L\u2019homme aura donc cumul\u00e9 23 ans \u00e0 la t\u00eate de son pays. Ce qui fait de lui, le pr\u00e9sident qui a le plus dur\u00e9 aux commandes de Madagascar. Et pendant tout ce temps, il a exp\u00e9riment\u00e9 dans la Grande Ile, la voie socialiste du d\u00e9veloppement. Cette option id\u00e9ologique ajout\u00e9e au fait qu\u2019il fut membre tr\u00e8s actif du mouvement des non-align\u00e9s, l\u2019ont rapproch\u00e9 pendant ses premi\u00e8res ann\u00e9es au pouvoir, de Fidel Castro au point qu\u2019il \u00e9tait per\u00e7u par Jacques Foccart, le \u00ab\u00a0Monsieur Afrique\u00a0\u00bb des pr\u00e9sidents fran\u00e7ais, comme un pr\u00e9sident dangereux. En tout cas, la France, puissance\u00a0 colonisatrice de la Grande Ile, avait des raisons de se m\u00e9fier de lui, en cette p\u00e9riode marqu\u00e9e notamment par la guerre froide. Avant qu\u2019il devienne pr\u00e9sident de la Grande Ile, l\u2019homme s\u2019\u00e9tait affich\u00e9 comme un \u00e9l\u00e9ment\u00a0 anti-fran\u00e7ais. Ainsi, en 1972, alors qu\u2019il \u00e9tait ministre des Affaires \u00e9trang\u00e8res dans le cadre de la Transition de Gabriel Ramantsoa, il a obtenu la r\u00e9vision des accords de coop\u00e9ration avec la France, le d\u00e9part des\u00a0 militaires fran\u00e7ais et l\u2019\u00e9vacuation de la base de Diego Suarez dans l\u2019extr\u00eame Nord de l\u2019Ile ou encore la sortie de la Zone franc.<\/em><\/p>\n<p class=\"c4\"><em>\u00a0<\/em><\/p>\n<p class=\"c6\"><strong><em>A son premier passage \u00e0 la t\u00eate du pays, il a incarn\u00e9 cette politique de rupture<\/em><\/strong><\/p>\n<p class=\"c4\"><em>\u00a0<\/em><\/p>\n<p class=\"c4\"><em>Il fallait faire preuve de t\u00e9m\u00e9rit\u00e9 politique pour prendre de telles mesures en 1975. Et quand Didier Ratsiraka a \u00e9t\u00e9 nomm\u00e9 pr\u00e9sident de Madagascar par un directoire militaire, suite \u00e0 l\u2019assassinat de Richard Ratsimandrana, il a davantage fait en sorte que les int\u00e9r\u00eats de son pays priment sur ceux de l\u2019ancienne puissance colonisatrice. De ce point de vue, il a op\u00e9r\u00e9 une rupture nette avec la politique du premier pr\u00e9sident du pays, Philibert Tsiranana. Ce dernier, en effet, avait mis un point d\u2019honneur, d\u00e8s l\u2019av\u00e8nement de la Grande Ile \u00e0 l\u2019ind\u00e9pendance, le 26 juin 1960, \u00e0 jeter tout son d\u00e9volu sur la France. Cette politique d\u2019alignement syst\u00e9matique sur les int\u00e9r\u00eats de l\u2019Hexagone, avait fini par irriter certains officiers dont justement un certain Didier Ratsiraka. Et \u00e0 son premier passage \u00e0 la t\u00eate du pays de 1975 \u00e0 1993, il a incarn\u00e9 cette politique de rupture, notamment pendant ses premi\u00e8res ann\u00e9es au pouvoir. Le Didier Ratsiraka de cette p\u00e9riode de rupture avec la France, o\u00f9 l\u2019imp\u00e9rialisme international \u00e9tait fustig\u00e9 \u00e0 tout-va dans les discours officiels, a fait des \u00e9mules en Afrique. Le grand architecte de cette politique \u00e9tait l\u2019Amiral Didier Ratsiraka. Et il comptait parmi ses admirateurs, un certain Thomas Sankara. Bref, Didier Ratsiraka a cru au socialisme. Mais force est de reconna\u00eetre que cette option n\u2019a pas permis \u00e0 la Grande Ile de sortir la t\u00eate de l\u2019eau. R\u00e9sultat\u00a0: les populations, lass\u00e9es par une r\u00e9volution dont elles ne voyaient pas les fruits,\u00a0 se sont r\u00e9volt\u00e9es. Et Albert Zafy, qui \u00e9tait leur leader, a obtenu de grandes r\u00e9formes politiques et \u00e9conomiques de la part de Didier Ratsiraka. Pendant cette p\u00e9riode chaude, l\u2019Amiral, via sa garde pr\u00e9torienne, a fait tirer dans la foule. Cette r\u00e9pression barbare a abouti \u00e0 plus de 80 morts.<\/em><\/p>\n<p class=\"c4\"><em>\u00a0<\/em><\/p>\n<p class=\"c6\"><strong><em>Didier Ratsiraka a marqu\u00e9 l\u2019histoire politique de la Grande Ile<\/em><\/strong><\/p>\n<p class=\"c4\"><em>\u00a0<\/em><\/p>\n<p class=\"c4\"><em>Ce massacre a aussi souill\u00e9 la gouvernance de l\u2019Amiral rouge. De mani\u00e8re g\u00e9n\u00e9rale, l\u2019on peut dire que les droits humains ont \u00e9t\u00e9 malmen\u00e9s sous Didier Ratsiraka. C\u2019est donc logique qu\u2019il ait \u00e9t\u00e9 sanctionn\u00e9 dans les urnes en 1993 au profit de l\u2019opposant principal de l\u2019\u00e9poque, qu\u2019\u00e9tait Albert Zafy. En 1997, l\u2019inusable Didier Ratsiraka est revenu aux affaires mais cette fois-ci par les urnes. Mais le r\u00e9volutionnaire qu\u2019il a \u00e9t\u00e9 aux premi\u00e8res ann\u00e9es de son pouvoir, s\u2019est mu\u00e9 en un homme politique pragmatique. Cela n\u2019a pas emp\u00each\u00e9 qu\u2019il soit battu une deuxi\u00e8me fois dans les urnes. Son successeur, Marc Ravalomanana dont il a contest\u00e9 l\u2019\u00e9lection, a \u00e9t\u00e9 d\u00e9pos\u00e9 en 2009 par l\u2019arm\u00e9e au profit d\u2019Andry Rajoelina. Bien des observateurs y avaient vu la main de l\u2019Amiral rouge, exil\u00e9 \u00e0 l\u2019\u00e9poque en France. L\u2019un dans l\u2019autre, on peut dire que Didier Ratsiraka a marqu\u00e9 l\u2019histoire politique de la Grande Ile. Jusqu\u2019au soir de sa vie, il n\u2019a pas renonc\u00e9 au combat politique. En 2018, par exemple, il \u00e9tait encore dans les starting-blocks alors qu\u2019il avait 81 ans. L\u2019actuel pr\u00e9sident, Andry Rajoelina, qui a pratiquement l\u2019\u00e2ge de ses petits-enfants, lui a rendu hommage. Et l\u2019on peut dire qu\u2019il le m\u00e9rite. Et si l\u2019on est amen\u00e9 \u00e0 s\u2019interroger sur l\u2019h\u00e9ritage qu\u2019il laisse \u00e0 la Grande Ile, l\u2019on peut essentiellement retenir son attachement aux int\u00e9r\u00eats de Madagascar pendant les 23 ans cumul\u00e9s qu\u2019il a pass\u00e9s \u00e0 la t\u00eate du pays. L\u2019on peut aussi noter qu\u2019il a tout fait pour ne pas associer sa famille \u00e0 la gestion politique du pays. Et dans une Afrique o\u00f9 parfois c\u2019est la tribu qui est la r\u00e9f\u00e9rence politique par excellence, cela vaut son pesant\u2026 de vanille.<\/em><\/p>\n<p class=\"c4\"><em>\u00a0<\/em><\/p>\n<p class=\"c6\"><strong><em>\u00ab\u00a0Le Pays\u00a0\u00bb<\/em><\/strong><\/p>\n<p>Auteur: Editions LEPAYS<br \/>\n<a href=\"https:\/\/lepays.bf\/deces-de-didier-ratsiraka\/\">Cliquez ici pour lire l&rsquo;article depuis sa source.<\/a><\/p>\n","protected":false},"excerpt":{"rendered":"<p>L\u2019ancien pr\u00e9sident malgache, Didier Ratsiraka, est d\u00e9c\u00e9d\u00e9 le dimanche 28 mars, \u00e0 l\u2019\u00e2ge de 84 ans. Le regrett\u00e9 avait \u00e9t\u00e9 pr\u00e9sident de la Grande Ile deux fois, de 1975 \u00e0 1993, puis de 1997 \u00e0 2002. L\u2019homme aura donc cumul\u00e9 23 ans \u00e0 la t\u00eate de son pays. Ce qui fait de lui, le pr\u00e9sident [&hellip;]<\/p>\n","protected":false},"author":1813,"featured_media":0,"comment_status":"closed","ping_status":"closed","sticky":false,"template":"","format":"standard","meta":{"fifu_image_url":"","fifu_image_alt":"","footnotes":""},"categories":[73,81],"tags":[],"class_list":["post-113884","post","type-post","status-publish","format-standard","hentry","category-actualite","category-burkina-faso"],"_links":{"self":[{"href":"https:\/\/linitiative.ca\/International\/wp-json\/wp\/v2\/posts\/113884","targetHints":{"allow":["GET"]}}],"collection":[{"href":"https:\/\/linitiative.ca\/International\/wp-json\/wp\/v2\/posts"}],"about":[{"href":"https:\/\/linitiative.ca\/International\/wp-json\/wp\/v2\/types\/post"}],"author":[{"embeddable":true,"href":"https:\/\/linitiative.ca\/International\/wp-json\/wp\/v2\/users\/1813"}],"replies":[{"embeddable":true,"href":"https:\/\/linitiative.ca\/International\/wp-json\/wp\/v2\/comments?post=113884"}],"version-history":[{"count":0,"href":"https:\/\/linitiative.ca\/International\/wp-json\/wp\/v2\/posts\/113884\/revisions"}],"wp:attachment":[{"href":"https:\/\/linitiative.ca\/International\/wp-json\/wp\/v2\/media?parent=113884"}],"wp:term":[{"taxonomy":"category","embeddable":true,"href":"https:\/\/linitiative.ca\/International\/wp-json\/wp\/v2\/categories?post=113884"},{"taxonomy":"post_tag","embeddable":true,"href":"https:\/\/linitiative.ca\/International\/wp-json\/wp\/v2\/tags?post=113884"}],"curies":[{"name":"wp","href":"https:\/\/api.w.org\/{rel}","templated":true}]}}