{"id":113885,"date":"2021-03-28T14:51:53","date_gmt":"2021-03-28T18:51:53","guid":{"rendered":"https:\/\/linitiative.ca\/International\/rapport-de-la-commission-duclert-sur-le-genocide-rwandais\/"},"modified":"2021-03-28T14:51:53","modified_gmt":"2021-03-28T18:51:53","slug":"rapport-de-la-commission-duclert-sur-le-genocide-rwandais","status":"publish","type":"post","link":"https:\/\/linitiative.ca\/International\/rapport-de-la-commission-duclert-sur-le-genocide-rwandais\/","title":{"rendered":"RAPPORT DE LA COMMISSION DUCLERT SUR LE GENOCIDE RWANDAIS"},"content":{"rendered":"<p class=\"c4\"><em>C\u2019est un rapport cinglant sur la politique fran\u00e7aise au Rwanda entre 1990 et 1994, qui a \u00e9t\u00e9 remis \u00e0 Emmanuel Macron, le 26 mars dernier, par l\u2019\u00e9quipe d\u2019historiens dirig\u00e9e par Vincent Duclert, apr\u00e8s avoir compuls\u00e9 et analys\u00e9 des milliers de documents qui pointent quasiment tous, du doigt \u00ab\u00a0les responsabilit\u00e9s lourdes et accablantes\u00a0\u00bb de l\u2019Hexagone dans la trag\u00e9die qu\u2019a connue le Rwanda pendant la premi\u00e8re moiti\u00e9 de la d\u00e9cennie 90. Vincent Duclert et son \u00e9quipe n\u2019ont pas \u00e9pargn\u00e9 Fran\u00e7ois Mitterrand, de regrett\u00e9e m\u00e9moire, alors aux commandes de la toute- puissante France, et qui entretenait une relation directe et personnelle avec son homologue rwandais Juv\u00e9nal Habyarimana dont l\u2019assassinat, le 6 avril 1994, a \u00e9t\u00e9 le facteur d\u00e9clenchant de l\u2019une des plus grandes catastrophes humaines du XXe si\u00e8cle. La France, comme chacun le sait, n\u2019a jamais accept\u00e9 de lever un coin du voile sur sa responsabilit\u00e9 ou sa culpabilit\u00e9 dans le massacre syst\u00e9matique d\u2019avril \u00e0 juillet 1994, de 800\u00a0000 personnes issues presque toutes de la minorit\u00e9 Tutsi. M\u00eame la promesse de Fran\u00e7ois Hollande, en 2015, d\u2019autoriser l\u2019acc\u00e8s aux archives pour permettre d\u2019\u00e9lucider le r\u00f4le trouble et controvers\u00e9 de Paris dans le g\u00e9nocide, n\u2019a pas \u00e9t\u00e9 suivie d\u2019effet, au grand dam des victimes et des associations de d\u00e9fense des droits de l\u2019homme. Il a fallu attendre 2019 et la cr\u00e9ation de la commission Duclert par le tr\u00e8s iconoclaste Emmanuel Macron, pour voir la France officielle se pencher sur l\u2019implication r\u00e9elle ou suppos\u00e9e de ses autorit\u00e9s politiques et militaires de l\u2019\u00e9poque dans la descente aux enfers du Rwanda. Si le rapport remis \u00e0 l\u2019Elys\u00e9e en fin de semaine derni\u00e8re, ne dit pas clairement que la France s\u2019est associ\u00e9e \u00e0 l\u2019entreprise g\u00e9nocidaire, il a tr\u00e8s s\u00e9v\u00e8rement critiqu\u00e9 l\u2019attitude des autorit\u00e9s fran\u00e7aises d\u2019alors, qui avaient volontairement ferm\u00e9 les yeux face aux actes pr\u00e9paratoires du g\u00e9nocide perp\u00e9tr\u00e9s d\u00e8s le d\u00e9but de la d\u00e9cennie 90 contre les Tutsis par les \u00e9l\u00e9ments les plus radicaux du r\u00e9gime Habyarimana.<\/em><\/p>\n<p class=\"c4\"><em>\u00a0<\/em><\/p>\n<p class=\"c6\"><strong><em>La publication du rapport vient comme pour solder les comptes entre deux pays en froid depuis plus d\u2019un quart de si\u00e8cle<\/em><\/strong><\/p>\n<p class=\"c4\"><em>\u00a0<\/em><\/p>\n<p class=\"c4\"><em>La commission note \u00e9galement la responsabilit\u00e9 personnelle du pr\u00e9sident Fran\u00e7ois Mitterrand qui s\u2019est abreuv\u00e9 de rapports produits par ses conseillers politiques et militaires,\u00a0 tendant \u00e0 diaboliser \u00a0le Front patriotique rwandais (FPR) majoritairement tutsi, et \u00e0 apporter son ind\u00e9fectible soutien aux forces arm\u00e9es rwandaises, et ce, malgr\u00e9 les diverses alertes lanc\u00e9es sur la radicalisation d\u2019une partie du r\u00e9gime hutu. En r\u00e9sum\u00e9, la responsabilit\u00e9 de la France est engag\u00e9e simplement parce qu\u2019elle n\u2019a pas su ou voulu pr\u00e9venir le g\u00e9nocide, mais elle n\u2019est, en aucun cas, \u00ab\u00a0complice\u00a0\u00bb des tueries de masse perp\u00e9tr\u00e9es d\u00e8s le d\u00e9clenchement de la crise en d\u00e9but avril 1994. Pour certains analystes et d\u00e9fenseurs de droits de l\u2019Homme, la production de ce rapport par une commission mise sur pied par les autorit\u00e9s fran\u00e7aises, est un pas de franchi, dans la recherche de la v\u00e9rit\u00e9 sur les crimes commis au Rwanda, mais ils regrettent le fait qu\u2019on n\u2019ait pas r\u00e9v\u00e9l\u00e9 l\u2019envers du d\u00e9cor de cette relation franco-rwandaise trouble \u00a0pendant le r\u00e8gne de Habyarimana, et particuli\u00e8rement houleuse depuis l\u2019arriv\u00e9e du FPR et de Paul Kagame au pouvoir. La question que beaucoup se posent au lendemain de la publication de ce rapport, est celle de savoir si la France a \u00e9t\u00e9 seulement responsable dans l\u2019holocauste de 1994. Non, diront sans doute les rescap\u00e9s et les t\u00e9moins de l\u2019histoire, qui ne manqueront pas de rappeler qu\u2019en octobre 1990 d\u00e9j\u00e0, des troupes fran\u00e7aises \u00e9taient intervenues aux c\u00f4t\u00e9s du r\u00e9gime hutu pour stopper une offensive sur Kigali lanc\u00e9e par Paul Kagame pour restaurer les droits des Tutsis exil\u00e9s dans les pays limitrophes. Et que dire de cette pr\u00e9sence de conseillers et d\u2019instructeurs militaires fran\u00e7ais en 1993, sur la ligne de front, en soutien aux forces arm\u00e9es rwandaises qui \u00e9taient \u00e0 la peine face aux troupes du Front patriotique rwandais de Kagame, alors qu\u2019aux termes du premier accord de paix sign\u00e9 \u00e0 Arusha en 1992, la France devait arr\u00eater ses livraisons d\u2019armes au Rwanda et ne devait plus avoir de troupes dans ce pays? Alors qu\u2019on \u00e9tait en plein g\u00e9nocide en mai 1994, des humanitaires pr\u00e9sents sur le terrain comme Jean Herv\u00e9 Bradol n\u2019avaient pas h\u00e9sit\u00e9 \u00e0 d\u00e9noncer l\u2019implication de la France en affirmant que ceux qui mettaient en \u0153uvre la politique planifi\u00e9e et syst\u00e9matique d\u2019extermination, \u00e9taient \u00ab\u00a0financ\u00e9s, entra\u00een\u00e9s et arm\u00e9s par la France\u00a0\u00bb. Si la France est incontestablement responsable de ce qui est advenu au Rwanda, elle continue de r\u00e9futer sa culpabilit\u00e9 dans le g\u00e9nocide de 1994 et affirme m\u00eame avoir contribu\u00e9 \u00e0 limiter les d\u00e9g\u00e2ts \u00e0 travers les op\u00e9rations \u2018\u2019Amarillys\u2019\u2019 pour exfiltrer les ressortissants \u00e9trangers et certains Rwandais d\u00e8s le d\u00e9but des crimes, et \u2018\u2019Turquoise\u2019\u2019 pour faire cesser les massacres et pour prot\u00e9ger les populations. La publication du rapport de la commission Duclert vient donc comme pour solder les comptes entre deux pays en froid depuis plus d\u2019un quart de si\u00e8cle. Reste \u00e0 savoir si cela suffira \u00e0 satisfaire totalement les autorit\u00e9s rwandaises qui, soit dit en passant, saluent r\u00e9guli\u00e8rement la volont\u00e9 affich\u00e9e du pr\u00e9sident Emmanuel Macron de casser les codes, en exhumant les dossiers sales de son pays et en pr\u00e9sentant ses excuses au nom de la R\u00e9publique, que ce soit pour des faits commis au Rwanda ou ailleurs sur le continent. \u00a0<\/em><\/p>\n<p class=\"c4\"><em>\u00a0<\/em><\/p>\n<p class=\"c6\"><strong><em>Hamadou GADIAGA<\/em><\/strong><\/p>\n<p>Auteur: Editions LEPAYS<br \/>\n<a href=\"https:\/\/lepays.bf\/rapport-de-la-commission-duclert-sur-le-genocide-rwandais\/\">Cliquez ici pour lire l&rsquo;article depuis sa source.<\/a><\/p>\n","protected":false},"excerpt":{"rendered":"<p>C\u2019est un rapport cinglant sur la politique fran\u00e7aise au Rwanda entre 1990 et 1994, qui a \u00e9t\u00e9 remis \u00e0 Emmanuel Macron, le 26 mars dernier, par l\u2019\u00e9quipe d\u2019historiens dirig\u00e9e par Vincent Duclert, apr\u00e8s avoir compuls\u00e9 et analys\u00e9 des milliers de documents qui pointent quasiment tous, du doigt \u00ab\u00a0les responsabilit\u00e9s lourdes et accablantes\u00a0\u00bb de l\u2019Hexagone dans [&hellip;]<\/p>\n","protected":false},"author":1813,"featured_media":0,"comment_status":"closed","ping_status":"closed","sticky":false,"template":"","format":"standard","meta":{"fifu_image_url":"","fifu_image_alt":"","footnotes":""},"categories":[73,81],"tags":[],"class_list":["post-113885","post","type-post","status-publish","format-standard","hentry","category-actualite","category-burkina-faso"],"_links":{"self":[{"href":"https:\/\/linitiative.ca\/International\/wp-json\/wp\/v2\/posts\/113885","targetHints":{"allow":["GET"]}}],"collection":[{"href":"https:\/\/linitiative.ca\/International\/wp-json\/wp\/v2\/posts"}],"about":[{"href":"https:\/\/linitiative.ca\/International\/wp-json\/wp\/v2\/types\/post"}],"author":[{"embeddable":true,"href":"https:\/\/linitiative.ca\/International\/wp-json\/wp\/v2\/users\/1813"}],"replies":[{"embeddable":true,"href":"https:\/\/linitiative.ca\/International\/wp-json\/wp\/v2\/comments?post=113885"}],"version-history":[{"count":0,"href":"https:\/\/linitiative.ca\/International\/wp-json\/wp\/v2\/posts\/113885\/revisions"}],"wp:attachment":[{"href":"https:\/\/linitiative.ca\/International\/wp-json\/wp\/v2\/media?parent=113885"}],"wp:term":[{"taxonomy":"category","embeddable":true,"href":"https:\/\/linitiative.ca\/International\/wp-json\/wp\/v2\/categories?post=113885"},{"taxonomy":"post_tag","embeddable":true,"href":"https:\/\/linitiative.ca\/International\/wp-json\/wp\/v2\/tags?post=113885"}],"curies":[{"name":"wp","href":"https:\/\/api.w.org\/{rel}","templated":true}]}}