{"id":113893,"date":"2021-03-28T11:46:50","date_gmt":"2021-03-28T15:46:50","guid":{"rendered":"https:\/\/linitiative.ca\/International\/la-centrale-technique-de-garoua-au-ralenti-faute-de-pieces-de-rechange\/"},"modified":"2021-03-28T11:46:50","modified_gmt":"2021-03-28T15:46:50","slug":"la-centrale-technique-de-garoua-au-ralenti-faute-de-pieces-de-rechange","status":"publish","type":"post","link":"https:\/\/linitiative.ca\/International\/la-centrale-technique-de-garoua-au-ralenti-faute-de-pieces-de-rechange\/","title":{"rendered":"La centrale technique de Garoua au ralenti faute de pi\u00e8ces de rechange"},"content":{"rendered":"<p>Pour r\u00e9soudre le probl\u00e8me des d\u00e9lestages auquel les populations des r\u00e9gions septentrionales du Cameroun \u00e9taient confront\u00e9es pendant plusieurs mois, le pr\u00e9sident de la R\u00e9publique, Paul Biya, a instruit le d\u00e9mant\u00e8lement de la centrale thermique d\u2019Ahala \u00e0 Yaound\u00e9. Objectif: transf\u00e9rer sa puissance de 20 MW vers les villes de Ngaound\u00e9r\u00e9 (8 MW) et Garoua (12 MW). Ce qui a \u00e9t\u00e9 fait, fin d\u00e9cembre 2020, permettant un retour \u00e0 la normale. Les 12 MW suppl\u00e9mentaires install\u00e9s \u00e0 Garoua ont effectivement fonctionn\u00e9 jusqu\u2019en mi-mars puis, patatra! La centrale thermique a recommenc\u00e9 \u00e0 faire des sc\u00e8nes. A peine les habitants de la r\u00e9gion du Nord commen\u00e7aient-ils \u00e0 se r\u00e9habituer avec l\u2019\u00e9lectricit\u00e9 en permanence que les voici \u00e0 nouveau en proie aux affres des d\u00e9lestages.Comme si un mauvais g\u00e9nie voulait jouer avec leurs nerfs.<\/p>\n<p><strong>Lire aussi<\/strong> : <strong><a href=\"https:\/\/ecomatin.net\/barrage-hydroelectriques-le-gouvernement-lache-lagdo\/\">Barrage hydro\u00e9lectriques : le gouvernement l\u00e2che Lagdo<\/a><\/strong><\/p>\n<p>La mission d\u2019\u00e9valuation de la situation de la fourniture de l\u2019\u00e9nergie \u00e9lectrique dans la partie septentrionale du pays conduite du 24 au 26 mars 2021 par le ministre de l\u2019Eau et de l\u2019\u00c9nergie (Minee), Gaston Eloundou Essomba, sur instruction du Premier ministre, a permis de comprendre la cause du probl\u00e8me. \u00ab En fait mars et avril sont les mois de pointe o\u00f9 l\u2019appel d\u2019\u00e9nergie \u00e9lectrique conna\u00eet son pic entre 09 heures et 16 heures. La demande augmente de l\u2019ordre de 07% \u00bb, a soulign\u00e9 le Minee.\u00a0<\/p>\n<p><strong>Covid-19<\/strong><\/p>\n<p>Face aux journalistes, le ministre a expliqu\u00e9 que les machines ont \u00e9t\u00e9 surutilis\u00e9es. R\u00e9sultats des courses: surchauffage; il faut arr\u00eater pour laisser refroidir. Du coup si on arr\u00eate, coupure et donc d\u00e9lestage\u2026\u00bb Bien plus,\u00a0 a-t-il insist\u00e9, \u00ab une quinzaine de ces machines sont des anciens mod\u00e8les qui ont un rendement en-de\u00e7\u00e0 de leur capacit\u00e9, entra\u00eenant une baisse de production de pr\u00e8s de 15 MW. Elles n\u00e9cessitent donc une maintenance. Mais les pi\u00e8ces command\u00e9es ont connu des retards de livraison du fait de la covid-19 \u00bb.<\/p>\n<p>Au terme de sa visite dans le septentrion, le Minee a donn\u00e9 instruction \u00e0 Eneo de \u00ab tout faire \u00bb pour remettre en production les machines \u00e0 l\u2019arr\u00eat. Cela devrait se faire de mani\u00e8re progressive, pour un retour \u00e0 la normale \u00ab au plus tard le 12 avril \u00bb. Cette p\u00e9riode correspondant plus ou moins au d\u00e9but du mois du je\u00fbne du Ramadan, \u00ab les 20 MW attendus des centrales thermiques devront \u00eatre disponibles pour que les m\u00e9nages aient acc\u00e8s \u00e0 l\u2019\u00e9lectricit\u00e9 au pire des cas entre 18 heures et 22 heures, sinon en permanence. \u00bb<\/p>\n<p><strong>Lire aussi<\/strong> : <strong><a href=\"https:\/\/ecomatin.net\/barrage-hydroelectrique-le-cas-lagdo-preoccupe\/\">Barrage hydro\u00e9lectrique : le cas Lagdo pr\u00e9occupe<\/a><\/strong><\/p>\n<p>Pour ce faire, le concessionnaire du service public de distribution de l\u2019\u00e9lectricit\u00e9 doit discriminer les zones sensibles (h\u00f4pitaux, lieux d\u2019ouvrage de production d\u2019eau, etc.) dans le calendrier de d\u00e9lestage. De m\u00eame, pr\u00e9vient Gaston Eloundou Essomba, \u00ab nous sommes oblig\u00e9s de d\u00e9connecter les principales industries de ces r\u00e9gions pour avoir suffisamment d\u2019\u00e9nergie pour le m\u00e9nages. \u00bb<\/p>\n<p>Toutefois le ministre n\u2019a pas manqu\u00e9 de rappeler que la crise \u00e9nerg\u00e9tique actuelle dont souffrent les r\u00e9gions septentrionales est la cons\u00e9quence de la crise hydrologique du bassin de la B\u00e9nou\u00e9. L\u2019hydrologie continue d\u2019\u00eatre mauvaise mais \u00ab avec le retour annonc\u00e9 des pluies courant juin, la retenue de Lagdo devrait se remplir d\u2019ici septembre et permettre une augmentation de la production du barrage autour de 60 MW, contre moins de 15 MW actuellement. \u00bb A cet horizon, la puissance disponible devrait couvrir la demande sinon \u00eatre sup\u00e9rieure.<\/p>\n<p><strong>Lire aussi<\/strong> : <strong><a href=\"https:\/\/ecomatin.net\/cooperation-le-portefeuille-projet-de-la-banque-mondiale-au-cameroun-comporte-19-projets\/\">Coop\u00e9ration: le portefeuille projet de la Banque mondiale au Cameroun comporte 19 projets<\/a><\/strong><\/p>\n<p>Auteur: Philipe NSOA<br \/>\n<a href=\"https:\/\/ecomatin.net\/la-centrale-technique-de-garoua-au-ralenti-faute-de-piecess-de-rechange\/\">Cliquez ici pour lire l&rsquo;article depuis sa source.<\/a><\/p>\n","protected":false},"excerpt":{"rendered":"<p>Pour r\u00e9soudre le probl\u00e8me des d\u00e9lestages auquel les populations des r\u00e9gions septentrionales du Cameroun \u00e9taient confront\u00e9es pendant plusieurs mois, le pr\u00e9sident de la R\u00e9publique, Paul Biya, a instruit le d\u00e9mant\u00e8lement de la centrale thermique d\u2019Ahala \u00e0 Yaound\u00e9. Objectif: transf\u00e9rer sa puissance de 20 MW vers les villes de Ngaound\u00e9r\u00e9 (8 MW) et Garoua (12 MW). [&hellip;]<\/p>\n","protected":false},"author":1969,"featured_media":0,"comment_status":"closed","ping_status":"closed","sticky":false,"template":"","format":"standard","meta":{"fifu_image_url":"","fifu_image_alt":"","footnotes":""},"categories":[82,78],"tags":[],"class_list":["post-113893","post","type-post","status-publish","format-standard","hentry","category-cameroun","category-economie"],"_links":{"self":[{"href":"https:\/\/linitiative.ca\/International\/wp-json\/wp\/v2\/posts\/113893","targetHints":{"allow":["GET"]}}],"collection":[{"href":"https:\/\/linitiative.ca\/International\/wp-json\/wp\/v2\/posts"}],"about":[{"href":"https:\/\/linitiative.ca\/International\/wp-json\/wp\/v2\/types\/post"}],"author":[{"embeddable":true,"href":"https:\/\/linitiative.ca\/International\/wp-json\/wp\/v2\/users\/1969"}],"replies":[{"embeddable":true,"href":"https:\/\/linitiative.ca\/International\/wp-json\/wp\/v2\/comments?post=113893"}],"version-history":[{"count":0,"href":"https:\/\/linitiative.ca\/International\/wp-json\/wp\/v2\/posts\/113893\/revisions"}],"wp:attachment":[{"href":"https:\/\/linitiative.ca\/International\/wp-json\/wp\/v2\/media?parent=113893"}],"wp:term":[{"taxonomy":"category","embeddable":true,"href":"https:\/\/linitiative.ca\/International\/wp-json\/wp\/v2\/categories?post=113893"},{"taxonomy":"post_tag","embeddable":true,"href":"https:\/\/linitiative.ca\/International\/wp-json\/wp\/v2\/tags?post=113893"}],"curies":[{"name":"wp","href":"https:\/\/api.w.org\/{rel}","templated":true}]}}