{"id":113894,"date":"2021-03-29T08:00:36","date_gmt":"2021-03-29T12:00:36","guid":{"rendered":"https:\/\/linitiative.ca\/International\/stop-les-prejuges-les-defiances-les-enjeux-actuels-lexigent\/"},"modified":"2021-03-29T08:00:36","modified_gmt":"2021-03-29T12:00:36","slug":"stop-les-prejuges-les-defiances-les-enjeux-actuels-lexigent","status":"publish","type":"post","link":"https:\/\/linitiative.ca\/International\/stop-les-prejuges-les-defiances-les-enjeux-actuels-lexigent\/","title":{"rendered":"Stop les pr\u00e9jug\u00e9s, les d\u00e9fiances\u2026 les enjeux actuels l\u2019exigent\u2026"},"content":{"rendered":"<figure class=\"post-thumbnail\" itemprop=\"associatedMedia\" itemscope=\"itemscope\" itemtype=\"http:\/\/schema.org\/ImageObject\"><img decoding=\"async\" class=\"post_layout_5_img\" src=\"http:\/\/aujourdhui.ma\/wp-content\/uploads\/2018\/11\/Ahmed-GHAYET-1.jpg\" alt=\"Stop les pr\u00e9jug\u00e9s, les d\u00e9fiances\u2026 les enjeux actuels l\u2019exigent\u2026\"\/><\/figure>\n<p><span class=\"c5\"><strong>Ils sont d\u00e9j\u00e0 plus d\u2019une centaine : Franco-Marocains, Fran\u00e7ais du Maroc, Marocains de France et du monde, Marocains de c\u0153ur\u2026\u00e0 avoir rejoint le groupe facebook \u00ab2 Pays, 1 C\u0153ur\u00bb cr\u00e9\u00e9 par l\u2019association du m\u00eame nom.<\/strong><\/span><span id=\"more-372338\"\/><\/p>\n<p>L\u2019id\u00e9e de cr\u00e9ation de cette association est n\u00e9e dans l\u2019esprit d\u2019un noyau de Franco-Marocains \u2013 certains d\u2019entre eux vivant au Maroc et l\u2019autre partie en France- d\u00e9sireux de s\u2019impliquer concr\u00e8tement en mettant leurs comp\u00e9tences, leur \u00e9nergie, leurs talents, leur sp\u00e9cificit\u00e9 au service des 2 pays pour :<br \/>\u2013 Contribuer au renforcement des relations entre nos 2 pays<br \/>\u2013 Enrichir encore et toujours la diversit\u00e9 culturelle et humaine qui nous rassemble<br \/>\u2013 Faire mieux conna\u00eetre qui nous sommes<br \/>\u2013 Permettre aux jeunesses des 2 pays de mieux se comprendre, s\u2019appr\u00e9cier par des actions, des activit\u00e9s communes<br \/>\u2013 \u00catre des facilitateurs, des \u00abengag\u00e9s\u00bb, prenant part aux d\u00e9bats, aux grandes questions soci\u00e9tales, humaines, historiques qui concernent les 2 pays,<br \/>\u2013 En fait \u00eatre une force de propositions, d\u2019id\u00e9es, de solutions, un levier -notamment dans les m\u00e9dias et aupr\u00e8s des d\u00e9cideurs- mais aussi au sein de la population<br \/>\u2013 Et un noyau d\u2019acteurs concrets pour lesquels la culture sera un instrument puissant du vivre-ensemble et du rayonnement des 2 pays.<br \/>Dans cette premi\u00e8re \u00e9tape, nous nous investirons sur les r\u00e9seaux sociaux, avant de passer \u00e0 l\u2019\u00e9tape suivante qui sera des actions et activit\u00e9s dans les 2 Pays et notamment au Maroc, cet \u00e9t\u00e9..<br \/>Tels sont leurs objectifs !<br \/>Dans un texte court ils d\u00e9crivent leur philosophie et leur \u00e9tat d\u2019esprit :<br \/>\u00abFranco-Marocains, c\u2019est ce que nous sommes\u2026<br \/>Beaucoup fantasment sur cette identit\u00e9 -sinc\u00e8rement ou avec des arri\u00e8res-pens\u00e9es- ils ne comprennent pas vraiment ce que cela signifie. Ils nous voient assis entre deux chaises, alors que nous sommes assis dans un canap\u00e9\u2026<br \/>Ils veulent y voir une \u00abdouble all\u00e9geance\u00bb alors qu\u2019il s\u2019agit d\u2019une fid\u00e9lit\u00e9 affective \u00e0 nos deux pays -celui de nos parents, de nos origines et celui de notre vie-<br \/>Ils nous somment de choisir ! Or demande t-on \u00e0 un enfant de choisir entre ses parents ?<br \/>Bref, nous sommes les enfants d\u2019une addition, nous ne serons jamais ceux d\u2019une soustraction et nous n\u2019acceptons pas que l\u2019on veuille faire de nous ceux d\u2019une division. Nous sommes une chance, nous sommes un atout, nous sommes un pont : riches d\u2019une double culture, d\u2019une diversit\u00e9 positive, d\u2019affluents venus des deux c\u00f4t\u00e9s de la M\u00e9diterran\u00e9e, nous sommes porteurs de valeurs m\u00eal\u00e9es, de perspectives novatrices, d\u2019espoir\u2026de paix !<br \/>Nous aimons la France et nous aimons le Maroc, nous sommes les fruits d\u2019un m\u00e9tissage humain, g\u00e9ographique, historique et nous voulons le mettre au service des deux pays : persuad\u00e9s que nous sommes, d\u2019\u00eatre une partie de l\u2019avenir de l\u2019un et de l\u2019autre !\u00bb<br \/>Ils invitent tous ceux qui se retrouvent dans cette charte \u00e0 les rejoindre dans ce groupe \u00ab 2 Pays, 1 C\u0153ur\u00bb.<br \/>D\u2019ores et d\u00e9j\u00e0 ils travaillent sur des projets culturels \u00absur les 2 rives\u00bb, tels celui port\u00e9 par Kalid Bazid, l\u2019artiste de l\u2019association, fondateur des \u00abBatteurs pour la paix\u00bb qui r\u00eave d\u2019un festival pour la paix \u00e0 Essaouira\u2026Mustapha Hadji parrain de l\u2019association et Smain Qasimi champion de cano\u00eb kayak, de leurs c\u00f4t\u00e9s, fourmillent d\u2019id\u00e9es dans le domaine sportif. Les autres membres \u2013 initiatrices et initiateurs \u2013 ont toutes et tous un profil tr\u00e8s fortement engag\u00e9 au sein de la soci\u00e9t\u00e9 civile, qui leur sera un atout pr\u00e9cieux dans ce vaste chantier qu\u2019ils nous proposent de r\u00e9nover, de moderniser, et quelque part d\u2019inventer, tant ils veulent \u00abcasser les pr\u00e9jug\u00e9s\u00bb et r\u00e9unir dans un m\u00eame \u00e9lan Franco-Marocains, Fran\u00e7ais du Maroc, Marocains de France, du Royaume et du monde, Marocains de c\u0153ur\u2026 \u00e0 la confluence !<br \/>Des racines et des ailes\u2026les enjeux du pr\u00e9sent et de l\u2019avenir l\u2019exigent\u2026<\/p>\n<p>Auteur: Ahmed GHAYET<br \/>\n<a href=\"https:\/\/aujourdhui.ma\/chroniques\/stop-les-prejuges-les-defiances-les-enjeux-actuels-lexigent\">Cliquez ici pour lire l&rsquo;article depuis sa source.<\/a><\/p>\n","protected":false},"excerpt":{"rendered":"<p>Ils sont d\u00e9j\u00e0 plus d\u2019une centaine : Franco-Marocains, Fran\u00e7ais du Maroc, Marocains de France et du monde, Marocains de c\u0153ur\u2026\u00e0 avoir rejoint le groupe facebook \u00ab2 Pays, 1 C\u0153ur\u00bb cr\u00e9\u00e9 par l\u2019association du m\u00eame nom. L\u2019id\u00e9e de cr\u00e9ation de cette association est n\u00e9e dans l\u2019esprit d\u2019un noyau de Franco-Marocains \u2013 certains d\u2019entre eux vivant au [&hellip;]<\/p>\n","protected":false},"author":1759,"featured_media":0,"comment_status":"closed","ping_status":"closed","sticky":false,"template":"","format":"standard","meta":{"fifu_image_url":"http:\/\/aujourdhui.ma\/wp-content\/uploads\/2018\/11\/Ahmed-GHAYET-1.jpg","fifu_image_alt":"Stop les pr\u00e9jug\u00e9s, les d\u00e9fiances\u2026 les enjeux actuels l\u2019exigent\u2026","footnotes":""},"categories":[73,54],"tags":[],"class_list":["post-113894","post","type-post","status-publish","format-standard","hentry","category-actualite","category-maroc"],"_links":{"self":[{"href":"https:\/\/linitiative.ca\/International\/wp-json\/wp\/v2\/posts\/113894","targetHints":{"allow":["GET"]}}],"collection":[{"href":"https:\/\/linitiative.ca\/International\/wp-json\/wp\/v2\/posts"}],"about":[{"href":"https:\/\/linitiative.ca\/International\/wp-json\/wp\/v2\/types\/post"}],"author":[{"embeddable":true,"href":"https:\/\/linitiative.ca\/International\/wp-json\/wp\/v2\/users\/1759"}],"replies":[{"embeddable":true,"href":"https:\/\/linitiative.ca\/International\/wp-json\/wp\/v2\/comments?post=113894"}],"version-history":[{"count":0,"href":"https:\/\/linitiative.ca\/International\/wp-json\/wp\/v2\/posts\/113894\/revisions"}],"wp:attachment":[{"href":"https:\/\/linitiative.ca\/International\/wp-json\/wp\/v2\/media?parent=113894"}],"wp:term":[{"taxonomy":"category","embeddable":true,"href":"https:\/\/linitiative.ca\/International\/wp-json\/wp\/v2\/categories?post=113894"},{"taxonomy":"post_tag","embeddable":true,"href":"https:\/\/linitiative.ca\/International\/wp-json\/wp\/v2\/tags?post=113894"}],"curies":[{"name":"wp","href":"https:\/\/api.w.org\/{rel}","templated":true}]}}