{"id":113898,"date":"2021-03-29T09:50:10","date_gmt":"2021-03-29T13:50:10","guid":{"rendered":"https:\/\/linitiative.ca\/International\/cooperation-militaire-visite-au-maroc-dune-delegation-de-haut-niveau-des-emirats-arabes-unis\/"},"modified":"2021-03-29T09:50:10","modified_gmt":"2021-03-29T13:50:10","slug":"cooperation-militaire-visite-au-maroc-dune-delegation-de-haut-niveau-des-emirats-arabes-unis","status":"publish","type":"post","link":"https:\/\/linitiative.ca\/International\/cooperation-militaire-visite-au-maroc-dune-delegation-de-haut-niveau-des-emirats-arabes-unis\/","title":{"rendered":"Coop\u00e9ration militaire : Visite au Maroc d\u2019une d\u00e9l\u00e9gation de haut niveau des Emirats Arabes Unis\u00a0"},"content":{"rendered":"<figure class=\"post-thumbnail\" itemprop=\"associatedMedia\" itemscope=\"itemscope\" itemtype=\"http:\/\/schema.org\/ImageObject\"><img decoding=\"async\" class=\"post_layout_5_img\" src=\"http:\/\/aujourdhui.ma\/wp-content\/uploads\/2021\/03\/Hamad-Mohammed-Thani-Al-Rumaithi1.jpg\" alt=\"Coop\u00e9ration militaire : Visite au Maroc d\u2019une d\u00e9l\u00e9gation de haut niveau des Emirats Arabes Unis\u00a0\"\/><\/figure>\n<p><span class=\"c5\"><strong>En ex\u00e9cution des Hautes Instructions Royales, M. Abdeltif Loudyi, Ministre d\u00e9l\u00e9gu\u00e9 aupr\u00e8s du Chef du Gouvernement, charg\u00e9 de l\u2019Administration de la D\u00e9fense Nationale, a re\u00e7u, le lundi 29 mars 2021 au si\u00e8ge de cette Administration, le G\u00e9n\u00e9ral de Division Hamad Mohammed Thani Al Rumaithi, Chef d\u2019Etat-Major des Forces Arm\u00e9es des \u00c9mirats Arabes Unis, en visite au Royaume \u00e0 la t\u00eate d\u2019une importante d\u00e9l\u00e9gation militaire.<\/strong><\/span><span id=\"more-372373\"\/><\/p>\n<p>Un communiqu\u00e9 de l\u2019Etat-Major G\u00e9n\u00e9ral des Forces Arm\u00e9es Royales indique que cette rencontre a \u00e9t\u00e9 l\u2019occasion pour les deux responsables de mettre en exergue les relations de fraternit\u00e9 et la qualit\u00e9 de coop\u00e9ration multiformes qui lient le Royaume du Maroc et les Emirats Arabes Unis.<br \/>Les discussions entre les deux responsables ont port\u00e9 \u00e9galement sur le renforcement de la coop\u00e9ration militaire maroco-\u00e9miratie et les moyens de la porter \u00e0 la hauteur des relations privil\u00e9gi\u00e9es et du partenariat strat\u00e9gique qui lient les deux pays.<br \/>Dans la m\u00eame journ\u00e9e, et sur Hautes Instructions de Sa Majest\u00e9 le Roi, Chef Supr\u00eame et Chef d\u2019Etat-Major G\u00e9n\u00e9ral des Forces Arm\u00e9es Royales, le G\u00e9n\u00e9ral de Corps d\u2019Arm\u00e9e, Inspecteur G\u00e9n\u00e9ral des FAR, a re\u00e7u au niveau de l\u2019Etat-Major G\u00e9n\u00e9ral des FAR \u00e0 Rabat, l\u2019h\u00f4te \u00e9mirati et la d\u00e9l\u00e9gation militaire qui l\u2019accompagne, selon la m\u00eame source.<\/p>\n<p>Les entretiens, qui se sont d\u00e9roul\u00e9s en pr\u00e9sence des Chefs de Bureaux concern\u00e9s de l\u2019Etat-Major G\u00e9n\u00e9ral des FAR et de l\u2019Inspecteur des Forces Royales Air, ainsi que des membres de la d\u00e9l\u00e9gation \u00e9miratie et de l\u2019Attach\u00e9 de D\u00e9fense pr\u00e8s l\u2019Ambassade des \u00c9mirats Arabes Unis \u00e0 Rabat, ont port\u00e9 sur les diff\u00e9rents aspects de la coop\u00e9ration militaire entre les deux pays.<br \/>L\u2019Inspecteur G\u00e9n\u00e9ral des Forces Arm\u00e9es Royales et le Chef d\u2019Etat-Major des Forces Arm\u00e9es Emiraties ont exprim\u00e9 leur satisfaction quant \u00e0 l\u2019excellence et la durabilit\u00e9 de la coop\u00e9ration entre les Forces Arm\u00e9es des deux pays, et se sont r\u00e9jouis de la qualit\u00e9 et du dynamisme de cette coop\u00e9ration, fond\u00e9e sur les liens profonds et historiques entre les deux pays fr\u00e8res.<\/p>\n<p>Les deux responsables ont, par la suite, examin\u00e9 les diff\u00e9rents volets de la coop\u00e9ration militaire bilat\u00e9rale, plus particuli\u00e8rement les moyens de son renforcement \u00e0 travers, notamment, la promotion de l\u2019interop\u00e9rabilit\u00e9 entre les Arm\u00e9es des deux pays, le partage d\u2019exp\u00e9rience et d\u2019expertise, rel\u00e8ve le communiqu\u00e9.<br \/>La coop\u00e9ration militaire entre les Forces Arm\u00e9es Royales et les Forces Arm\u00e9es Emiraties est r\u00e9gie par un accord cadre, sign\u00e9 en mai 2006. Elle porte essentiellement sur les domaines de la formation, l\u2019\u00e9change de visites, et le soutien op\u00e9rationnel, technique et en mat\u00e9riel.<\/p>\n<p>Anim\u00e9e par la volont\u00e9 commune et explicite des deux pays fr\u00e8res pour la raffermir et l\u2019approfondir, la coop\u00e9ration militaire bilat\u00e9rale est r\u00e9guli\u00e8rement d\u00e9velopp\u00e9e et enrichie gr\u00e2ce, notamment, aux r\u00e9unions des Commissions Militaires Mixtes, tenues alternativement \u00e0 Rabat et \u00e0 Abou Dhabi, conclut le communiqu\u00e9.<\/p>\n<p>Auteur: ALM<br \/>\n<a href=\"https:\/\/aujourdhui.ma\/actualite\/cooperation-militaire-visite-au-maroc-dune-delegation-de-haut-niveau-des-emirats-arabes-unis\">Cliquez ici pour lire l&rsquo;article depuis sa source.<\/a><\/p>\n","protected":false},"excerpt":{"rendered":"<p>En ex\u00e9cution des Hautes Instructions Royales, M. Abdeltif Loudyi, Ministre d\u00e9l\u00e9gu\u00e9 aupr\u00e8s du Chef du Gouvernement, charg\u00e9 de l\u2019Administration de la D\u00e9fense Nationale, a re\u00e7u, le lundi 29 mars 2021 au si\u00e8ge de cette Administration, le G\u00e9n\u00e9ral de Division Hamad Mohammed Thani Al Rumaithi, Chef d\u2019Etat-Major des Forces Arm\u00e9es des \u00c9mirats Arabes Unis, en visite [&hellip;]<\/p>\n","protected":false},"author":1759,"featured_media":0,"comment_status":"closed","ping_status":"closed","sticky":false,"template":"","format":"standard","meta":{"fifu_image_url":"http:\/\/aujourdhui.ma\/wp-content\/uploads\/2021\/03\/Hamad-Mohammed-Thani-Al-Rumaithi1.jpg","fifu_image_alt":"Coop\u00e9ration militaire : Visite au Maroc d\u2019une d\u00e9l\u00e9gation de haut niveau des Emirats Arabes Unis\u00a0","footnotes":""},"categories":[73,54],"tags":[],"class_list":["post-113898","post","type-post","status-publish","format-standard","hentry","category-actualite","category-maroc"],"_links":{"self":[{"href":"https:\/\/linitiative.ca\/International\/wp-json\/wp\/v2\/posts\/113898","targetHints":{"allow":["GET"]}}],"collection":[{"href":"https:\/\/linitiative.ca\/International\/wp-json\/wp\/v2\/posts"}],"about":[{"href":"https:\/\/linitiative.ca\/International\/wp-json\/wp\/v2\/types\/post"}],"author":[{"embeddable":true,"href":"https:\/\/linitiative.ca\/International\/wp-json\/wp\/v2\/users\/1759"}],"replies":[{"embeddable":true,"href":"https:\/\/linitiative.ca\/International\/wp-json\/wp\/v2\/comments?post=113898"}],"version-history":[{"count":0,"href":"https:\/\/linitiative.ca\/International\/wp-json\/wp\/v2\/posts\/113898\/revisions"}],"wp:attachment":[{"href":"https:\/\/linitiative.ca\/International\/wp-json\/wp\/v2\/media?parent=113898"}],"wp:term":[{"taxonomy":"category","embeddable":true,"href":"https:\/\/linitiative.ca\/International\/wp-json\/wp\/v2\/categories?post=113898"},{"taxonomy":"post_tag","embeddable":true,"href":"https:\/\/linitiative.ca\/International\/wp-json\/wp\/v2\/tags?post=113898"}],"curies":[{"name":"wp","href":"https:\/\/api.w.org\/{rel}","templated":true}]}}