{"id":113899,"date":"2021-03-28T14:00:57","date_gmt":"2021-03-28T18:00:57","guid":{"rendered":"https:\/\/linitiative.ca\/International\/%ef%bb%bflobjectif-est-de-ramener-les-journalistes-dans-le-monde-du-marche-des-capitaux\/"},"modified":"2021-03-28T14:00:57","modified_gmt":"2021-03-28T18:00:57","slug":"%ef%bb%bflobjectif-est-de-ramener-les-journalistes-dans-le-monde-du-marche-des-capitaux","status":"publish","type":"post","link":"https:\/\/linitiative.ca\/International\/%ef%bb%bflobjectif-est-de-ramener-les-journalistes-dans-le-monde-du-marche-des-capitaux\/","title":{"rendered":"\ufeff\u00abL\u2019objectif est de ramener les journalistes dans le monde du march\u00e9 des capitaux\u2026\u00bb"},"content":{"rendered":"<p class=\"has-text-color has-vivid-red-color c1\"><strong>Entretien avec Mouad Tanouti, Directeur de normalisation et des affaires juridiques<\/strong><\/p>\n<p class=\"c2\"><strong>Romuald Djabioh<\/strong><\/p>\n<p class=\"has-text-color c3\"><strong>Dans le cadre de la formation organis\u00e9e le 26 mars \u00e0 Rabat Agdal par le Conseil National de la Presse (CNP) en collaboration avec l\u2019Autorit\u00e9 Marocaine du March\u00e9 \u00a0des Capitaux (AMMC), au profit de la presse \u00e9crite nationale, sous la th\u00e9matique \u00abL\u2019organisation et le fonctionnement du march\u00e9 des capitaux\u00bb; la r\u00e9daction d\u2019Al Bayane est all\u00e9e \u00e0 la rencontre de Mouad Tanouti, Directeur de direction, de normalisation et des affaires juridiques pour avoir son avis.<\/strong><\/p>\n<p class=\"has-text-color has-vivid-red-color\"><strong>Al Bayane\u00a0: \u00cates-vous satisfait de la participation des journalistes?<\/strong><\/p>\n<div class=\"wp-block-image\">\n<figure class=\"alignleft\"><img decoding=\"async\" src=\"http:\/\/albayane.press.ma\/wp-content\/uploads\/11-RDC1-M\u00e9daillon.jpg\" alt=\"\" class=\"wp-image-108817\"\/><\/figure>\n<\/div>\n<p><strong>Mouad Tanouti<\/strong>\u00a0: Nous avons fini une formation destin\u00e9e aux journalistes de la langue fran\u00e7aise, dans un cycle de formation en partenariat avec le Conseil National de la Presse (CNP). L\u2019objectif, c\u2019est de ramener les journalistes dans\u00a0 le monde du march\u00e9 des capitaux afin qu\u2019ils puissent un peu mieux saisir les notions et concepts y aff\u00e9rents, \u00e0 travers des modules qui abordent des th\u00e9matiques les plus importantes. La vis\u00e9e ici, est de leur donner les cl\u00e9s pour mieux appr\u00e9hender et comprendre le fonctionnement, les acteurs et les activit\u00e9s du march\u00e9 des capitaux en g\u00e9n\u00e9ral.<\/p>\n<p class=\"has-text-color has-vivid-red-color\"><strong>Nombreux journaliste sont sp\u00e9cialis\u00e9s dans des domaines en rapport avec la litt\u00e9rature, la culture et le social. Cela change-t-il le plan de travail \u00a0envisag\u00e9?<\/strong><\/p>\n<p>Nous avons d\u00fb faire des petites adaptations. Cependant l\u2019id\u00e9e, c\u2019\u00e9tait de partir sur des concepts simples, tout en essayant d\u2019expliquer de la fa\u00e7on la plus p\u00e9dagogique de telle sorte que tout le monde puisse prendre part \u00e0 ces \u00e9changes. Je pense que globalement, \u00e0 partir des interactions qu\u2019on a eu et des questions, m\u00eame si le journaliste n\u2019a pas forcement le premier bagage en mati\u00e8re de connaissances sur le march\u00e9 des capitaux\u00a0; je crois que nous avons eu un \u00e9change int\u00e9ressant et que nous avons pu tout de m\u00eame partager quelques connaissances sur le march\u00e9. Nous \u00e9perons de ce fait qu\u2019ils ont pu apprendre de nouvelles choses, m\u00eame si \u00e0 priori, il y a une demande qui est un peu lointain du march\u00e9 des capitaux.<\/p>\n<p class=\"has-text-color has-vivid-red-color\"><strong>Y a t-il une suite?<\/strong><\/p>\n<p>Bien \u00e9videmment, il est pr\u00e9vu un programme qui va se poursuivre. Nous allons partir sur des th\u00e9matiques. Aujourd\u2019hui, c\u2019\u00e9tait plus une introduction g\u00e9n\u00e9rale. Donc, nous allons partir sur des th\u00e9matiques plus pr\u00e9cises\u00a0: l\u2019introduction en bourse et bien d\u2019autres. Nous allons poursuivre selon un calendrier bien d\u00e9fini avec le Conseil National de la Presse sur d\u2019autres sujets et th\u00e9matiques\u2026<\/p>\n<p>Auteur: M&rsquo;hammed rahal<br \/>\n<a href=\"http:\/\/albayane.press.ma\/%EF%BB%BFlobjectif-cest-de-ramener-les-journalistes-dans-le-monde-du-marche-des-capitaux.html\">Cliquez ici pour lire l&rsquo;article depuis sa source.<\/a><\/p>\n","protected":false},"excerpt":{"rendered":"<p>Entretien avec Mouad Tanouti, Directeur de normalisation et des affaires juridiques Romuald Djabioh Dans le cadre de la formation organis\u00e9e le 26 mars \u00e0 Rabat Agdal par le Conseil National de la Presse (CNP) en collaboration avec l\u2019Autorit\u00e9 Marocaine du March\u00e9 \u00a0des Capitaux (AMMC), au profit de la presse \u00e9crite nationale, sous la th\u00e9matique \u00abL\u2019organisation [&hellip;]<\/p>\n","protected":false},"author":1760,"featured_media":0,"comment_status":"closed","ping_status":"closed","sticky":false,"template":"","format":"standard","meta":{"fifu_image_url":"http:\/\/albayane.press.ma\/wp-content\/uploads\/11-RDC1-M\u00e9daillon.jpg","fifu_image_alt":"\ufeff\u00abL\u2019objectif est de ramener les journalistes dans le monde du march\u00e9 des capitaux\u2026\u00bb","footnotes":""},"categories":[73,54],"tags":[],"class_list":["post-113899","post","type-post","status-publish","format-standard","hentry","category-actualite","category-maroc"],"_links":{"self":[{"href":"https:\/\/linitiative.ca\/International\/wp-json\/wp\/v2\/posts\/113899","targetHints":{"allow":["GET"]}}],"collection":[{"href":"https:\/\/linitiative.ca\/International\/wp-json\/wp\/v2\/posts"}],"about":[{"href":"https:\/\/linitiative.ca\/International\/wp-json\/wp\/v2\/types\/post"}],"author":[{"embeddable":true,"href":"https:\/\/linitiative.ca\/International\/wp-json\/wp\/v2\/users\/1760"}],"replies":[{"embeddable":true,"href":"https:\/\/linitiative.ca\/International\/wp-json\/wp\/v2\/comments?post=113899"}],"version-history":[{"count":0,"href":"https:\/\/linitiative.ca\/International\/wp-json\/wp\/v2\/posts\/113899\/revisions"}],"wp:attachment":[{"href":"https:\/\/linitiative.ca\/International\/wp-json\/wp\/v2\/media?parent=113899"}],"wp:term":[{"taxonomy":"category","embeddable":true,"href":"https:\/\/linitiative.ca\/International\/wp-json\/wp\/v2\/categories?post=113899"},{"taxonomy":"post_tag","embeddable":true,"href":"https:\/\/linitiative.ca\/International\/wp-json\/wp\/v2\/tags?post=113899"}],"curies":[{"name":"wp","href":"https:\/\/api.w.org\/{rel}","templated":true}]}}