{"id":113902,"date":"2021-03-28T14:00:58","date_gmt":"2021-03-28T18:00:58","guid":{"rendered":"https:\/\/linitiative.ca\/International\/%ef%bb%bfcreation-dune-equipe-dexperts-de-surveillance-et-dechange-dinformations-sur-les-menaces-terroristes\/"},"modified":"2021-03-28T14:00:58","modified_gmt":"2021-03-28T18:00:58","slug":"%ef%bb%bfcreation-dune-equipe-dexperts-de-surveillance-et-dechange-dinformations-sur-les-menaces-terroristes","status":"publish","type":"post","link":"https:\/\/linitiative.ca\/International\/%ef%bb%bfcreation-dune-equipe-dexperts-de-surveillance-et-dechange-dinformations-sur-les-menaces-terroristes\/","title":{"rendered":"\ufeffCr\u00e9ation d\u2019une \u00e9quipe d\u2019experts de surveillance et d\u2019\u00e9change d\u2019informations sur les menaces terroristes"},"content":{"rendered":"<p class=\"has-text-color has-vivid-red-color c1\"><strong>Communiqu\u00e9 final \u00a0des ministres arabes de l\u2019Int\u00e9rieur<\/strong><\/p>\n<p class=\"has-text-color has-vivid-cyan-blue-color\"><strong>Le Conseil des Ministres arabes de l\u2019Int\u00e9rieur a approuv\u00e9, \u00e0 l\u2019issue de sa 38\u00e8 session, tenue jeudi par visioconf\u00e9rence avec la participation du Maroc, la cr\u00e9ation d\u2019une \u00e9quipe d\u2019experts arabes charg\u00e9e de la surveillance, de l\u2019\u00e9change et de l\u2019analyse des informations sur les menaces terroristes.<\/strong><\/p>\n<p>Le Conseil a \u00e9galement approuv\u00e9, dans son communiqu\u00e9 final, la mise en place d\u2019un m\u00e9canisme d\u2019orientation visant \u00e0 emp\u00eacher le mouvement des combattants terroristes vers les zones de conflit et les points chauds au niveau de la r\u00e9gion arabe, ainsi que la mise en place des mesures de traitement des combattants de retour, en plus de la cr\u00e9ation d\u2019un comit\u00e9 permanent des statistiques criminelles au sein du Secr\u00e9tariat g\u00e9n\u00e9ral du Conseil.<\/p>\n<p>Le Conseil a renouvel\u00e9 sa ferme condamnation du terrorisme, quelles qu\u2019en soient la forme ou la source, affirmant sa d\u00e9termination \u00e0 continuer de lutter contre ce ph\u00e9nom\u00e8ne, en s\u2019attaquant \u00e0 ses causes et en mobilisant tous les efforts et capacit\u00e9s pour l\u2019\u00e9radiquer et renforcer la coop\u00e9ration arabe et internationale dans ce domaine.<\/p>\n<p>La m\u00eame source a indiqu\u00e9 que, dans le cadre de la coop\u00e9ration entre le Conseil des ministres arabes de l\u2019int\u00e9rieur et les autres conseils minist\u00e9riels de la Ligue, le Conseil a approuv\u00e9 la tenue d\u2019une autre r\u00e9union du comit\u00e9 conjoint, compos\u00e9 d\u2019experts et de repr\u00e9sentants des minist\u00e8res de l\u2019int\u00e9rieur et de la justice, pour examiner l\u2019incrimination du paiement de ran\u00e7ons aux terroristes, ainsi que la mise en place d\u2019une \u00e9quipe conjointe de repr\u00e9sentants des minist\u00e8res de l\u2019Int\u00e9rieur et du Tourisme qui sera charg\u00e9 de revoir la strat\u00e9gie arabe dans le domaine de la s\u00e9curit\u00e9 du secteur touristique.<\/p>\n<p>Le communiqu\u00e9 final indique que le Conseil a examin\u00e9 et tranch\u00e9 sur plusieurs questions importantes, expliquant que, conform\u00e9ment aux d\u00e9cisions prises, le Conseil a approuv\u00e9 le projet d\u2019un dixi\u00e8me plan de s\u00e9curit\u00e9 arabe, le projet d\u2019un huiti\u00e8me plan des m\u00e9dias arabes pour la sensibilisation \u00e0 la s\u00e9curit\u00e9 et la pr\u00e9vention du crime et le projet d\u2019un septi\u00e8me plan int\u00e9rimaire pour la strat\u00e9gie arabe de s\u00e9curit\u00e9 routi\u00e8re, qui seront mis en \u0153uvre au cours des ann\u00e9es 2021-2023.<\/p>\n<p>Le Conseil a \u00e9galement approuv\u00e9 le rapport relatif aux actions du Secr\u00e9tariat g\u00e9n\u00e9ral entre les sessions 37 (2020) et 38 (2021), et les recommandations des conf\u00e9rences et r\u00e9unions qu\u2019il a tenues, ainsi que les r\u00e9sultats des r\u00e9unions conjointes avec les instances arabes et internationales dans lesquelles il si\u00e8ge. Par ailleurs, ajoute le communiqu\u00e9, le Conseil a charg\u00e9 son Secr\u00e9tariat g\u00e9n\u00e9ral de coordonner avec la direction des droits de l\u2019Homme de la Ligue arabe pour l\u2019\u00e9laboration d\u2019un projet de guide arabe d\u2019orientation concernant la lutte contre la torture.<\/p>\n<p>Auteur: M&rsquo;hammed rahal<br \/>\n<a href=\"http:\/\/albayane.press.ma\/%EF%BB%BFcreation-dune-equipe-dexperts-de-surveillance-et-dechange-dinformations-sur-les-menaces-terroristes.html\">Cliquez ici pour lire l&rsquo;article depuis sa source.<\/a><\/p>\n","protected":false},"excerpt":{"rendered":"<p>Communiqu\u00e9 final \u00a0des ministres arabes de l\u2019Int\u00e9rieur Le Conseil des Ministres arabes de l\u2019Int\u00e9rieur a approuv\u00e9, \u00e0 l\u2019issue de sa 38\u00e8 session, tenue jeudi par visioconf\u00e9rence avec la participation du Maroc, la cr\u00e9ation d\u2019une \u00e9quipe d\u2019experts arabes charg\u00e9e de la surveillance, de l\u2019\u00e9change et de l\u2019analyse des informations sur les menaces terroristes. Le Conseil a [&hellip;]<\/p>\n","protected":false},"author":1760,"featured_media":0,"comment_status":"closed","ping_status":"closed","sticky":false,"template":"","format":"standard","meta":{"fifu_image_url":"","fifu_image_alt":"","footnotes":""},"categories":[73,54],"tags":[],"class_list":["post-113902","post","type-post","status-publish","format-standard","hentry","category-actualite","category-maroc"],"_links":{"self":[{"href":"https:\/\/linitiative.ca\/International\/wp-json\/wp\/v2\/posts\/113902","targetHints":{"allow":["GET"]}}],"collection":[{"href":"https:\/\/linitiative.ca\/International\/wp-json\/wp\/v2\/posts"}],"about":[{"href":"https:\/\/linitiative.ca\/International\/wp-json\/wp\/v2\/types\/post"}],"author":[{"embeddable":true,"href":"https:\/\/linitiative.ca\/International\/wp-json\/wp\/v2\/users\/1760"}],"replies":[{"embeddable":true,"href":"https:\/\/linitiative.ca\/International\/wp-json\/wp\/v2\/comments?post=113902"}],"version-history":[{"count":0,"href":"https:\/\/linitiative.ca\/International\/wp-json\/wp\/v2\/posts\/113902\/revisions"}],"wp:attachment":[{"href":"https:\/\/linitiative.ca\/International\/wp-json\/wp\/v2\/media?parent=113902"}],"wp:term":[{"taxonomy":"category","embeddable":true,"href":"https:\/\/linitiative.ca\/International\/wp-json\/wp\/v2\/categories?post=113902"},{"taxonomy":"post_tag","embeddable":true,"href":"https:\/\/linitiative.ca\/International\/wp-json\/wp\/v2\/tags?post=113902"}],"curies":[{"name":"wp","href":"https:\/\/api.w.org\/{rel}","templated":true}]}}