{"id":113904,"date":"2021-03-29T05:31:15","date_gmt":"2021-03-29T09:31:15","guid":{"rendered":"https:\/\/linitiative.ca\/International\/le-prix-du-manager-de-lannee-2020-livre-ses-secrets\/"},"modified":"2021-03-29T05:31:15","modified_gmt":"2021-03-29T09:31:15","slug":"le-prix-du-manager-de-lannee-2020-livre-ses-secrets","status":"publish","type":"post","link":"https:\/\/linitiative.ca\/International\/le-prix-du-manager-de-lannee-2020-livre-ses-secrets\/","title":{"rendered":"Le prix du \u00ab\u00a0Manager de l\u2019Ann\u00e9e 2020\u00a0\u00bb livre ses secrets"},"content":{"rendered":"<p><strong>Comme \u00e0 l\u2019accoutum\u00e9e, le journal \u00ab\u00a0L\u2019Expert\u00a0\u00bb honore chaque ann\u00e9e les entrepreneurs performants qui ont marqu\u00e9 leur domaine par leur action, leur engagement et leur r\u00e9flexion et qui ont permis de faire bouger les choses en Tunisie.<\/strong><\/p>\n<p><strong>Le prix du manager de l\u2019ann\u00e9e qu\u2019il attribue tous les ans est devenu une tradition bien ancr\u00e9e salu\u00e9e par les observateurs les plus avertis.<\/strong><\/p>\n<p>Dans sa r\u00e9union tenue le samedi 13 mars 2021, le jury charg\u00e9 de la s\u00e9lection et de la d\u00e9signation des candidats aux prix d\u00e9cern\u00e9s annuellement par le journal l\u2019expert pour les managers de l\u2019ann\u00e9e 2020, a d\u00e9cid\u00e9 de d\u00e9signer les laur\u00e9ats suivants :<\/p>\n<p>-Le Prix Manager de l\u2019ann\u00e9e 2020 est attribu\u00e9 \u00e0 Monsieur Mohamed Rouis, PDG de Leoni, la plus grande entreprise priv\u00e9e de la Tunisie mais aussi le plus grand employeur du pays apr\u00e8s l\u2019Etat.<\/p>\n<p>-Le Prix Aziz Miled attribu\u00e9 \u00e0 Monsieur Samir Jaieb, CEO du Groupe alliance<\/p>\n<p>-Le Prix femme cheffe d\u2019entreprise est attribu\u00e9 \u00e0 Madame Houbeb Adjmi, CEO d\u2019Honoris Tunisie<\/p>\n<p>-Le Prix Nouvelle technologie et innovation de l\u2019ann\u00e9e a \u00e9t\u00e9 attribu\u00e9 \u00e0 Monsieur Elyes jeribi, DG de Jumia<\/p>\n<p>Rappelons que ce prix, attribu\u00e9 dans la plus grande rigueur et sans complaisance aucune, est d\u00e9cern\u00e9 par un jury compos\u00e9 d\u2019\u00e9minents sp\u00e9cialistes et experts constitu\u00e9 d\u2019universitaires, d\u2019avocats, d\u2019experts-comptables, de hauts cadres et journalistes de renom, \u00e0 savoir:<\/p>\n<p>\u2013 Khaled Triki (DG de MPsoft, expert en NTIC )<\/p>\n<p>\u2013 Slaheddine Hellara (Universitaire)<\/p>\n<p>\u2013 Soufian Ben Rejeb (Journaliste r\u00e9dacteur en chef au quotidien Assabah)<\/p>\n<p>\u2013 Jannet Ben Abdallah (journaliste r\u00e9dacteur en chef quotidien Assahafa)<\/p>\n<p>\u2013 Moncef Mahroug (Journaliste,Webmanager)<\/p>\n<p>\u2013 Rejeb Elloumi (Membre de la compagnie des comptables)<\/p>\n<p>\u2013 Azer Zine El Abeddine (Avocat, Pr\u00e9sident de l\u2019ATDA)<\/p>\n<p>\u2013 Kais Ben Mrad (Journaliste, expert en communication)<\/p>\n<p>\u2013 Imen Bahroun (General manager IBComProd )<\/p>\n<p>\u2013 Nejiba Chouk (Expert-comptable)<\/p>\n<p>\u2013 Abdellatif Abbes (Expert-comptable)<\/p>\n<p>\u2013 Maher Gaida (Expert-comptable)<\/p>\n<p>\u2013 Moncef Bousanougua (Pr\u00e9sident d\u2019honneur de l \u2018OECT)<\/p>\n<p>\u2013 Tarek Ben Jazia (conseiller des services publics)<\/p>\n<p>\u2013 Karim Gharbi (chef d\u2019entreprise)<\/p>\n<p>\u2013 Kais Fekih (Expert-comptable et enseignant universitaire)<\/p>\n<p>\u2013 Dorra Megdiche (Journaliste)<\/p>\n<p>\u2013 Mohamed Salah Ayari (Conseiller fiscal)<\/p>\n<p>\u2013 Thouraya Tabbassi (Cadre CNAM)<\/p>\n<p>\u2013 Sonia Chikhaoui(Journaliste, r\u00e9dactrice en chef \u00abL\u2019Expert\u00bb)<\/p>\n<p>\u2013 Ahmed Ouerfelli (Avocat, juriste et universitaire)<\/p>\n<div class=\"wp-post-author-wrap wp-post-author-shortcode left\">\n<h3 class=\"awpa-title\"\/>\n<div class=\"wp-post-author\">\n<div class=\"awpa-img awpa-author-block square\"><a href=\"http:\/\/lexpertjournal.net\/fr\/?author=5\"><img loading=\"lazy\" decoding=\"async\" alt=\"\" src=\"http:\/\/0.gravatar.com\/avatar\/97f8e10a1c1125ba104a76514ee07b16?s=150&amp;d=mm&amp;r=g\" srcset=\"http:\/\/0.gravatar.com\/avatar\/97f8e10a1c1125ba104a76514ee07b16?s=300&amp;d=mm&amp;r=g 2x\" class=\"avatar avatar-150 photo\" height=\"150\" width=\"150\"\/><\/a><\/div>\n<\/div>\n<\/div>\n<aside class=\"mashsb-container mashsb-main mashsb-stretched\">\n<\/aside>\n<p>Auteur: L&rsquo;expert<br \/>\n<a href=\"http:\/\/lexpertjournal.net\/fr\/?p=19474\">Cliquez ici pour lire l&rsquo;article depuis sa source.<\/a><\/p>\n","protected":false},"excerpt":{"rendered":"<p>Comme \u00e0 l\u2019accoutum\u00e9e, le journal \u00ab\u00a0L\u2019Expert\u00a0\u00bb honore chaque ann\u00e9e les entrepreneurs performants qui ont marqu\u00e9 leur domaine par leur action, leur engagement et leur r\u00e9flexion et qui ont permis de faire bouger les choses en Tunisie. Le prix du manager de l\u2019ann\u00e9e qu\u2019il attribue tous les ans est devenu une tradition bien ancr\u00e9e salu\u00e9e par [&hellip;]<\/p>\n","protected":false},"author":1775,"featured_media":0,"comment_status":"closed","ping_status":"closed","sticky":false,"template":"","format":"standard","meta":{"fifu_image_url":"http:\/\/0.gravatar.com\/avatar\/97f8e10a1c1125ba104a76514ee07b16?s=150&d=mm&r=g","fifu_image_alt":"Le prix du \u00ab\u00a0Manager de l\u2019Ann\u00e9e 2020\u00a0\u00bb livre ses secrets","footnotes":""},"categories":[78,55],"tags":[],"class_list":["post-113904","post","type-post","status-publish","format-standard","hentry","category-economie","category-tunisie"],"_links":{"self":[{"href":"https:\/\/linitiative.ca\/International\/wp-json\/wp\/v2\/posts\/113904","targetHints":{"allow":["GET"]}}],"collection":[{"href":"https:\/\/linitiative.ca\/International\/wp-json\/wp\/v2\/posts"}],"about":[{"href":"https:\/\/linitiative.ca\/International\/wp-json\/wp\/v2\/types\/post"}],"author":[{"embeddable":true,"href":"https:\/\/linitiative.ca\/International\/wp-json\/wp\/v2\/users\/1775"}],"replies":[{"embeddable":true,"href":"https:\/\/linitiative.ca\/International\/wp-json\/wp\/v2\/comments?post=113904"}],"version-history":[{"count":0,"href":"https:\/\/linitiative.ca\/International\/wp-json\/wp\/v2\/posts\/113904\/revisions"}],"wp:attachment":[{"href":"https:\/\/linitiative.ca\/International\/wp-json\/wp\/v2\/media?parent=113904"}],"wp:term":[{"taxonomy":"category","embeddable":true,"href":"https:\/\/linitiative.ca\/International\/wp-json\/wp\/v2\/categories?post=113904"},{"taxonomy":"post_tag","embeddable":true,"href":"https:\/\/linitiative.ca\/International\/wp-json\/wp\/v2\/tags?post=113904"}],"curies":[{"name":"wp","href":"https:\/\/api.w.org\/{rel}","templated":true}]}}