{"id":113905,"date":"2021-03-29T05:30:00","date_gmt":"2021-03-29T09:30:00","guid":{"rendered":"https:\/\/linitiative.ca\/International\/caminati-reve-dune-coupe-du-monde-avec-lalgerie\/"},"modified":"2021-03-29T05:30:00","modified_gmt":"2021-03-29T09:30:00","slug":"caminati-reve-dune-coupe-du-monde-avec-lalgerie","status":"publish","type":"post","link":"https:\/\/linitiative.ca\/International\/caminati-reve-dune-coupe-du-monde-avec-lalgerie\/","title":{"rendered":"Caminati r\u00eave d\u2019une Coupe du monde avec l\u2019Alg\u00e9rie"},"content":{"rendered":"<div id=\"originalText\" readability=\"53\">\n<p>Le rugbyman Julien Caminati, qui \u00e9volue au Stade Ni\u00e7ois, r\u00eave d\u2019un match avec l\u2019\u00e9quipe alg\u00e9rienne en Coupe du monde de rugby. \u201cQuand ils m\u2019ont demand\u00e9 quel \u00e9tait mon objectif prioritaire, je leur ai dit que c\u2019\u00e9tait de faire la Coupe du monde avec l\u2019Alg\u00e9rie.<\/p>\n<p>Je sais que \u00e7a fait rire beaucoup de gens, mais c\u2019est possible\u201d, a indiqu\u00e9 Julien Caminati dans un long entretien accord\u00e9 au site en ligne Quinze Mondial.<\/p>\n<p>Approch\u00e9 par l\u2019Olympique de Marseille et l\u2019AS Cannes, ce joueur s\u2019est dit int\u00e9ress\u00e9 car, explique-t-il, son p\u00e8re est un pied-noir et a beaucoup v\u00e9cu \u00e0 Marseille quand il est rentr\u00e9 d\u2019Alg\u00e9rie.<\/p>\n<p>Du coup, sa passion pour le club marseillais et l\u2019\u00e9quipe alg\u00e9rienne le motive \u00e0 bien des \u00e9gards pour faire une grande carri\u00e8re dans le rugby.<\/p>\n<\/div>\n<div id=\"text_core\" readability=\"53\">\n<p>Le rugbyman Julien Caminati, qui \u00e9volue au Stade Ni\u00e7ois, r\u00eave d\u2019un match avec l\u2019\u00e9quipe alg\u00e9rienne en Coupe du monde de rugby. \u201cQuand ils m\u2019ont demand\u00e9 quel \u00e9tait mon objectif prioritaire, je leur ai dit que c\u2019\u00e9tait de faire la Coupe du monde avec l\u2019Alg\u00e9rie.<\/p>\n<p>Je sais que \u00e7a fait rire beaucoup de gens, mais c\u2019est possible\u201d, a indiqu\u00e9 Julien Caminati dans un long entretien accord\u00e9 au site en ligne Quinze Mondial.<\/p>\n<p>Approch\u00e9 par l\u2019Olympique de Marseille et l\u2019AS Cannes, ce joueur s\u2019est dit int\u00e9ress\u00e9 car, explique-t-il, son p\u00e8re est un pied-noir et a beaucoup v\u00e9cu \u00e0 Marseille quand il est rentr\u00e9 d\u2019Alg\u00e9rie.<\/p>\n<p>Du coup, sa passion pour le club marseillais et l\u2019\u00e9quipe alg\u00e9rienne le motive \u00e0 bien des \u00e9gards pour faire une grande carri\u00e8re dans le rugby.<\/p>\n<\/div>\n<p>Auteur:<br \/>\n<a href=\"https:\/\/www.liberte-algerie.com\/radar\/caminati-reve-dune-coupe-du-monde-avec-lalgerie-356284\">Cliquez ici pour lire l&rsquo;article depuis sa source.<\/a><\/p>\n","protected":false},"excerpt":{"rendered":"<p>Le rugbyman Julien Caminati, qui \u00e9volue au Stade Ni\u00e7ois, r\u00eave d\u2019un match avec l\u2019\u00e9quipe alg\u00e9rienne en Coupe du monde de rugby. \u201cQuand ils m\u2019ont demand\u00e9 quel \u00e9tait mon objectif prioritaire, je leur ai dit que c\u2019\u00e9tait de faire la Coupe du monde avec l\u2019Alg\u00e9rie. Je sais que \u00e7a fait rire beaucoup de gens, mais c\u2019est [&hellip;]<\/p>\n","protected":false},"author":1742,"featured_media":0,"comment_status":"closed","ping_status":"closed","sticky":false,"template":"","format":"standard","meta":{"fifu_image_url":"","fifu_image_alt":"","footnotes":""},"categories":[73,53],"tags":[],"class_list":["post-113905","post","type-post","status-publish","format-standard","hentry","category-actualite","category-algerie"],"_links":{"self":[{"href":"https:\/\/linitiative.ca\/International\/wp-json\/wp\/v2\/posts\/113905","targetHints":{"allow":["GET"]}}],"collection":[{"href":"https:\/\/linitiative.ca\/International\/wp-json\/wp\/v2\/posts"}],"about":[{"href":"https:\/\/linitiative.ca\/International\/wp-json\/wp\/v2\/types\/post"}],"author":[{"embeddable":true,"href":"https:\/\/linitiative.ca\/International\/wp-json\/wp\/v2\/users\/1742"}],"replies":[{"embeddable":true,"href":"https:\/\/linitiative.ca\/International\/wp-json\/wp\/v2\/comments?post=113905"}],"version-history":[{"count":0,"href":"https:\/\/linitiative.ca\/International\/wp-json\/wp\/v2\/posts\/113905\/revisions"}],"wp:attachment":[{"href":"https:\/\/linitiative.ca\/International\/wp-json\/wp\/v2\/media?parent=113905"}],"wp:term":[{"taxonomy":"category","embeddable":true,"href":"https:\/\/linitiative.ca\/International\/wp-json\/wp\/v2\/categories?post=113905"},{"taxonomy":"post_tag","embeddable":true,"href":"https:\/\/linitiative.ca\/International\/wp-json\/wp\/v2\/tags?post=113905"}],"curies":[{"name":"wp","href":"https:\/\/api.w.org\/{rel}","templated":true}]}}