{"id":113908,"date":"2021-03-29T05:30:00","date_gmt":"2021-03-29T09:30:00","guid":{"rendered":"https:\/\/linitiative.ca\/International\/deux-nouvelles-lignes-de-production-entrees-en-service\/"},"modified":"2021-03-29T05:30:00","modified_gmt":"2021-03-29T09:30:00","slug":"deux-nouvelles-lignes-de-production-entrees-en-service","status":"publish","type":"post","link":"https:\/\/linitiative.ca\/International\/deux-nouvelles-lignes-de-production-entrees-en-service\/","title":{"rendered":"Deux nouvelles lignes de production entr\u00e9es en service"},"content":{"rendered":"<div id=\"originalText\" readability=\"61\">\n<p>Deux lignes de fabrication de masques de protection faciale ont \u00e9t\u00e9 derni\u00e8rement mises en service par le groupe Faderco, leader alg\u00e9rien des produits l\u2019hygi\u00e8ne corporelle.<\/p>\n<p>En effet, la premi\u00e8re ligne, inaugur\u00e9e au mois de d\u00e9cembre derneir, est d\u2019une capacit\u00e9 de 200 millions de masques chirurgicaux \u00e0 trois plis. La seconde, pour la fabrication des masques FFP2, est, quant \u00e0 elle, d\u2019une capacit\u00e9 de 50 millions d\u2019unit\u00e9s par an.<\/p>\n<p>C\u2019est ce qu\u2019a indiqu\u00e9 le directeur de d\u00e9veloppement du groupe Faderco, Aziz Khoufi, lors d\u2019une visite guid\u00e9e au niveau de la nouvelle unit\u00e9, pr\u00e9cisant que la r\u00e9alisation de cette unit\u00e9 s\u2019inscrit dans le cadre de la participation du groupe Faderco \u00e0 l\u2019effort national pour la lute contre le coronavirus.<\/p>\n<p>\u201cLe prix de vente aux particuliers est fix\u00e9 \u00e0 15 DA pour le masque chirurgical et \u00e0 50 DA pour le masque de type FFP2, fabriqu\u00e9s, il faut le souligner, avec une technologie allemande et des \u00e9quipements fran\u00e7ais\u201d, selon notre interlocuteur.<\/p>\n<\/div>\n<div id=\"text_core\" readability=\"61\">\n<p>Deux lignes de fabrication de masques de protection faciale ont \u00e9t\u00e9 derni\u00e8rement mises en service par le groupe Faderco, leader alg\u00e9rien des produits l\u2019hygi\u00e8ne corporelle.<\/p>\n<p>En effet, la premi\u00e8re ligne, inaugur\u00e9e au mois de d\u00e9cembre derneir, est d\u2019une capacit\u00e9 de 200 millions de masques chirurgicaux \u00e0 trois plis. La seconde, pour la fabrication des masques FFP2, est, quant \u00e0 elle, d\u2019une capacit\u00e9 de 50 millions d\u2019unit\u00e9s par an.<\/p>\n<p>C\u2019est ce qu\u2019a indiqu\u00e9 le directeur de d\u00e9veloppement du groupe Faderco, Aziz Khoufi, lors d\u2019une visite guid\u00e9e au niveau de la nouvelle unit\u00e9, pr\u00e9cisant que la r\u00e9alisation de cette unit\u00e9 s\u2019inscrit dans le cadre de la participation du groupe Faderco \u00e0 l\u2019effort national pour la lute contre le coronavirus.<\/p>\n<p>\u201cLe prix de vente aux particuliers est fix\u00e9 \u00e0 15 DA pour le masque chirurgical et \u00e0 50 DA pour le masque de type FFP2, fabriqu\u00e9s, il faut le souligner, avec une technologie allemande et des \u00e9quipements fran\u00e7ais\u201d, selon notre interlocuteur.<\/p>\n<\/div>\n<p>Auteur:<br \/>\n<a href=\"https:\/\/www.liberte-algerie.com\/radar\/deux-nouvelles-lignes-de-production-entrees-en-service-356279\">Cliquez ici pour lire l&rsquo;article depuis sa source.<\/a><\/p>\n","protected":false},"excerpt":{"rendered":"<p>Deux lignes de fabrication de masques de protection faciale ont \u00e9t\u00e9 derni\u00e8rement mises en service par le groupe Faderco, leader alg\u00e9rien des produits l\u2019hygi\u00e8ne corporelle. En effet, la premi\u00e8re ligne, inaugur\u00e9e au mois de d\u00e9cembre derneir, est d\u2019une capacit\u00e9 de 200 millions de masques chirurgicaux \u00e0 trois plis. La seconde, pour la fabrication des masques [&hellip;]<\/p>\n","protected":false},"author":1742,"featured_media":0,"comment_status":"closed","ping_status":"closed","sticky":false,"template":"","format":"standard","meta":{"fifu_image_url":"","fifu_image_alt":"","footnotes":""},"categories":[73,53],"tags":[],"class_list":["post-113908","post","type-post","status-publish","format-standard","hentry","category-actualite","category-algerie"],"_links":{"self":[{"href":"https:\/\/linitiative.ca\/International\/wp-json\/wp\/v2\/posts\/113908","targetHints":{"allow":["GET"]}}],"collection":[{"href":"https:\/\/linitiative.ca\/International\/wp-json\/wp\/v2\/posts"}],"about":[{"href":"https:\/\/linitiative.ca\/International\/wp-json\/wp\/v2\/types\/post"}],"author":[{"embeddable":true,"href":"https:\/\/linitiative.ca\/International\/wp-json\/wp\/v2\/users\/1742"}],"replies":[{"embeddable":true,"href":"https:\/\/linitiative.ca\/International\/wp-json\/wp\/v2\/comments?post=113908"}],"version-history":[{"count":0,"href":"https:\/\/linitiative.ca\/International\/wp-json\/wp\/v2\/posts\/113908\/revisions"}],"wp:attachment":[{"href":"https:\/\/linitiative.ca\/International\/wp-json\/wp\/v2\/media?parent=113908"}],"wp:term":[{"taxonomy":"category","embeddable":true,"href":"https:\/\/linitiative.ca\/International\/wp-json\/wp\/v2\/categories?post=113908"},{"taxonomy":"post_tag","embeddable":true,"href":"https:\/\/linitiative.ca\/International\/wp-json\/wp\/v2\/tags?post=113908"}],"curies":[{"name":"wp","href":"https:\/\/api.w.org\/{rel}","templated":true}]}}