{"id":113909,"date":"2021-03-29T07:30:00","date_gmt":"2021-03-29T11:30:00","guid":{"rendered":"https:\/\/linitiative.ca\/International\/le-journaliste-abdelhakim-setouane-condamne-a-six-mois-de-prison-ferme\/"},"modified":"2021-03-29T07:30:00","modified_gmt":"2021-03-29T11:30:00","slug":"le-journaliste-abdelhakim-setouane-condamne-a-six-mois-de-prison-ferme","status":"publish","type":"post","link":"https:\/\/linitiative.ca\/International\/le-journaliste-abdelhakim-setouane-condamne-a-six-mois-de-prison-ferme\/","title":{"rendered":"Le journaliste Abdelhakim Setouane condamn\u00e9 \u00e0 six mois de prison ferme"},"content":{"rendered":"<div id=\"originalText\" readability=\"64\">\n<p class=\"c6\">Le tribunal de Sidi M\u2019hamed a condamn\u00e9, ce lundi, le journaliste Abdelhakim Setouane, \u00e0 une peine six mois de prison ferme assortie d\u2019une amende de 50000 DA.<\/p>\n<p class=\"c6\">Il quittera la prison le 20 avril prochain, apr\u00e8s avoir purg\u00e9 sa peine.<\/p>\n<p class=\"c6\">Plac\u00e9 en d\u00e9tention provisoire depuis le 20 octobre 2020, le journaliste et directeur du site Essafir Broadcast est poursuivi pour \u00ab\u00a0diffamation\u00a0\u00bb, \u00ab\u00a0atteinte \u00e0 la vie priv\u00e9e\u00a0\u00bb, \u00ab\u00a0chantage journalistique\u00a0\u00bb et \u00ab\u00a0publication d\u2019informations malveillantes\u00a0\u00bb, visant l\u2019ancien pr\u00e9sident de l\u2019Assembl\u00e9e populaire nationale (APN) Slimane Chenine.<\/p>\n<p class=\"c6\">Apr\u00e8s plusieurs reports, le proc\u00e8s a \u00e9t\u00e9 ouvert lundi 15 mars 2021 devant le m\u00eame tribunal, le procureur avait requis 18 mois de prison ferme \u00e0 son encontre.<\/p>\n<p class=\"c6\">L\u2019affaire a \u00e9t\u00e9 mise en d\u00e9lib\u00e9r\u00e9 jusqu\u2019au 29 mars prochain. \u00ab\u00a0Au cours de sa plaidoirie, l\u2019avocat du journaliste a notamment fait valoir que le minist\u00e8re de la Communication s\u2019\u00e9tait port\u00e9 partie civile &#8211; un fait inhabituel &#8211; alors m\u00eame que le pr\u00e9sident de l\u2019Assembl\u00e9e nationale, pourtant directement mis en cause, n\u2019a pas lui-m\u00eame port\u00e9 plainte\u00a0\u00bb, a rappel\u00e9 Reporters sans fronti\u00e8res dans un communiqu\u00e9 publi\u00e9 \u00e0 la suite du r\u00e9quisitoire. De son c\u00f4t\u00e9, le directeur du bureau Afrique du Nord de RSF, Souhaieb Khayati a indiqu\u00e9 que \u00ab\u00a0ce r\u00e9quisitoire et les poursuites engag\u00e9es par le minist\u00e8re de l\u2019Information contre Abdelhakim Setouane sont totalement disproportionn\u00e9s. Et la d\u00e9tention provisoire du journaliste n\u2019a que trop dur\u00e9. RSF appelle \u00e0 sa lib\u00e9ration imm\u00e9diate \u00bb.<\/p>\n<p class=\"c7\"><strong>Im\u00e8ne AMOKRANE<\/strong><\/p>\n<\/div>\n<div id=\"text_core\" readability=\"64\">\n<p class=\"c6\">Le tribunal de Sidi M\u2019hamed a condamn\u00e9, ce lundi, le journaliste Abdelhakim Setouane, \u00e0 une peine six mois de prison ferme assortie d\u2019une amende de 50000 DA.<\/p>\n<p class=\"c6\">Il quittera la prison le 20 avril prochain, apr\u00e8s avoir purg\u00e9 sa peine.<\/p>\n<p class=\"c6\">Plac\u00e9 en d\u00e9tention provisoire depuis le 20 octobre 2020, le journaliste et directeur du site Essafir Broadcast est poursuivi pour \u00ab\u00a0diffamation\u00a0\u00bb, \u00ab\u00a0atteinte \u00e0 la vie priv\u00e9e\u00a0\u00bb, \u00ab\u00a0chantage journalistique\u00a0\u00bb et \u00ab\u00a0publication d\u2019informations malveillantes\u00a0\u00bb, visant l\u2019ancien pr\u00e9sident de l\u2019Assembl\u00e9e populaire nationale (APN) Slimane Chenine.<\/p>\n<p class=\"c6\">Apr\u00e8s plusieurs reports, le proc\u00e8s a \u00e9t\u00e9 ouvert lundi 15 mars 2021 devant le m\u00eame tribunal, le procureur avait requis 18 mois de prison ferme \u00e0 son encontre.<\/p>\n<p class=\"c6\">L\u2019affaire a \u00e9t\u00e9 mise en d\u00e9lib\u00e9r\u00e9 jusqu\u2019au 29 mars prochain. \u00ab\u00a0Au cours de sa plaidoirie, l\u2019avocat du journaliste a notamment fait valoir que le minist\u00e8re de la Communication s\u2019\u00e9tait port\u00e9 partie civile &#8211; un fait inhabituel &#8211; alors m\u00eame que le pr\u00e9sident de l\u2019Assembl\u00e9e nationale, pourtant directement mis en cause, n\u2019a pas lui-m\u00eame port\u00e9 plainte\u00a0\u00bb, a rappel\u00e9 Reporters sans fronti\u00e8res dans un communiqu\u00e9 publi\u00e9 \u00e0 la suite du r\u00e9quisitoire. De son c\u00f4t\u00e9, le directeur du bureau Afrique du Nord de RSF, Souhaieb Khayati a indiqu\u00e9 que \u00ab\u00a0ce r\u00e9quisitoire et les poursuites engag\u00e9es par le minist\u00e8re de l\u2019Information contre Abdelhakim Setouane sont totalement disproportionn\u00e9s. Et la d\u00e9tention provisoire du journaliste n\u2019a que trop dur\u00e9. RSF appelle \u00e0 sa lib\u00e9ration imm\u00e9diate \u00bb.<\/p>\n<p class=\"c7\"><strong>Im\u00e8ne AMOKRANE<\/strong><\/p>\n<\/div>\n<p>Auteur:<br \/>\n<a href=\"https:\/\/www.liberte-algerie.com\/actualite\/le-journaliste-abdelhakim-setouane-condamne-a-six-mois-de-prison-ferme-356336\">Cliquez ici pour lire l&rsquo;article depuis sa source.<\/a><\/p>\n","protected":false},"excerpt":{"rendered":"<p>Le tribunal de Sidi M\u2019hamed a condamn\u00e9, ce lundi, le journaliste Abdelhakim Setouane, \u00e0 une peine six mois de prison ferme assortie d\u2019une amende de 50000 DA. Il quittera la prison le 20 avril prochain, apr\u00e8s avoir purg\u00e9 sa peine. Plac\u00e9 en d\u00e9tention provisoire depuis le 20 octobre 2020, le journaliste et directeur du site [&hellip;]<\/p>\n","protected":false},"author":1742,"featured_media":0,"comment_status":"closed","ping_status":"closed","sticky":false,"template":"","format":"standard","meta":{"fifu_image_url":"","fifu_image_alt":"","footnotes":""},"categories":[73,53],"tags":[],"class_list":["post-113909","post","type-post","status-publish","format-standard","hentry","category-actualite","category-algerie"],"_links":{"self":[{"href":"https:\/\/linitiative.ca\/International\/wp-json\/wp\/v2\/posts\/113909","targetHints":{"allow":["GET"]}}],"collection":[{"href":"https:\/\/linitiative.ca\/International\/wp-json\/wp\/v2\/posts"}],"about":[{"href":"https:\/\/linitiative.ca\/International\/wp-json\/wp\/v2\/types\/post"}],"author":[{"embeddable":true,"href":"https:\/\/linitiative.ca\/International\/wp-json\/wp\/v2\/users\/1742"}],"replies":[{"embeddable":true,"href":"https:\/\/linitiative.ca\/International\/wp-json\/wp\/v2\/comments?post=113909"}],"version-history":[{"count":0,"href":"https:\/\/linitiative.ca\/International\/wp-json\/wp\/v2\/posts\/113909\/revisions"}],"wp:attachment":[{"href":"https:\/\/linitiative.ca\/International\/wp-json\/wp\/v2\/media?parent=113909"}],"wp:term":[{"taxonomy":"category","embeddable":true,"href":"https:\/\/linitiative.ca\/International\/wp-json\/wp\/v2\/categories?post=113909"},{"taxonomy":"post_tag","embeddable":true,"href":"https:\/\/linitiative.ca\/International\/wp-json\/wp\/v2\/tags?post=113909"}],"curies":[{"name":"wp","href":"https:\/\/api.w.org\/{rel}","templated":true}]}}