{"id":113910,"date":"2021-03-29T13:21:34","date_gmt":"2021-03-29T17:21:34","guid":{"rendered":"https:\/\/linitiative.ca\/International\/suspension-des-vols-de-passagers-vers-la-france-et-lespagne\/"},"modified":"2021-03-29T13:21:34","modified_gmt":"2021-03-29T17:21:34","slug":"suspension-des-vols-de-passagers-vers-la-france-et-lespagne","status":"publish","type":"post","link":"https:\/\/linitiative.ca\/International\/suspension-des-vols-de-passagers-vers-la-france-et-lespagne\/","title":{"rendered":"Suspension des vols de passagers vers la France et l\u2019Espagne"},"content":{"rendered":"<div class=\"single-featured\"><img alt=\"\" data-src=\"http:\/\/www.mapmarrakech.ma\/map\/uploads\/2021\/03\/RAM-ARCHIVES.jpg\"\/><\/div>\n<div class=\"single-post-excerpt post-excerpt-bc\" readability=\"42\">\n<p>Les vols de passagers en provenance et \u00e0 destination de la France et de l\u2019Espagne seront suspendus \u00e0 partir du 30 mars 2021 \u00e0 minuit et ce, jusqu\u2019\u00e0 nouvel ordre, annonce, lundi, la Direction g\u00e9n\u00e9rale de l\u2019Aviation Civile, relevant minist\u00e8re du Tourisme, de l\u2019artisanat, du transport a\u00e9rien et de l\u2019\u00e9conomie sociale.<\/p>\n<\/div>\n<div class=\"entry-content clearfix single-post-content\" readability=\"45\">\n<p>\u00ab\u00a0Dans le cadre des mesures pr\u00e9ventives prises par le Royaume du Maroc contre la propagation de la pand\u00e9mie du nouveau coronavirus (Covid-19), les vols de passagers en provenance et \u00e0 destination de la R\u00e9publique Fran\u00e7aise et de l\u2019Espagne seront suspendus \u00e0 partir du 30 mars 2021 \u00e0 minuit, et ce jusqu\u2019\u00e0 nouvel ordre\u00a0\u00bb, indique un communiqu\u00e9 de la Direction.<\/p>\n<p>Les vols sp\u00e9ciaux de passagers en provenance de ces deux destinations, seront soumis \u00e0 des contr\u00f4les renforc\u00e9s, conform\u00e9ment au protocole sanitaire d\u00e9fini par les autorit\u00e9s marocaines comp\u00e9tentes, fait savoir la m\u00eame source.<\/p>\n<\/div>\n<p>Auteur: Mohammed KOURSI<br \/>\n<a href=\"http:\/\/www.mapmarrakech.ma\/fr\/suspension-des-vols-de-passagers-vers-la-france-et-lespagne\/\">Cliquez ici pour lire l&rsquo;article depuis sa source.<\/a><\/p>\n","protected":false},"excerpt":{"rendered":"<p>Les vols de passagers en provenance et \u00e0 destination de la France et de l\u2019Espagne seront suspendus \u00e0 partir du 30 mars 2021 \u00e0 minuit et ce, jusqu\u2019\u00e0 nouvel ordre, annonce, lundi, la Direction g\u00e9n\u00e9rale de l\u2019Aviation Civile, relevant minist\u00e8re du Tourisme, de l\u2019artisanat, du transport a\u00e9rien et de l\u2019\u00e9conomie sociale. \u00ab\u00a0Dans le cadre des [&hellip;]<\/p>\n","protected":false},"author":1788,"featured_media":0,"comment_status":"closed","ping_status":"closed","sticky":false,"template":"","format":"standard","meta":{"fifu_image_url":"http:\/\/www.mapmarrakech.ma\/map\/uploads\/2021\/03\/RAM-ARCHIVES.jpg","fifu_image_alt":"Suspension des vols de passagers vers la France et l\u2019Espagne","footnotes":""},"categories":[54,76],"tags":[],"class_list":["post-113910","post","type-post","status-publish","format-standard","hentry","category-maroc","category-regions"],"_links":{"self":[{"href":"https:\/\/linitiative.ca\/International\/wp-json\/wp\/v2\/posts\/113910","targetHints":{"allow":["GET"]}}],"collection":[{"href":"https:\/\/linitiative.ca\/International\/wp-json\/wp\/v2\/posts"}],"about":[{"href":"https:\/\/linitiative.ca\/International\/wp-json\/wp\/v2\/types\/post"}],"author":[{"embeddable":true,"href":"https:\/\/linitiative.ca\/International\/wp-json\/wp\/v2\/users\/1788"}],"replies":[{"embeddable":true,"href":"https:\/\/linitiative.ca\/International\/wp-json\/wp\/v2\/comments?post=113910"}],"version-history":[{"count":0,"href":"https:\/\/linitiative.ca\/International\/wp-json\/wp\/v2\/posts\/113910\/revisions"}],"wp:attachment":[{"href":"https:\/\/linitiative.ca\/International\/wp-json\/wp\/v2\/media?parent=113910"}],"wp:term":[{"taxonomy":"category","embeddable":true,"href":"https:\/\/linitiative.ca\/International\/wp-json\/wp\/v2\/categories?post=113910"},{"taxonomy":"post_tag","embeddable":true,"href":"https:\/\/linitiative.ca\/International\/wp-json\/wp\/v2\/tags?post=113910"}],"curies":[{"name":"wp","href":"https:\/\/api.w.org\/{rel}","templated":true}]}}