{"id":113911,"date":"2021-03-29T13:56:01","date_gmt":"2021-03-29T17:56:01","guid":{"rendered":"https:\/\/linitiative.ca\/International\/plus-de-43-millions-de-personnes-vaccinees\/"},"modified":"2021-03-29T13:56:01","modified_gmt":"2021-03-29T17:56:01","slug":"plus-de-43-millions-de-personnes-vaccinees","status":"publish","type":"post","link":"https:\/\/linitiative.ca\/International\/plus-de-43-millions-de-personnes-vaccinees\/","title":{"rendered":"Plus de 4,3 millions de personnes vaccin\u00e9es"},"content":{"rendered":"<div readability=\"34\">\n<p>Un total de 97 nouveaux cas d\u2019infection au coronavirus et de 233 gu\u00e9risons a \u00e9t\u00e9 enregistr\u00e9 au cours des derni\u00e8res 24 heures au Maroc, a annonc\u00e9 lundi le minist\u00e8re de la Sant\u00e9.<\/p>\n<\/div>\n<div readability=\"71\">\n<p>Le nombre des personnes vaccin\u00e9es \u00e0 ce jour (dose 1) a atteint 4.302.897, alors que 3.455.603 ont re\u00e7u la deuxi\u00e8me dose du vaccin, pr\u00e9cise le minist\u00e8re dans son bulletin quotidien sur la situation de la Covid-19.<\/p>\n<p>Ce nouveau bilan porte \u00e0 494.756 le nombre total des contaminations depuis le premier cas signal\u00e9 en mars 2020. Le nombre des personnes r\u00e9tablies est pass\u00e9 \u00e0 482.585, soit un taux de gu\u00e9rison de 97,5%, pr\u00e9cise le minist\u00e8re.<\/p>\n<p>Quant au nombre total des d\u00e9c\u00e8s, il est pass\u00e9 \u00e0 8.807 avec 9 nouveaux cas recens\u00e9s en 24 heures, soit un taux de l\u00e9talit\u00e9 de 1,8%. Ces d\u00e9c\u00e8s ont \u00e9t\u00e9 enregistr\u00e9s dans les r\u00e9gions de Casablanca-Settat (5), l'(Oriental (2), Souss-Massa (1) et La\u00e2youne-Sakia El Hamra (1).<\/p>\n<p>Les nouvelles contaminations ont \u00e9t\u00e9 recens\u00e9es dans les r\u00e9gions de Casablanca-Settat (51), Dakhla-Oued Eddahab (14), Marrakech-Safi (13), Rabat-Sal\u00e9-K\u00e9nitra (10), l\u2019Oriental (03), F\u00e8s-Mekn\u00e8s (03), Souss-Massa (01), La\u00e2youne-Sakia El Hamra (01), B\u00e9ni Mellal-Kh\u00e9nifra (1), et Guelmim Oued Noun (01).<\/p>\n<p>Le nombre des cas actifs s\u2019\u00e9l\u00e8ve \u00e0 3.364, tandis que les cas s\u00e9v\u00e8res ou critiques sont au nombre de 428, dont 27 plac\u00e9s sous intubation.<\/p>\n<\/div>\n<p>Auteur: Mohammed KOURSI<br \/>\n<a href=\"http:\/\/www.mapmarrakech.ma\/fr\/plus-de-43-millions-de-personnes-vaccinees\/\">Cliquez ici pour lire l&rsquo;article depuis sa source.<\/a><\/p>\n","protected":false},"excerpt":{"rendered":"<p>Un total de 97 nouveaux cas d\u2019infection au coronavirus et de 233 gu\u00e9risons a \u00e9t\u00e9 enregistr\u00e9 au cours des derni\u00e8res 24 heures au Maroc, a annonc\u00e9 lundi le minist\u00e8re de la Sant\u00e9. Le nombre des personnes vaccin\u00e9es \u00e0 ce jour (dose 1) a atteint 4.302.897, alors que 3.455.603 ont re\u00e7u la deuxi\u00e8me dose du vaccin, [&hellip;]<\/p>\n","protected":false},"author":1788,"featured_media":0,"comment_status":"closed","ping_status":"closed","sticky":false,"template":"","format":"standard","meta":{"fifu_image_url":"","fifu_image_alt":"","footnotes":""},"categories":[54,76],"tags":[],"class_list":["post-113911","post","type-post","status-publish","format-standard","hentry","category-maroc","category-regions"],"_links":{"self":[{"href":"https:\/\/linitiative.ca\/International\/wp-json\/wp\/v2\/posts\/113911","targetHints":{"allow":["GET"]}}],"collection":[{"href":"https:\/\/linitiative.ca\/International\/wp-json\/wp\/v2\/posts"}],"about":[{"href":"https:\/\/linitiative.ca\/International\/wp-json\/wp\/v2\/types\/post"}],"author":[{"embeddable":true,"href":"https:\/\/linitiative.ca\/International\/wp-json\/wp\/v2\/users\/1788"}],"replies":[{"embeddable":true,"href":"https:\/\/linitiative.ca\/International\/wp-json\/wp\/v2\/comments?post=113911"}],"version-history":[{"count":0,"href":"https:\/\/linitiative.ca\/International\/wp-json\/wp\/v2\/posts\/113911\/revisions"}],"wp:attachment":[{"href":"https:\/\/linitiative.ca\/International\/wp-json\/wp\/v2\/media?parent=113911"}],"wp:term":[{"taxonomy":"category","embeddable":true,"href":"https:\/\/linitiative.ca\/International\/wp-json\/wp\/v2\/categories?post=113911"},{"taxonomy":"post_tag","embeddable":true,"href":"https:\/\/linitiative.ca\/International\/wp-json\/wp\/v2\/tags?post=113911"}],"curies":[{"name":"wp","href":"https:\/\/api.w.org\/{rel}","templated":true}]}}