{"id":113912,"date":"2021-03-29T14:12:48","date_gmt":"2021-03-29T18:12:48","guid":{"rendered":"https:\/\/linitiative.ca\/International\/programme-fosc-des-projets-de-lum6p-et-luca-retenus\/"},"modified":"2021-03-29T14:12:48","modified_gmt":"2021-03-29T18:12:48","slug":"programme-fosc-des-projets-de-lum6p-et-luca-retenus","status":"publish","type":"post","link":"https:\/\/linitiative.ca\/International\/programme-fosc-des-projets-de-lum6p-et-luca-retenus\/","title":{"rendered":"Programme FOSC: Des projets de l\u2019UM6P et l\u2019UCA retenus"},"content":{"rendered":"<div readability=\"35\">\n<p>Marrakech- Des projets de recherche port\u00e9s par l\u2019Universit\u00e9 Cadi Ayyad (UCA) de Marrakech et l\u2019Universit\u00e9 Mohammed VI Polytechnique (UM6P) \u00e0 Bengu\u00e9rir (province de Rehamna) vont b\u00e9n\u00e9ficier de financement dans le cadre de l\u2019appel \u00e0 projets lanc\u00e9 par le Programme Europ\u00e9en de Recherche \u00ab\u00a0FOSC\u00a0\u00bb.<\/p>\n<\/div>\n<div readability=\"95\">\n<p>Ces projets impliquant 04 \u00e9quipes appartenant \u00e0 l\u2019Universit\u00e9 Cadi Ayyad et 02 \u00e9quipes de l\u2019UM6P, ont \u00e9t\u00e9 retenus apr\u00e8s un appel \u00e0 projets lanc\u00e9 par ledit Programme, indique un communiqu\u00e9 de l\u2019UCA de\u00a0Marrakech.<\/p>\n<p>Cet appel couvre les 4 th\u00e9matiques de l\u2019\u00e9valuation des risques li\u00e9s au changement climatique pour les cha\u00eenes de valeur alimentaires, y compris les impacts sur les producteurs, les prix, la disponibilit\u00e9, la qualit\u00e9, le commerce international et la s\u00e9curit\u00e9 alimentaire, ainsi que les changements de comportement des consommateurs qui en r\u00e9sultent, et la promotion du d\u00e9ploiement de technologies innovantes pour mettre en place des cha\u00eenes de valeur alimentaires durables et r\u00e9silientes, influenc\u00e9es par l\u2019\u00e9volution des besoins et des mod\u00e8les alimentaires, et pour am\u00e9liorer l\u2019efficacit\u00e9 des intrants et des produits des syst\u00e8mes alimentaires.<\/p>\n<p>Il s\u2019agit aussi de l\u2019am\u00e9lioration de la r\u00e9silience et la r\u00e9duction de la volatilit\u00e9 de la production agroalimentaire et des march\u00e9s des produits alimentaires, afin d\u2019am\u00e9liorer durablement la s\u00e9curit\u00e9 alimentaire dans le contexte de variation climatique et enfin la r\u00e9duction des pertes alimentaires li\u00e9es au changement climatique notamment, par de nouvelles approches pour valoriser les flux secondaires et r\u00e9duire le gaspillage alimentaire, explique la m\u00eame source.<\/p>\n<p>Pour rappel, 07 projets port\u00e9s par des \u00e9tablissements d\u2019enseignement sup\u00e9rieur marocains ont \u00e9t\u00e9 retenus dans le cadre du programme \u00ab\u00a0FOSC\u00a0\u00bb sur 17 projets impliquant 12 \u00e9quipes de recherche marocaines.<\/p>\n<p>Avec ce r\u00e9sultat, le Maroc se hisse, d\u00e9sormais, au 3\u00e9me rang, sur un total de 21 pays, en termes de projets de recherche retenus pour financement, apr\u00e8s l\u2019Allemagne et le Kenya, se f\u00e9licite la m\u00eame source, faisant savoir que le programme \u00ab\u00a0FOSC\u00a0\u00bb a allou\u00e9 14,2 millions d\u2019euros pour le financement des 17 projets retenus.<\/p>\n<p>Il est \u00e0 souligner que le minist\u00e8re de l\u2019Education Nationale, de la Formation Professionnelle, de l\u2019Enseignement Sup\u00e9rieur et de la Recherche Scientifique \u2013 D\u00e9partement de l\u2019enseignement Sup\u00e9rieur et de la Recherche Scientifique-, s\u2019est associ\u00e9 au consortium du projet europ\u00e9en \u00ab\u00a0FOSC\u00a0\u00bb, compos\u00e9 des Pays d\u2019Europe, d\u2019Afrique et de l\u2019Am\u00e9rique Latine, pour l\u2019appel \u00e0 projets conjoint et ce, dans l\u2019objectif de renforcer la coop\u00e9ration scientifique et technologique dans le domaine des syst\u00e8mes alimentaires et climat, lit-on dans le communiqu\u00e9.<\/p>\n<p>Cet appel \u00e0 projets vise \u00e0 financer des projets de recherche collaboratifs transcontinentaux portant sur les interactions entre les syst\u00e8mes alimentaires et le changement climatique, conclut la m\u00eame source.<\/p>\n<\/div>\n<p>Auteur: Mohammed KOURSI<br \/>\n<a href=\"http:\/\/www.mapmarrakech.ma\/fr\/programme-fosc-des-projets-de-lum6p-et-luca-retenus\/\">Cliquez ici pour lire l&rsquo;article depuis sa source.<\/a><\/p>\n","protected":false},"excerpt":{"rendered":"<p>Marrakech- Des projets de recherche port\u00e9s par l\u2019Universit\u00e9 Cadi Ayyad (UCA) de Marrakech et l\u2019Universit\u00e9 Mohammed VI Polytechnique (UM6P) \u00e0 Bengu\u00e9rir (province de Rehamna) vont b\u00e9n\u00e9ficier de financement dans le cadre de l\u2019appel \u00e0 projets lanc\u00e9 par le Programme Europ\u00e9en de Recherche \u00ab\u00a0FOSC\u00a0\u00bb. Ces projets impliquant 04 \u00e9quipes appartenant \u00e0 l\u2019Universit\u00e9 Cadi Ayyad et 02 [&hellip;]<\/p>\n","protected":false},"author":1788,"featured_media":0,"comment_status":"closed","ping_status":"closed","sticky":false,"template":"","format":"standard","meta":{"fifu_image_url":"","fifu_image_alt":"","footnotes":""},"categories":[54,76],"tags":[],"class_list":["post-113912","post","type-post","status-publish","format-standard","hentry","category-maroc","category-regions"],"_links":{"self":[{"href":"https:\/\/linitiative.ca\/International\/wp-json\/wp\/v2\/posts\/113912","targetHints":{"allow":["GET"]}}],"collection":[{"href":"https:\/\/linitiative.ca\/International\/wp-json\/wp\/v2\/posts"}],"about":[{"href":"https:\/\/linitiative.ca\/International\/wp-json\/wp\/v2\/types\/post"}],"author":[{"embeddable":true,"href":"https:\/\/linitiative.ca\/International\/wp-json\/wp\/v2\/users\/1788"}],"replies":[{"embeddable":true,"href":"https:\/\/linitiative.ca\/International\/wp-json\/wp\/v2\/comments?post=113912"}],"version-history":[{"count":0,"href":"https:\/\/linitiative.ca\/International\/wp-json\/wp\/v2\/posts\/113912\/revisions"}],"wp:attachment":[{"href":"https:\/\/linitiative.ca\/International\/wp-json\/wp\/v2\/media?parent=113912"}],"wp:term":[{"taxonomy":"category","embeddable":true,"href":"https:\/\/linitiative.ca\/International\/wp-json\/wp\/v2\/categories?post=113912"},{"taxonomy":"post_tag","embeddable":true,"href":"https:\/\/linitiative.ca\/International\/wp-json\/wp\/v2\/tags?post=113912"}],"curies":[{"name":"wp","href":"https:\/\/api.w.org\/{rel}","templated":true}]}}