{"id":113915,"date":"2021-03-29T12:16:38","date_gmt":"2021-03-29T16:16:38","guid":{"rendered":"https:\/\/linitiative.ca\/International\/france-espagne-le-maroc-ferme-son-ciel-le-30-mars-a-minuit\/"},"modified":"2021-03-29T12:16:38","modified_gmt":"2021-03-29T16:16:38","slug":"france-espagne-le-maroc-ferme-son-ciel-le-30-mars-a-minuit","status":"publish","type":"post","link":"https:\/\/linitiative.ca\/International\/france-espagne-le-maroc-ferme-son-ciel-le-30-mars-a-minuit\/","title":{"rendered":"France\/ Espagne: Le Maroc ferme son ciel le 30 mars \u00e0 minuit"},"content":{"rendered":"<p class=\"rtejustify\">Le Maroc ferme son ciel d\u00e8s ce mardi 30 mars prochain \u00e0 minuit avec la France et l\u2019Espagne. Cette d\u00e9cision prise par les autorit\u00e9s marocaines fait suite \u00e0 l\u2019apparition des nouveaux variants du Covid. Avec ces nouvelles fermetures, le Maroc se d\u00e9connecte de 40 destinations. Les seules lignes encore ouvertes sont celles op\u00e9r\u00e9es avec des a\u00e9roports du Moyen-Orient, New-York et Montr\u00e9al ainsi que quelques capitales africaines.<\/p>\n<p class=\"rtejustify\"><em>B.B.<\/em><\/p>\n<p class=\"rtejustify\"><strong>Liste des pays concern\u00e9s par la suspension des vols:\u00a0<\/strong><\/p>\n<p class=\"rtejustify\">&#8211; France<br \/>&#8211; Espagne<br \/>&#8211; Ghana<br \/>&#8211; R\u00e9publique D\u00e9mocratique du Congo<br \/>&#8211; Guin\u00e9e-Conakry<br \/>&#8211; Libye<br \/>-Argentine<br \/>-Bosnie-Herz\u00e9govine<br \/>-Botswana<br \/>-Cameroun<br \/>-Croatie<br \/>-Mozambique<br \/>-Pologne<br \/>&#8211; Norv\u00e8ge<br \/>&#8211; Finlande<br \/>&#8211; Gr\u00e8ce<br \/>&#8211; Liban<br \/>&#8211; Kowe\u00eft\u00a0<br \/>&#8211; Alg\u00e9rie<br \/>&#8211; \u00c9gypte<br \/>&#8211; Italie<br \/>&#8211; Belgique<br \/>&#8211; Turquie<br \/>&#8211; Suisse<br \/>&#8211; Allemagne<br \/>&#8211; Pays-Bas<br \/>&#8211; Autriche<br \/>&#8211; Portugal<br \/>&#8211; Su\u00e8de<br \/>&#8211; Ukraine<br \/>&#8211; R\u00e9publique Tch\u00e8que<br \/>&#8211; Australie<br \/>&#8211; Irlande<br \/>&#8211; Br\u00e9sil<br \/>&#8211; Nouvelle Z\u00e9lande<br \/>&#8211; Royaume-Uni<br \/>&#8211; Afrique du Sud<br \/>&#8211; Danemark\u00a0<br \/>&#8211; Mali\u00a0 \u00a0 \u00a0 \u00a0 \u00a0 \u00a0 \u00a0 \u00a0 \u00a0 \u00a0 \u00a0 \u00a0 \u00a0 \u00a0 \u00a0 \u00a0 \u00a0 \u00a0 \u00a0 \u00a0 \u00a0 \u00a0 \u00a0 \u00a0 \u00a0 \u00a0 \u00a0 \u00a0 \u00a0 \u00a0 \u00a0 \u00a0 \u00a0 \u00a0 \u00a0 \u00a0 \u00a0 \u00a0 \u00a0 \u00a0 \u00a0 \u00a0 \u00a0 \u00a0 \u00a0 \u00a0 \u00a0 \u00a0 \u00a0 \u00a0 \u00a0 \u00a0 \u00a0 \u00a0 \u00a0 \u00a0 \u00a0 \u00a0 \u00a0 \u00a0 \u00a0 \u00a0 \u00a0 \u00a0 \u00a0 \u00a0 \u00a0\u00a0<\/p>\n<p class=\"rtejustify\">\u00a0<\/p>\n<p>Auteur: hgueye<br \/>\n<a href=\"https:\/\/www.leconomiste.com\/flash-infos\/france-espagne-le-maroc-ferme-son-ciel-le-30-mars-minuit\">Cliquez ici pour lire l&rsquo;article depuis sa source.<\/a><\/p>\n","protected":false},"excerpt":{"rendered":"<p>Le Maroc ferme son ciel d\u00e8s ce mardi 30 mars prochain \u00e0 minuit avec la France et l\u2019Espagne. Cette d\u00e9cision prise par les autorit\u00e9s marocaines fait suite \u00e0 l\u2019apparition des nouveaux variants du Covid. Avec ces nouvelles fermetures, le Maroc se d\u00e9connecte de 40 destinations. Les seules lignes encore ouvertes sont celles op\u00e9r\u00e9es avec des [&hellip;]<\/p>\n","protected":false},"author":1763,"featured_media":0,"comment_status":"closed","ping_status":"closed","sticky":false,"template":"","format":"standard","meta":{"fifu_image_url":"","fifu_image_alt":"","footnotes":""},"categories":[78,54],"tags":[],"class_list":["post-113915","post","type-post","status-publish","format-standard","hentry","category-economie","category-maroc"],"_links":{"self":[{"href":"https:\/\/linitiative.ca\/International\/wp-json\/wp\/v2\/posts\/113915","targetHints":{"allow":["GET"]}}],"collection":[{"href":"https:\/\/linitiative.ca\/International\/wp-json\/wp\/v2\/posts"}],"about":[{"href":"https:\/\/linitiative.ca\/International\/wp-json\/wp\/v2\/types\/post"}],"author":[{"embeddable":true,"href":"https:\/\/linitiative.ca\/International\/wp-json\/wp\/v2\/users\/1763"}],"replies":[{"embeddable":true,"href":"https:\/\/linitiative.ca\/International\/wp-json\/wp\/v2\/comments?post=113915"}],"version-history":[{"count":0,"href":"https:\/\/linitiative.ca\/International\/wp-json\/wp\/v2\/posts\/113915\/revisions"}],"wp:attachment":[{"href":"https:\/\/linitiative.ca\/International\/wp-json\/wp\/v2\/media?parent=113915"}],"wp:term":[{"taxonomy":"category","embeddable":true,"href":"https:\/\/linitiative.ca\/International\/wp-json\/wp\/v2\/categories?post=113915"},{"taxonomy":"post_tag","embeddable":true,"href":"https:\/\/linitiative.ca\/International\/wp-json\/wp\/v2\/tags?post=113915"}],"curies":[{"name":"wp","href":"https:\/\/api.w.org\/{rel}","templated":true}]}}