{"id":113916,"date":"2021-03-29T12:37:12","date_gmt":"2021-03-29T16:37:12","guid":{"rendered":"https:\/\/linitiative.ca\/International\/enseignement-lonef-appelle-a-une-intervention-durgence\/"},"modified":"2021-03-29T12:37:12","modified_gmt":"2021-03-29T16:37:12","slug":"enseignement-lonef-appelle-a-une-intervention-durgence","status":"publish","type":"post","link":"https:\/\/linitiative.ca\/International\/enseignement-lonef-appelle-a-une-intervention-durgence\/","title":{"rendered":"Enseignement: L&rsquo;ONEF appelle \u00e0 une intervention d&rsquo;urgence"},"content":{"rendered":"<p class=\"rtejustify\">L\u2019Observatoire national de l\u2019\u00e9ducation et de la formation (ONEF) a appel\u00e9 \u00e0 intervenir d\u2019urgence pour mettre fin aux \u00ab\u00a0perturbations\u00a0\u00bb\u00a0afin de garantir le droit des apprenants \u00e0 \u00e9tudier dans des conditions \u00ab normales et rassurantes \u00bb au temps du coronavirus et \u00e0 l\u2019\u00e8re post-Covid. Cette sortie de l&rsquo;ONEF fait suite aux sit-in organis\u00e9s par les enseignants derni\u00e8rement<\/p>\n<p class=\"rtejustify\">Dans son \u00ab\u00a0appel de l\u2019\u00e9ducation adress\u00e9 aux Sages de la Patrie\u00a0\u00bb,\u00a0l\u2019observatoire souligne que le syst\u00e8me d\u2019\u00e9ducation et de formation, tous niveaux et composantes confondus, vit au rythme de \u00ab\u00a0perturbations sans pr\u00e9c\u00e9dent, et de tension grandissante entre les intervenants dans les processus \u00e9ducatif, administratif et technique et le Gouvernement\u00a0\u00bb. Cet appel intervient, selon le communiqu\u00e9, en guise de rappel au Chef du gouvernement, au ministre de l\u2019\u00c9ducation nationale, de la Formation professionnelle, de l\u2019Enseignement sup\u00e9rieur et de la Recherche scientifique et au ministre d\u00e9l\u00e9gu\u00e9 charg\u00e9 de l\u2019Enseignement sup\u00e9rieur et de la Recherche scientifique, \u00ab\u00a0des crises que traverse d\u00e9sormais le syst\u00e8me \u00e9ducatif dont les premi\u00e8res victimes sont les \u00e9l\u00e8ves, les \u00e9tudiants et les familles\u00a0\u00bb. Par ailleurs, l\u2019ONEF a dit regretter le \u00ab\u00a0silence du gouvernement et l\u2019absence de toute r\u00e9action face aux crises grandissantes\u00a0\u00bb\u00a0de ce syst\u00e8me.<\/p>\n<p>Auteur: hgueye<br \/>\n<a href=\"https:\/\/www.leconomiste.com\/flash-infos\/enseignement-l-onef-appelle-une-intervention-d-urgence\">Cliquez ici pour lire l&rsquo;article depuis sa source.<\/a><\/p>\n","protected":false},"excerpt":{"rendered":"<p>L\u2019Observatoire national de l\u2019\u00e9ducation et de la formation (ONEF) a appel\u00e9 \u00e0 intervenir d\u2019urgence pour mettre fin aux \u00ab\u00a0perturbations\u00a0\u00bb\u00a0afin de garantir le droit des apprenants \u00e0 \u00e9tudier dans des conditions \u00ab normales et rassurantes \u00bb au temps du coronavirus et \u00e0 l\u2019\u00e8re post-Covid. Cette sortie de l&rsquo;ONEF fait suite aux sit-in organis\u00e9s par les enseignants [&hellip;]<\/p>\n","protected":false},"author":1763,"featured_media":0,"comment_status":"closed","ping_status":"closed","sticky":false,"template":"","format":"standard","meta":{"fifu_image_url":"","fifu_image_alt":"","footnotes":""},"categories":[78,54],"tags":[],"class_list":["post-113916","post","type-post","status-publish","format-standard","hentry","category-economie","category-maroc"],"_links":{"self":[{"href":"https:\/\/linitiative.ca\/International\/wp-json\/wp\/v2\/posts\/113916","targetHints":{"allow":["GET"]}}],"collection":[{"href":"https:\/\/linitiative.ca\/International\/wp-json\/wp\/v2\/posts"}],"about":[{"href":"https:\/\/linitiative.ca\/International\/wp-json\/wp\/v2\/types\/post"}],"author":[{"embeddable":true,"href":"https:\/\/linitiative.ca\/International\/wp-json\/wp\/v2\/users\/1763"}],"replies":[{"embeddable":true,"href":"https:\/\/linitiative.ca\/International\/wp-json\/wp\/v2\/comments?post=113916"}],"version-history":[{"count":0,"href":"https:\/\/linitiative.ca\/International\/wp-json\/wp\/v2\/posts\/113916\/revisions"}],"wp:attachment":[{"href":"https:\/\/linitiative.ca\/International\/wp-json\/wp\/v2\/media?parent=113916"}],"wp:term":[{"taxonomy":"category","embeddable":true,"href":"https:\/\/linitiative.ca\/International\/wp-json\/wp\/v2\/categories?post=113916"},{"taxonomy":"post_tag","embeddable":true,"href":"https:\/\/linitiative.ca\/International\/wp-json\/wp\/v2\/tags?post=113916"}],"curies":[{"name":"wp","href":"https:\/\/api.w.org\/{rel}","templated":true}]}}