{"id":113917,"date":"2021-03-29T12:51:57","date_gmt":"2021-03-29T16:51:57","guid":{"rendered":"https:\/\/linitiative.ca\/International\/covid19-prolongation-de-deux-semaines-des-mesures-de-restriction\/"},"modified":"2021-03-29T12:51:57","modified_gmt":"2021-03-29T16:51:57","slug":"covid19-prolongation-de-deux-semaines-des-mesures-de-restriction","status":"publish","type":"post","link":"https:\/\/linitiative.ca\/International\/covid19-prolongation-de-deux-semaines-des-mesures-de-restriction\/","title":{"rendered":"Covid19: Prolongation de deux semaines des mesures de restriction"},"content":{"rendered":"<p class=\"rtejustify\">Le gouvernement a d\u00e9cid\u00e9 de prolonger de deux semaines, \u00e0 compter du mardi 30 mars \u00e0 21H, les mesures de pr\u00e9caution adopt\u00e9es le 13 janvier dernier pour lutter contre le nouveau coronavirus (Covid-19).\u00a0<\/p>\n<p class=\"rtejustify\">Dans un communiqu\u00e9, le gouvernement indique cette d\u00e9cision intervient sur la base des recommandations de la Commission scientifique et technique concernant la n\u00e9cessit\u00e9 de maintenir les mesures n\u00e9cessaires pour lutter contre la propagation du coronavirus et\u00a0suite \u00e0 l\u2019apparition de nouveaux variants du virus.<\/p>\n<p class=\"rtejustify\">\u00a0<\/p>\n<p>Auteur: hgueye<br \/>\n<a href=\"https:\/\/www.leconomiste.com\/flash-infos\/covid19-prolongation-de-deux-semaines-des-mesures-de-restriction\">Cliquez ici pour lire l&rsquo;article depuis sa source.<\/a><\/p>\n","protected":false},"excerpt":{"rendered":"<p>Le gouvernement a d\u00e9cid\u00e9 de prolonger de deux semaines, \u00e0 compter du mardi 30 mars \u00e0 21H, les mesures de pr\u00e9caution adopt\u00e9es le 13 janvier dernier pour lutter contre le nouveau coronavirus (Covid-19).\u00a0 Dans un communiqu\u00e9, le gouvernement indique cette d\u00e9cision intervient sur la base des recommandations de la Commission scientifique et technique concernant la [&hellip;]<\/p>\n","protected":false},"author":1763,"featured_media":0,"comment_status":"closed","ping_status":"closed","sticky":false,"template":"","format":"standard","meta":{"fifu_image_url":"","fifu_image_alt":"","footnotes":""},"categories":[78,54],"tags":[],"class_list":["post-113917","post","type-post","status-publish","format-standard","hentry","category-economie","category-maroc"],"_links":{"self":[{"href":"https:\/\/linitiative.ca\/International\/wp-json\/wp\/v2\/posts\/113917","targetHints":{"allow":["GET"]}}],"collection":[{"href":"https:\/\/linitiative.ca\/International\/wp-json\/wp\/v2\/posts"}],"about":[{"href":"https:\/\/linitiative.ca\/International\/wp-json\/wp\/v2\/types\/post"}],"author":[{"embeddable":true,"href":"https:\/\/linitiative.ca\/International\/wp-json\/wp\/v2\/users\/1763"}],"replies":[{"embeddable":true,"href":"https:\/\/linitiative.ca\/International\/wp-json\/wp\/v2\/comments?post=113917"}],"version-history":[{"count":0,"href":"https:\/\/linitiative.ca\/International\/wp-json\/wp\/v2\/posts\/113917\/revisions"}],"wp:attachment":[{"href":"https:\/\/linitiative.ca\/International\/wp-json\/wp\/v2\/media?parent=113917"}],"wp:term":[{"taxonomy":"category","embeddable":true,"href":"https:\/\/linitiative.ca\/International\/wp-json\/wp\/v2\/categories?post=113917"},{"taxonomy":"post_tag","embeddable":true,"href":"https:\/\/linitiative.ca\/International\/wp-json\/wp\/v2\/tags?post=113917"}],"curies":[{"name":"wp","href":"https:\/\/api.w.org\/{rel}","templated":true}]}}