{"id":113918,"date":"2021-03-29T13:10:17","date_gmt":"2021-03-29T17:10:17","guid":{"rendered":"https:\/\/linitiative.ca\/International\/covid19-43-millions-de-personnes-vaccinees-124-000-en-24-h\/"},"modified":"2021-03-29T13:10:17","modified_gmt":"2021-03-29T17:10:17","slug":"covid19-43-millions-de-personnes-vaccinees-124-000-en-24-h","status":"publish","type":"post","link":"https:\/\/linitiative.ca\/International\/covid19-43-millions-de-personnes-vaccinees-124-000-en-24-h\/","title":{"rendered":"Covid19: 4,3 millions de personnes vaccin\u00e9es, 124.000 en 24 h"},"content":{"rendered":"<p class=\"rtejustify\">Un total de 97 nouveaux cas d&rsquo;infection au coronavirus et de 233 gu\u00e9risons a \u00e9t\u00e9 enregistr\u00e9 au cours des derni\u00e8res 24 heures au Maroc, a annonc\u00e9 ce lundi le minist\u00e8re de la Sant\u00e9. Le nombre des personnes qui ont \u00e9t\u00e9 vaccin\u00e9es \u00e0 ce jour (dose 1) a atteint 4.302.897, alors que 3.455.603 personnes ont re\u00e7u la deuxi\u00e8me dose du vaccin, a pr\u00e9cis\u00e9 le minist\u00e8re dans son bulletin quotidien sur la situation de la Covid-19. Le nouveau bilan porte \u00e0 494.756 le nombre total des contaminations depuis le premier cas signal\u00e9 en mars 2020, tandis que le nombre des personnes r\u00e9tablies est pass\u00e9 \u00e0 482.585, avec 233 nouvelles gu\u00e9risons recens\u00e9es en 24 heures, soit un taux de 97,5%. Au total, 4.206 nouveaux tests ont \u00e9t\u00e9 r\u00e9alis\u00e9s.<\/p>\n<p class=\"rtejustify\">Le nombre total des d\u00e9c\u00e8s est pass\u00e9 \u00e0 8.807, avec 9 d\u00e9c\u00e8s enregistr\u00e9s durant les derni\u00e8res 24 heures (taux de l\u00e9talit\u00e9 de 1,8%). Quant au nombre de cas actifs, il s&rsquo;\u00e9l\u00e8ve \u00e0 3.364, alors que les cas s\u00e9v\u00e8res ou critiques sont atteignent 428, dont 27 plac\u00e9s sous intubation. Par ailleurs, le taux d&rsquo;occupation des lits d\u00e9di\u00e9s au Covid-19 s&rsquo;\u00e9tablit \u00e013,5%.<\/p>\n<blockquote readability=\"4.75\">\n<p class=\"rtejustify\"><strong>Pour plus de d\u00e9tails, voir l&rsquo;\u00e9volution en temps r\u00e9el de l&rsquo;\u00e9pid\u00e9mie sur <a href=\"https:\/\/www.leconomiste.com\/covid19\/\">https:\/\/www.leconomiste.com\/covid19\/<\/a><\/strong><\/p>\n<\/blockquote>\n<p>Auteur: hgueye<br \/>\n<a href=\"https:\/\/www.leconomiste.com\/flash-infos\/covid19-4-3-millions-de-personnes-vaccinees-124-000-en-24-h\">Cliquez ici pour lire l&rsquo;article depuis sa source.<\/a><\/p>\n","protected":false},"excerpt":{"rendered":"<p>Un total de 97 nouveaux cas d&rsquo;infection au coronavirus et de 233 gu\u00e9risons a \u00e9t\u00e9 enregistr\u00e9 au cours des derni\u00e8res 24 heures au Maroc, a annonc\u00e9 ce lundi le minist\u00e8re de la Sant\u00e9. Le nombre des personnes qui ont \u00e9t\u00e9 vaccin\u00e9es \u00e0 ce jour (dose 1) a atteint 4.302.897, alors que 3.455.603 personnes ont re\u00e7u [&hellip;]<\/p>\n","protected":false},"author":1763,"featured_media":0,"comment_status":"closed","ping_status":"closed","sticky":false,"template":"","format":"standard","meta":{"fifu_image_url":"","fifu_image_alt":"","footnotes":""},"categories":[78,54],"tags":[],"class_list":["post-113918","post","type-post","status-publish","format-standard","hentry","category-economie","category-maroc"],"_links":{"self":[{"href":"https:\/\/linitiative.ca\/International\/wp-json\/wp\/v2\/posts\/113918","targetHints":{"allow":["GET"]}}],"collection":[{"href":"https:\/\/linitiative.ca\/International\/wp-json\/wp\/v2\/posts"}],"about":[{"href":"https:\/\/linitiative.ca\/International\/wp-json\/wp\/v2\/types\/post"}],"author":[{"embeddable":true,"href":"https:\/\/linitiative.ca\/International\/wp-json\/wp\/v2\/users\/1763"}],"replies":[{"embeddable":true,"href":"https:\/\/linitiative.ca\/International\/wp-json\/wp\/v2\/comments?post=113918"}],"version-history":[{"count":0,"href":"https:\/\/linitiative.ca\/International\/wp-json\/wp\/v2\/posts\/113918\/revisions"}],"wp:attachment":[{"href":"https:\/\/linitiative.ca\/International\/wp-json\/wp\/v2\/media?parent=113918"}],"wp:term":[{"taxonomy":"category","embeddable":true,"href":"https:\/\/linitiative.ca\/International\/wp-json\/wp\/v2\/categories?post=113918"},{"taxonomy":"post_tag","embeddable":true,"href":"https:\/\/linitiative.ca\/International\/wp-json\/wp\/v2\/tags?post=113918"}],"curies":[{"name":"wp","href":"https:\/\/api.w.org\/{rel}","templated":true}]}}