{"id":113920,"date":"2021-03-29T15:14:20","date_gmt":"2021-03-29T19:14:20","guid":{"rendered":"https:\/\/linitiative.ca\/International\/equipe-dalgerie-le-dernier-entrainement-des-verts-avant-la-rencontre-face-au-botswana\/"},"modified":"2021-03-29T15:14:20","modified_gmt":"2021-03-29T19:14:20","slug":"equipe-dalgerie-le-dernier-entrainement-des-verts-avant-la-rencontre-face-au-botswana","status":"publish","type":"post","link":"https:\/\/linitiative.ca\/International\/equipe-dalgerie-le-dernier-entrainement-des-verts-avant-la-rencontre-face-au-botswana\/","title":{"rendered":"Equipe d&rsquo;Alg\u00e9rie : Le dernier entrainement des Verts avant la rencontre face au Botswana"},"content":{"rendered":"<div readability=\"32\">\n<p>Auteur : <span class=\"time\">lundi 29 mars 2021 08:31<\/span><\/p>\n<\/div>\n<div id=\"post_core\" readability=\"44\">\n<p>Apr\u00e8s une zone mixte o\u00f9 les joueurs ont r\u00e9pondus aux questions des journalistes, Benlamri et ses co\u00e9quipiers ont pris part \u00e0 leur derni\u00e8re s\u00e9ance d&rsquo;entrainement avant d&rsquo;affronter le Botswana ce lundi \u00e0 l&rsquo;occasion de la 6\u00e8me et derni\u00e8re journ\u00e9e de la phase de qualifications pour la CAN 2021.<\/p>\n<p>Comme indiqu\u00e9 sur le site officiel de la FAF, les Verts auront au programme ce lundi 29 mars une marche d\u2019une demi-heure aux environs de 11h45 suivie d\u2019une s\u00e9ance vid\u00e9o.<\/p>\n<p>Le d\u00e9part pour le stade Mustapha Tchaker de Blida aura lieu \u00e0 17h45, juste apr\u00e8s la causerie de Djamel Belmadi.<\/p>\n<p><img decoding=\"async\" alt=\"\" src=\"http:\/\/www.faf.dz\/wp-content\/uploads\/2021\/03\/4G0A4285-750x430.jpg\" class=\"c2\"\/><\/p>\n<p><strong>Publi\u00e9 dans :<\/strong> <span>algerie<\/span><\/p>\n<\/div>\n<p>Auteur:<br \/>\n<a href=\"http:\/\/www.lebuteur.com\/article\/detail?titre=le-dernier-entrainement-des-verts-avant-la-rencontre-face-au-botswana&#038;id=99544&#038;utm_source=feedburner&#038;utm_medium=feed&#038;utm_campaign=Feed%3A+GalerieFArtciles+%28Les+derniers+articles++-+lebuteur.com%29\">Cliquez ici pour lire l&rsquo;article depuis sa source.<\/a><\/p>\n","protected":false},"excerpt":{"rendered":"<p>Auteur : lundi 29 mars 2021 08:31 Apr\u00e8s une zone mixte o\u00f9 les joueurs ont r\u00e9pondus aux questions des journalistes, Benlamri et ses co\u00e9quipiers ont pris part \u00e0 leur derni\u00e8re s\u00e9ance d&rsquo;entrainement avant d&rsquo;affronter le Botswana ce lundi \u00e0 l&rsquo;occasion de la 6\u00e8me et derni\u00e8re journ\u00e9e de la phase de qualifications pour la CAN 2021. [&hellip;]<\/p>\n","protected":false},"author":1738,"featured_media":0,"comment_status":"closed","ping_status":"closed","sticky":false,"template":"","format":"standard","meta":{"fifu_image_url":"\/\/cdn.lebuteur.com\/data\/images\/article\/thumbs\/large-le-dernier-entrainement-des-verts-avant-la-rencontre-face-au-botswana-1390d.jpg","fifu_image_alt":"Equipe d'Alg\u00e9rie : Le dernier entrainement des Verts avant la rencontre face au Botswana","footnotes":""},"categories":[53,75],"tags":[],"class_list":["post-113920","post","type-post","status-publish","format-standard","hentry","category-algerie","category-sport"],"_links":{"self":[{"href":"https:\/\/linitiative.ca\/International\/wp-json\/wp\/v2\/posts\/113920","targetHints":{"allow":["GET"]}}],"collection":[{"href":"https:\/\/linitiative.ca\/International\/wp-json\/wp\/v2\/posts"}],"about":[{"href":"https:\/\/linitiative.ca\/International\/wp-json\/wp\/v2\/types\/post"}],"author":[{"embeddable":true,"href":"https:\/\/linitiative.ca\/International\/wp-json\/wp\/v2\/users\/1738"}],"replies":[{"embeddable":true,"href":"https:\/\/linitiative.ca\/International\/wp-json\/wp\/v2\/comments?post=113920"}],"version-history":[{"count":0,"href":"https:\/\/linitiative.ca\/International\/wp-json\/wp\/v2\/posts\/113920\/revisions"}],"wp:attachment":[{"href":"https:\/\/linitiative.ca\/International\/wp-json\/wp\/v2\/media?parent=113920"}],"wp:term":[{"taxonomy":"category","embeddable":true,"href":"https:\/\/linitiative.ca\/International\/wp-json\/wp\/v2\/categories?post=113920"},{"taxonomy":"post_tag","embeddable":true,"href":"https:\/\/linitiative.ca\/International\/wp-json\/wp\/v2\/tags?post=113920"}],"curies":[{"name":"wp","href":"https:\/\/api.w.org\/{rel}","templated":true}]}}