{"id":113921,"date":"2021-03-29T15:14:22","date_gmt":"2021-03-29T19:14:22","guid":{"rendered":"https:\/\/linitiative.ca\/International\/afrique-maroc-vahid-halilhodzic-nepargne-pas-ses-joueurs\/"},"modified":"2021-03-29T15:14:22","modified_gmt":"2021-03-29T19:14:22","slug":"afrique-maroc-vahid-halilhodzic-nepargne-pas-ses-joueurs","status":"publish","type":"post","link":"https:\/\/linitiative.ca\/International\/afrique-maroc-vahid-halilhodzic-nepargne-pas-ses-joueurs\/","title":{"rendered":"Afrique : Maroc : Vahid Halilhodzic n&rsquo;\u00e9pargne pas ses joueurs"},"content":{"rendered":"<div readability=\"32\">\n<p>Auteur : <span class=\"time\">lundi 29 mars 2021 12:09<\/span><\/p>\n<\/div>\n<div id=\"post_core\" readability=\"45\">\n<p>L&rsquo;ancien s\u00e9lectionneur des Verts a ainsi d\u00e9clar\u00e9\u00a0: \u00ab\u00a0Pas mal de choses ne m\u2019ont pas plu aujourd\u2019hui. C\u2019est un groupe qui a beaucoup de qualit\u00e9 individuelle mais il va falloir avoir un jeu collectif tr\u00e8s nettement sup\u00e9rieur maintenant. La Mauritanie, au match aller (0-0) comme au retour, m\u00e9rite ses points. Ils nous ont pos\u00e9 des probl\u00e8mes. M\u00eame si \u00e0 l\u2019aller on a eu plusieurs occasions, aujourd\u2019hui on n\u2019a rien eu. Ils ont eu un engagement largement sup\u00e9rieur \u00e0 celui de mes joueurs. M\u00eame si eux jouaient la qualification. Je suis triste du visage montr\u00e9 par mes joueurs. (\u2026) Certains gars doivent montrer beaucoup plus quand ils jouent pour le Maroc, surtout sur le plan de l\u2019engagement\u00a0\u00bb. Des propos relay\u00e9s par Onzemondial.<\/p>\n<p>Les joueurs marocains sont donc attendus de pied ferme par \u00ab\u00a0coach Vahid\u00a0\u00bb face au Burundi, demain (21h). \u00a0<\/p>\n<p><strong>Publi\u00e9 dans :<\/strong> <span>Vahid Halilhodzic<\/span><\/p>\n<\/div>\n<p>Auteur:<br \/>\n<a href=\"http:\/\/www.lebuteur.com\/article\/detail?titre=maroc-vahid-halilhodzic-nepargne-pas-ses-joueurs&#038;id=99545&#038;utm_source=feedburner&#038;utm_medium=feed&#038;utm_campaign=Feed%3A+GalerieFArtciles+%28Les+derniers+articles++-+lebuteur.com%29\">Cliquez ici pour lire l&rsquo;article depuis sa source.<\/a><\/p>\n","protected":false},"excerpt":{"rendered":"<p>Auteur : lundi 29 mars 2021 12:09 L&rsquo;ancien s\u00e9lectionneur des Verts a ainsi d\u00e9clar\u00e9\u00a0: \u00ab\u00a0Pas mal de choses ne m\u2019ont pas plu aujourd\u2019hui. C\u2019est un groupe qui a beaucoup de qualit\u00e9 individuelle mais il va falloir avoir un jeu collectif tr\u00e8s nettement sup\u00e9rieur maintenant. La Mauritanie, au match aller (0-0) comme au retour, m\u00e9rite ses [&hellip;]<\/p>\n","protected":false},"author":1738,"featured_media":0,"comment_status":"closed","ping_status":"closed","sticky":false,"template":"","format":"standard","meta":{"fifu_image_url":"\/\/cdn.lebuteur.com\/data\/images\/article\/thumbs\/large-maroc-vahid-halilhodzic-nepargne-pas-ses-joueurs-e5a77.jpg","fifu_image_alt":"Afrique : Maroc : Vahid Halilhodzic n'\u00e9pargne pas ses joueurs","footnotes":""},"categories":[53,75],"tags":[],"class_list":["post-113921","post","type-post","status-publish","format-standard","hentry","category-algerie","category-sport"],"_links":{"self":[{"href":"https:\/\/linitiative.ca\/International\/wp-json\/wp\/v2\/posts\/113921","targetHints":{"allow":["GET"]}}],"collection":[{"href":"https:\/\/linitiative.ca\/International\/wp-json\/wp\/v2\/posts"}],"about":[{"href":"https:\/\/linitiative.ca\/International\/wp-json\/wp\/v2\/types\/post"}],"author":[{"embeddable":true,"href":"https:\/\/linitiative.ca\/International\/wp-json\/wp\/v2\/users\/1738"}],"replies":[{"embeddable":true,"href":"https:\/\/linitiative.ca\/International\/wp-json\/wp\/v2\/comments?post=113921"}],"version-history":[{"count":0,"href":"https:\/\/linitiative.ca\/International\/wp-json\/wp\/v2\/posts\/113921\/revisions"}],"wp:attachment":[{"href":"https:\/\/linitiative.ca\/International\/wp-json\/wp\/v2\/media?parent=113921"}],"wp:term":[{"taxonomy":"category","embeddable":true,"href":"https:\/\/linitiative.ca\/International\/wp-json\/wp\/v2\/categories?post=113921"},{"taxonomy":"post_tag","embeddable":true,"href":"https:\/\/linitiative.ca\/International\/wp-json\/wp\/v2\/tags?post=113921"}],"curies":[{"name":"wp","href":"https:\/\/api.w.org\/{rel}","templated":true}]}}