{"id":113924,"date":"2021-03-29T10:15:00","date_gmt":"2021-03-29T14:15:00","guid":{"rendered":"https:\/\/linitiative.ca\/International\/dalenda-largueche-des-questions-a-abir-moussi\/"},"modified":"2021-03-29T10:15:00","modified_gmt":"2021-03-29T14:15:00","slug":"dalenda-largueche-des-questions-a-abir-moussi","status":"publish","type":"post","link":"https:\/\/linitiative.ca\/International\/dalenda-largueche-des-questions-a-abir-moussi\/","title":{"rendered":"Dalenda Largu\u00e8che: Des questions \u00e0 Abir Moussi"},"content":{"rendered":"<p>L\u2019affirmation d\u2019un leadership f\u00e9minin repr\u00e9sent\u00e9 par Abir Moussi ne me laisse pas indiff\u00e9rente. Cette \u00e9mergence remarquable ne peut \u00eatre d\u00e9tach\u00e9e de la longue marche de l\u2019\u00e9mancipation de la femme tunisienne depuis la r\u00e9volution soci\u00e9tale enclench\u00e9e par le Code du Statut Personnel, aujourd\u2019hui incrust\u00e9 dans l\u2019\u00eatre social tunisien.<\/p>\n<p>Les succ\u00e8s politiques et m\u00e9diatiques du PDL et de son leader Abir Moussi sont incontestables.<\/p>\n<p>En l\u2019espace de quelques mois, nous avons vu ses scores grimper dans les sondages, plafonner et m\u00eame doubler ceux de ses adversaires, notamment ceux d\u2019Ennahdha qui d\u00e9gringolent de jour en jour apr\u00e8s avoir plomber la sc\u00e8ne politique.<br \/>Une strat\u00e9gie faite de luttes frontales, de terrain en terrain, un discours particuli\u00e8rement cliv\u00e9, farouchement accusateur, d\u00e9fendant l\u2019Etat-National et ses acquis modernistes\u2026 et finalement, la \u00ab symphonie \u00bb, quelles que soient ses formes, accroche et mobilise dans plus d\u2019un milieu, y compris parmi les intellectuels et les franges lib\u00e9rales, habituellement sceptiques et frileuses,.<\/p>\n<p>Rares, sont ceux aujourd\u2019hui, en dehors de ses adversaires d\u00e9clar\u00e9s, qui la r\u00e9duisent \u00e0 une simple incarnation de l\u2019ancien r\u00e9gime. Des intellectuels, des figures du monde de la culture sont m\u00eame s\u00e9duits, le dernier en date Raja Farhat, vient d\u2019affirmer ouvertement qu\u2019elle est la digne h\u00e9riti\u00e8re du bourguibisme des lumi\u00e8res.<br \/>Mais un chef politique qui se projette dans l\u2019avenir proche et qui ambitionne de jouer des r\u00f4les de premier plan se doit aussi de clarifier, d\u2019expliquer et de rassurer, non seulement ses propres partisanes et partisans, mais bien au del\u00e0, tous les milieux, toutes sensibilit\u00e9s confondues.<\/p>\n<p><span class=\"c2\"><strong>Femmes, \u00e9galit\u00e9, qu\u2019en pensez-vous?<\/strong><\/span><\/p>\n<p>Une question interpelle particuli\u00e8rement les femmes et principalement, celles qui ont milit\u00e9 depuis des d\u00e9cennies pour la concr\u00e9tisation de l\u2019\u00e9galit\u00e9 entre les hommes et les femmes. Les articles 21 et 46 de la Constitution, consacrant les principes d\u2019\u00e9galit\u00e9 et de la parit\u00e9, ont \u00e9t\u00e9 durement n\u00e9goci\u00e9s et rudement arrach\u00e9s aux r\u00e9sistances des islamo-conservateurs r\u00e9gnant \u00e0 la Constituante.<\/p>\n<p>Beaucoup ont appr\u00e9ci\u00e9 la derni\u00e8re initiative du groupe parlementaire du PDL demandant \u00e0 l\u2019ARP d\u2019adopter le principe de la parit\u00e9 dans la composition de la Cour Constitutionnelle. Mais cela devrait \u00eatre le point de d\u00e9part d\u2019une clarification programmatique approfondie sur ces questions cl\u00e9s. Une interaction continue avec les femmes qui ont port\u00e9 haut la revendication de l\u2019\u00e9galit\u00e9 et de la parit\u00e9 et d\u00e9velopp\u00e9 arguments \u00e0 l\u2019appui les raisons objectives qui font que la soci\u00e9t\u00e9 tunisienne est m\u00fbre pour une telle avanc\u00e9e en conformit\u00e9 avec le texte et l\u2019esprit de la Constitution et les valeurs universelles d\u2019\u00e9galit\u00e9 auxquelles nous adh\u00e9rons, est n\u00e9cessaire.<\/p>\n<p><span class=\"c2\"><strong>Libert\u00e9 et droits, ou Etat h\u00e9g\u00e9monique<\/strong><\/span><\/p>\n<p>Dans son dernier discours \u00e0 Sfax, Abir Moussi n\u2019a pas manqu\u00e9 de rappeler aussi que son parti respectera vigoureusement les libert\u00e9s fondamentales dans le cadre de l\u2019Etat de droit qu\u2019elle promet de restaurer.<br \/>Oui, la d\u00e9mocratie a besoin de femmes et de libert\u00e9s. Mais les libert\u00e9s ne peuvent se suffire \u00e0 des d\u00e9clarations solennelles, ni \u00e0 des \u00e9nonciations de principe. La foi en la libert\u00e9 se d\u00e9cline en d\u00e9bat ouvert avec tous les corps interm\u00e9diaires de la soci\u00e9t\u00e9, en une praxis de la libert\u00e9 qui n\u2019attend point le jour de la victoire pour s\u2019\u00e9panouir.<\/p>\n<p>Mme Abir Moussi, vous avez lanc\u00e9 un appel national : Celui de la R\u00e9volution des Lumi\u00e8res (Thawrat Ettanwir) et des dizaines de milliers de citoyennes et citoyens l\u2019ont sign\u00e9 par conviction. C\u2019est autour de chaque point et de chaque principe \u00e9nonc\u00e9 dans ce manifeste que le d\u00e9bat devrait se d\u00e9rouler de mani\u00e8re organis\u00e9e et ordonn\u00e9e pour permettre \u00e0 chacun d\u2019avancer en sachant quels sont ses droits et ses devoirs. Nous voulons tous un Etat de droit qui prot\u00e8ge les libert\u00e9s et les droits citoyens, mais non d\u2019un Etat qui \u00e9crase la soci\u00e9t\u00e9 au nom du droit.<\/p>\n<p>La soci\u00e9t\u00e9 a surv\u00e9cu au paternalisme \u00ab \u00e9touffant \u00bb ; elle n\u2019est pas pr\u00eate \u00e0 le remplacer par un maternalisme \u00ab protecteur \u00bb ; elle veut tout simplement s\u2019\u00e9manciper et apprendre a se d\u00e9fendre ; elle est adulte et citoyenne.<\/p>\n<p><span class=\"c2\"><strong>L\u2019\u00e9conomie est trop importante pour la laisser entre les seules mains des experts<\/strong><\/span><\/p>\n<p>Vous avez \u00e9galement \u00e9voqu\u00e9 \u00e0 maintes reprises le programme \u00e9conomique et social du PDL, \u00e9labor\u00e9 par le concours de dizaines d\u2019experts, et je vous crois. Mais l\u00e0 aussi, autant la rigueur des experts est n\u00e9cessaire, autant elle est insuffisante. La jeunesse instruite, la soci\u00e9t\u00e9 civile, y compris celle f\u00e9minine, devrait participer \u00e0 l\u2019\u00e9laboration de ses programmes d\u2019avenir. Une nouvelle \u00e9conomie, celle sociale et solidaire est vivement demand\u00e9e par les classes laborieuses, les artisans, les agriculteurs, les petits commer\u00e7ants.<\/p>\n<p>Les femmes ne s\u2019\u00e9mancipent durablement que par l\u2019affirmation de leur autonomie \u00e9conomique parall\u00e8lement \u00e0 leur lib\u00e9ration sociale.<\/p>\n<p>Certes, nous ne r\u00eavons plus de l\u2019Etat-providence des ann\u00e9es 1960, mais nous revendiquons l\u2019Etat social qui r\u00e9ponde aux besoins du d\u00e9veloppement \u00e9quitable et qui redonne le gout de la planification et de l\u2019effort \u00e0 toute la soci\u00e9t\u00e9.<\/p>\n<p>Vous avez annonc\u00e9 votre adh\u00e9sion totale \u00e0 la r\u00e9volution du num\u00e9rique et c\u2019est gr\u00e2ce \u00e0 elle que votre parole d\u00e9fie toute censure et atteint chaque foyer. Usez de cette technologie pour d\u00e9battre avec les Tunisiens et les Tunisiennes de leurs attentes et de leur avenir.<\/p>\n<p>Un d\u00e9bat national continu sur tous les aspects de notre existence et de nos angoisses s\u2019impose dans l\u2019imm\u00e9diat. Ouvrez les tribunes pour interagir entre vous, vos lieutenants avec tous.<\/p>\n<p>Les meetings sont utiles et n\u00e9cessaires, mais la proximit\u00e9 physique gagne \u00e0 \u00eatre relay\u00e9e par une proximit\u00e9 \u00e9largie : celle qu\u2019offre la r\u00e9volution num\u00e9rique. L\u2019espace virtuel est devenu un condens\u00e9 \u00e9largi de l\u2019espace public.<\/p>\n<p>L\u2019avenir sera \u00e0 vous si vous le balisez avec tous, parce qu\u2019il s\u2019agit de notre avenir commun.<\/p>\n<p>Pour sauver la Tunisie des dangers mena\u00e7ants, un projet national et alternatif se construit sur une base de convergence entre des forces nationales plurielles et multiples.<\/p>\n<p class=\"c4\"><strong>Dalenda Largu\u00e8che<\/strong><br \/><span class=\"c3\"><em>Historienne<br \/>D\u00e9mocrate F\u00e9ministe<\/em><\/span><\/p>\n<p>Auteur:<br \/>\n<a href=\"https:\/\/www.leaders.com.tn\/article\/31634-dalenda-largueche-des-questions-a-abir-moussi\">Cliquez ici pour lire l&rsquo;article depuis sa source.<\/a><\/p>\n","protected":false},"excerpt":{"rendered":"<p>L\u2019affirmation d\u2019un leadership f\u00e9minin repr\u00e9sent\u00e9 par Abir Moussi ne me laisse pas indiff\u00e9rente. Cette \u00e9mergence remarquable ne peut \u00eatre d\u00e9tach\u00e9e de la longue marche de l\u2019\u00e9mancipation de la femme tunisienne depuis la r\u00e9volution soci\u00e9tale enclench\u00e9e par le Code du Statut Personnel, aujourd\u2019hui incrust\u00e9 dans l\u2019\u00eatre social tunisien. Les succ\u00e8s politiques et m\u00e9diatiques du PDL et [&hellip;]<\/p>\n","protected":false},"author":1772,"featured_media":0,"comment_status":"closed","ping_status":"closed","sticky":false,"template":"","format":"standard","meta":{"fifu_image_url":"","fifu_image_alt":"","footnotes":""},"categories":[73,55],"tags":[],"class_list":["post-113924","post","type-post","status-publish","format-standard","hentry","category-actualite","category-tunisie"],"_links":{"self":[{"href":"https:\/\/linitiative.ca\/International\/wp-json\/wp\/v2\/posts\/113924","targetHints":{"allow":["GET"]}}],"collection":[{"href":"https:\/\/linitiative.ca\/International\/wp-json\/wp\/v2\/posts"}],"about":[{"href":"https:\/\/linitiative.ca\/International\/wp-json\/wp\/v2\/types\/post"}],"author":[{"embeddable":true,"href":"https:\/\/linitiative.ca\/International\/wp-json\/wp\/v2\/users\/1772"}],"replies":[{"embeddable":true,"href":"https:\/\/linitiative.ca\/International\/wp-json\/wp\/v2\/comments?post=113924"}],"version-history":[{"count":0,"href":"https:\/\/linitiative.ca\/International\/wp-json\/wp\/v2\/posts\/113924\/revisions"}],"wp:attachment":[{"href":"https:\/\/linitiative.ca\/International\/wp-json\/wp\/v2\/media?parent=113924"}],"wp:term":[{"taxonomy":"category","embeddable":true,"href":"https:\/\/linitiative.ca\/International\/wp-json\/wp\/v2\/categories?post=113924"},{"taxonomy":"post_tag","embeddable":true,"href":"https:\/\/linitiative.ca\/International\/wp-json\/wp\/v2\/tags?post=113924"}],"curies":[{"name":"wp","href":"https:\/\/api.w.org\/{rel}","templated":true}]}}