{"id":113925,"date":"2021-03-29T12:52:00","date_gmt":"2021-03-29T16:52:00","guid":{"rendered":"https:\/\/linitiative.ca\/International\/le-2eme-tech-trends-by-tt-au-rendez-vous-la-digitalisation-vecteur-de-croissance-des-pme\/"},"modified":"2021-03-29T12:52:00","modified_gmt":"2021-03-29T16:52:00","slug":"le-2eme-tech-trends-by-tt-au-rendez-vous-la-digitalisation-vecteur-de-croissance-des-pme","status":"publish","type":"post","link":"https:\/\/linitiative.ca\/International\/le-2eme-tech-trends-by-tt-au-rendez-vous-la-digitalisation-vecteur-de-croissance-des-pme\/","title":{"rendered":"Le 2\u00e8me Tech Trends by TT au rendez-vous : \u00abla digitalisation : vecteur de croissance des PME\u00bb"},"content":{"rendered":"<p>Tech Trends revient pour une deuxi\u00e8me \u00e9dition sous le th\u00e8me la digitalisation : vecteur de croissance des PME.\u00a0<\/p>\n<p>Le Webinaire sera diffus\u00e9 le Mercredi 31 Mars \u00e0 15h30 sur les\u00a0 pages\u00a0 officielles\u00a0 de\u00a0 Tunisie\u00a0 Telecom\u00a0 sur\u00a0 Facebook\u00a0 et sur LinkedIn ainsi que sur les ondes de Radio Express FM.<\/p>\n<p>La situation actuelle nous l\u2019a bien prouv\u00e9 : la digitalisation est le must have des entreprises, et cette \u00e9dition va vous \u00e9clairer sur la n\u00e9cessit\u00e9 d\u2019opter pour la digitalisation de votre entreprise et comment piloter ce changement.<\/p>\n<p>D\u00e9couvrez lors de ce rendez-vous en quoi la digitalisation des PME est indispensable pour la croissance de votre PME? Comment se construit la digitalisation des PME sous d&rsquo;autres cieux ? Quels sont les attentes du client des PME sur le digital ?<\/p>\n<p>Au rendez de ce 2\u00e8me webinaire, un panel d\u2019experts de haut niveau, avec des t\u00e9moignage d\u2019entreprises nationales sur les freins et les forces de la digitalisation, des success stories de PME tunisiennes, un \u00e9clairage sur le r\u00f4le central de Tunisie Telecom dans l\u2019\u00e9cosyst\u00e8me entrepreneurial \u00e0 travers les solutions qu\u2019elle propose, et en pr\u00e9sence d\u2019un expert international en conseil en strat\u00e9gie pour pr\u00e9senter un benchmark des PME \u00e0 l\u2019\u00e9chelle internationale.<br \/>Alors, n&rsquo;attendez plus pour vous inscrire sur https:\/\/techtrendsbytt.tn\/ et\u00a0 via les\u00a0 pages\u00a0 officielles\u00a0 de\u00a0 Tunisie\u00a0 Telecom\u00a0 sur\u00a0 Facebook\u00a0 et sur LinkedIn .<\/p>\n<p>Auteur:<br \/>\n<a href=\"https:\/\/www.leaders.com.tn\/article\/31635-le-2eme-tech-trends-by-tt-au-rendez-vous-la-digitalisation-vecteur-de-croissance-des-pme\">Cliquez ici pour lire l&rsquo;article depuis sa source.<\/a><\/p>\n","protected":false},"excerpt":{"rendered":"<p>Tech Trends revient pour une deuxi\u00e8me \u00e9dition sous le th\u00e8me la digitalisation : vecteur de croissance des PME.\u00a0 Le Webinaire sera diffus\u00e9 le Mercredi 31 Mars \u00e0 15h30 sur les\u00a0 pages\u00a0 officielles\u00a0 de\u00a0 Tunisie\u00a0 Telecom\u00a0 sur\u00a0 Facebook\u00a0 et sur LinkedIn ainsi que sur les ondes de Radio Express FM. La situation actuelle nous l\u2019a bien [&hellip;]<\/p>\n","protected":false},"author":1772,"featured_media":0,"comment_status":"closed","ping_status":"closed","sticky":false,"template":"","format":"standard","meta":{"fifu_image_url":"","fifu_image_alt":"","footnotes":""},"categories":[73,55],"tags":[],"class_list":["post-113925","post","type-post","status-publish","format-standard","hentry","category-actualite","category-tunisie"],"_links":{"self":[{"href":"https:\/\/linitiative.ca\/International\/wp-json\/wp\/v2\/posts\/113925","targetHints":{"allow":["GET"]}}],"collection":[{"href":"https:\/\/linitiative.ca\/International\/wp-json\/wp\/v2\/posts"}],"about":[{"href":"https:\/\/linitiative.ca\/International\/wp-json\/wp\/v2\/types\/post"}],"author":[{"embeddable":true,"href":"https:\/\/linitiative.ca\/International\/wp-json\/wp\/v2\/users\/1772"}],"replies":[{"embeddable":true,"href":"https:\/\/linitiative.ca\/International\/wp-json\/wp\/v2\/comments?post=113925"}],"version-history":[{"count":0,"href":"https:\/\/linitiative.ca\/International\/wp-json\/wp\/v2\/posts\/113925\/revisions"}],"wp:attachment":[{"href":"https:\/\/linitiative.ca\/International\/wp-json\/wp\/v2\/media?parent=113925"}],"wp:term":[{"taxonomy":"category","embeddable":true,"href":"https:\/\/linitiative.ca\/International\/wp-json\/wp\/v2\/categories?post=113925"},{"taxonomy":"post_tag","embeddable":true,"href":"https:\/\/linitiative.ca\/International\/wp-json\/wp\/v2\/tags?post=113925"}],"curies":[{"name":"wp","href":"https:\/\/api.w.org\/{rel}","templated":true}]}}