{"id":113926,"date":"2021-03-29T13:26:00","date_gmt":"2021-03-29T17:26:00","guid":{"rendered":"https:\/\/linitiative.ca\/International\/tunisie-la-politique-de-deux-poids-deux-mesures\/"},"modified":"2021-03-29T13:26:00","modified_gmt":"2021-03-29T17:26:00","slug":"tunisie-la-politique-de-deux-poids-deux-mesures","status":"publish","type":"post","link":"https:\/\/linitiative.ca\/International\/tunisie-la-politique-de-deux-poids-deux-mesures\/","title":{"rendered":"Tunisie: La politique de deux poids deux mesures"},"content":{"rendered":"<p><img decoding=\"async\" src=\"\/uploads\/FCK_files\/Abdelkader-Maalej-min(3).jpg\" width=\"20%\" vspace=\"5\" hspace=\"5\" align=\"left\" alt=\"\"\/>Moult fois interrog\u00e9 sur la fa\u00e7on dont le gouvernement r\u00e9agira aux organisateurs des sit ins, qui ferment les vannes de p\u00e9trole ou emp\u00eachent les ouvriers de la compagnie de phosphate de travailler, le chef du gouvernement a toujours r\u00e9pondu de mani\u00e8re lapidaire :\u00a0\u00bb nous allons\u00a0 appliquer la loi\u00a0\u00bb. Mais le gouvernement a-t-il vraiment appliqu\u00e9 cette r\u00e8gle dans tous les cas et plus pr\u00e9cis\u00e9ment a-til recouru \u00e0 l\u2019usage de la force pour mater les perturbateurs de l\u2019ordre public ? La r\u00e9ponse est malheureusement non ou au moins pas toujours.<\/p>\n<p>Contre les nombreux sitinneurs de Gafsa le gouvernement n\u2019a presque rien fait pour arr\u00eater l\u2019h\u00e9morragie qui a co\u00fbt\u00e9 tr\u00e8s tr\u00e8s cher \u00e0 l\u2019\u00e9conomie tunisienne et la compagnie Sfax-Gafsa est aujourd\u2019hui au bord de la faillite, n-arrivant pas \u00e0 payer les salaires de ses ouvriers. La Tunisie qui \u00e9tait l\u2019un des plus grands exportateurs mondiaux de phosphate fut oblig\u00e9e d\u2019importer des quantit\u00e9s de ce produit pour r\u00e9pondre aux besoins du complexe chimique de Gabes et naturellement nous avons perdu presque tous les march\u00e9s \u00e9trangers. Et m\u00eame s\u2019il y a reprise dede la production de phosphates comme cela parait \u00eatre le cas il sera tr\u00e8s difficile de r\u00e9cup\u00e9rer les march\u00e9s perdus.<\/p>\n<p>Au Kamour la situation \u00e9tait \u00e9galement catastrophique. Impuissant, le gouvernement n\u2019a rien pu faire non plus pour emp\u00eacher la fermeture des vannes de p\u00e9trole par des malfrats qui n&rsquo;avaient aucun sens civique. Certes, la responsabilit\u00e9 incombait au gouvernement pr\u00e9c\u00e9dent qui avait sign\u00e9 avec les insurg\u00e9s des accords qu\u2019il savait impossibles \u00e0 appliquer. Afin de trouver une solution \u00e0 ce diff\u00e9rend, le gouvernement de Mechichi d\u00e9p\u00eacha sur place une\u00a0 d\u00e9l\u00e9gation gouvernementale pour engager des n\u00e9gociations avec ce qu\u2019on a appel\u00e9 comit\u00e9 de coordination qui n\u2019avait aucun caract\u00e8re l\u00e9gal.<\/p>\n<p>Au bout de plusieurs semaines de dures n\u00e9gociations les deux parties semblent\u00a0 \u00eatre arriv\u00e9es \u00e0 un accord bancal qui risque d&rsquo;un moment \u00e0 l&rsquo;autre de s&rsquo;\u00e9crouler.<\/p>\n<p>Quid maintenant des autres sit ins pacifiques\u00a0 qui ont \u00e9t\u00e9 organis\u00e9s par des organisations ou groupuscules qui ne constituent aucun danger pour le pays et son \u00e9conomie. Nous allons nous limiter \u00e0 deux cas.<\/p>\n<p>Le premier cas concerne la r\u00e9action outranci\u00e8rement\u00a0 brutale contre le sit in entrepris par le PDL bien que\u00a0 l\u00e9gal puisqu\u2019il a \u00e9t\u00e9 autoris\u00e9 par les autorit\u00e9s,\u00a0 organis\u00e9 devant le si\u00e8ge de l\u2019association des ul\u00e9mas musulmans dont la pr\u00e9sence en Tunisie est illicite, selon la constitution de 2014\u00a0 mais qui est\u00a0 malheureusement parrain\u00e9e par Ennahdha<\/p>\n<p>Le duxi\u00e8me est relatif \u00e0 la r\u00e9pression brutale du sit in organis\u00e9 par des docteurs et des chercheurs qui constituent une partie importante de l\u2019\u00e9lite tunisienne qui pense de plus en plus \u00e0 l\u2019exode vers d\u2019autres cieux et dont les protestations n\u2019impliquent aucun danger pour la Tunisie.<\/p>\n<p>Quelle honte ? Est-ce cela la d\u00e9mocratie ?<\/p>\n<p class=\"c2\"><strong>Abdelkader Maalej<\/strong><br \/>\u00a0<\/p>\n<p>Auteur:<br \/>\n<a href=\"https:\/\/www.leaders.com.tn\/article\/31636-tunisie-la-politique-de-deux-poids-deux-mesures\">Cliquez ici pour lire l&rsquo;article depuis sa source.<\/a><\/p>\n","protected":false},"excerpt":{"rendered":"<p>Moult fois interrog\u00e9 sur la fa\u00e7on dont le gouvernement r\u00e9agira aux organisateurs des sit ins, qui ferment les vannes de p\u00e9trole ou emp\u00eachent les ouvriers de la compagnie de phosphate de travailler, le chef du gouvernement a toujours r\u00e9pondu de mani\u00e8re lapidaire :\u00a0\u00bb nous allons\u00a0 appliquer la loi\u00a0\u00bb. Mais le gouvernement a-t-il vraiment appliqu\u00e9 cette [&hellip;]<\/p>\n","protected":false},"author":1772,"featured_media":0,"comment_status":"closed","ping_status":"closed","sticky":false,"template":"","format":"standard","meta":{"fifu_image_url":"\/uploads\/FCK_files\/Abdelkader-Maalej-min(3).jpg","fifu_image_alt":"Tunisie: La politique de deux poids deux mesures","footnotes":""},"categories":[73,55],"tags":[],"class_list":["post-113926","post","type-post","status-publish","format-standard","hentry","category-actualite","category-tunisie"],"_links":{"self":[{"href":"https:\/\/linitiative.ca\/International\/wp-json\/wp\/v2\/posts\/113926","targetHints":{"allow":["GET"]}}],"collection":[{"href":"https:\/\/linitiative.ca\/International\/wp-json\/wp\/v2\/posts"}],"about":[{"href":"https:\/\/linitiative.ca\/International\/wp-json\/wp\/v2\/types\/post"}],"author":[{"embeddable":true,"href":"https:\/\/linitiative.ca\/International\/wp-json\/wp\/v2\/users\/1772"}],"replies":[{"embeddable":true,"href":"https:\/\/linitiative.ca\/International\/wp-json\/wp\/v2\/comments?post=113926"}],"version-history":[{"count":0,"href":"https:\/\/linitiative.ca\/International\/wp-json\/wp\/v2\/posts\/113926\/revisions"}],"wp:attachment":[{"href":"https:\/\/linitiative.ca\/International\/wp-json\/wp\/v2\/media?parent=113926"}],"wp:term":[{"taxonomy":"category","embeddable":true,"href":"https:\/\/linitiative.ca\/International\/wp-json\/wp\/v2\/categories?post=113926"},{"taxonomy":"post_tag","embeddable":true,"href":"https:\/\/linitiative.ca\/International\/wp-json\/wp\/v2\/tags?post=113926"}],"curies":[{"name":"wp","href":"https:\/\/api.w.org\/{rel}","templated":true}]}}