{"id":113931,"date":"2021-03-29T06:00:00","date_gmt":"2021-03-29T10:00:00","guid":{"rendered":"https:\/\/linitiative.ca\/International\/partager-des-verites-peu-flatteuses\/"},"modified":"2021-03-29T06:00:00","modified_gmt":"2021-03-29T10:00:00","slug":"partager-des-verites-peu-flatteuses","status":"publish","type":"post","link":"https:\/\/linitiative.ca\/International\/partager-des-verites-peu-flatteuses\/","title":{"rendered":"Partager des v\u00e9rit\u00e9s peu flatteuses !"},"content":{"rendered":"<p class=\"c3\">Aujourd\u2019hui, j\u2019avais envie de lever le pied sur la corruption, la pand\u00e9mie, le vaccin, les populations auxquelles les doses import\u00e9es sont destin\u00e9es, mais, surtout, \u00e0 qui elles profitent en v\u00e9rit\u00e9. Un peu de l\u00e9g\u00e8ret\u00e9 pour oublier les contraintes qui p\u00e8sent sur le moral. Je ne savais plus dans quel dossier j\u2019avais rang\u00e9 ce courrier que je me souviens m\u2019\u00eatre promis de partager un matin. Je pensais l\u2019avoir \u00e9gar\u00e9 dans une mauvaise manipulation et voil\u00e0 que je retombe dessus. Il remonte \u00e0 cette ann\u00e9e o\u00f9 j\u2019avais parl\u00e9 de restaurants dignes du nom en regrettant qu\u2019au c\u0153ur de la capitale, \u00e0 Alger-Centre, les gargotes aient enterr\u00e9 le plaisir d\u2019aller d\u00e9jeuner ou d\u00eener \u00e0 pied et m\u00eame d\u2019avoir l\u2019embarras du choix. Le billet o\u00f9 je d\u00e9crivais ce malaise que nous sommes pas mal nombreuses et nombreux \u00e0 ressentir portait pour titre \u00abGargotes et chawarma\u00bb. Voici l\u2019un des nombreux courriers re\u00e7us en r\u00e9action \u00e0 la chronique d\u2019alors. L\u2019anecdote qu\u2019il partage ne\u00a0 manque pas de saveur !<br \/>\u00abC\u2019est un soulagement que l\u2019on ressent quand on a la m\u00eame vision des choses et de la vie avec autrui. \u2018\u2018Gargotes et chawarma\u2019\u2019 m\u2019a fait remonter le temps de cet Alger d\u2019avant l\u2019ind\u00e9pendance, alors que j\u2019\u00e9tais lyc\u00e9en. Alger la Blanche m\u00e9ritait bien son nom et \u00e0 ce propos, je me souviens d\u2019une discussion, qui m\u2019a \u00e9t\u00e9 rapport\u00e9e, entre deux personnalit\u00e9s, aujourd\u2019hui d\u00e9funtes, que la paix soit sur elles. Il s\u2019agit du Professeur en m\u00e9decine\u00a0 Bachir Mentouri et de l\u2019ex- ministre M. Boualem Bessaih alors ambassadeur au Caire. C\u2019\u00e9tait tout juste apr\u00e8s l\u2019ind\u00e9pendance de notre pays.\u00a0<br \/>M. Mentouri visitait Le Caire pour la premi\u00e8re fois aux c\u00f4t\u00e9s de M. Bessaih, et \u00e0 mesure que le v\u00e9hicule se faufilait \u00e0 travers les ruelles de la capitale \u00e9gyptienne, M. Mentouri \u00e9tait de plus en plus abasourdi. Il finit par exprimer son grand \u00e9tonnement : \u2018\u2019C\u2019est \u00e7a le Caire ?\u2019\u2019 Et B. Bessaih de r\u00e9pondre : \u2018\u2019Eh oui ! Oh ! dans quelques ann\u00e9es, Alger ressemblera beaucoup au Caire.\u2019\u2019\u00a0\u00a0<br \/>B. Mentouri : \u2018\u2018Ah\u00a0 non !\u2019\u2019\u00a0<br \/>B. Bessaih :\u00a0 \u2018\u2019Mais si, Bachir ! Dis-moi qui est maire d\u2019Alger aujourd\u2019hui ?\u2019\u2019\u00a0\u00a0<br \/>B. Mentouri :\u00a0 \u2018\u2019Mais tu le sais. C\u2019est moi !\u2019\u2019\u00a0<br \/>B. Bessaih :\u00a0 \u2018\u2019Et dans quelques ann\u00e9es, qui le sera ?\u2019\u2019\u00bb<br \/><em><strong>M. B.<\/strong><\/em><\/p>\n<p>Auteur:<br \/>\n<a href=\"https:\/\/www.lesoirdalgerie.com\/soit-dit-en-passant\/partager-des-verites-peu-flatteuses-58650\">Cliquez ici pour lire l&rsquo;article depuis sa source.<\/a><\/p>\n","protected":false},"excerpt":{"rendered":"<p>Aujourd\u2019hui, j\u2019avais envie de lever le pied sur la corruption, la pand\u00e9mie, le vaccin, les populations auxquelles les doses import\u00e9es sont destin\u00e9es, mais, surtout, \u00e0 qui elles profitent en v\u00e9rit\u00e9. Un peu de l\u00e9g\u00e8ret\u00e9 pour oublier les contraintes qui p\u00e8sent sur le moral. Je ne savais plus dans quel dossier j\u2019avais rang\u00e9 ce courrier que [&hellip;]<\/p>\n","protected":false},"author":1741,"featured_media":0,"comment_status":"closed","ping_status":"closed","sticky":false,"template":"","format":"standard","meta":{"fifu_image_url":"","fifu_image_alt":"","footnotes":""},"categories":[73,53],"tags":[],"class_list":["post-113931","post","type-post","status-publish","format-standard","hentry","category-actualite","category-algerie"],"_links":{"self":[{"href":"https:\/\/linitiative.ca\/International\/wp-json\/wp\/v2\/posts\/113931","targetHints":{"allow":["GET"]}}],"collection":[{"href":"https:\/\/linitiative.ca\/International\/wp-json\/wp\/v2\/posts"}],"about":[{"href":"https:\/\/linitiative.ca\/International\/wp-json\/wp\/v2\/types\/post"}],"author":[{"embeddable":true,"href":"https:\/\/linitiative.ca\/International\/wp-json\/wp\/v2\/users\/1741"}],"replies":[{"embeddable":true,"href":"https:\/\/linitiative.ca\/International\/wp-json\/wp\/v2\/comments?post=113931"}],"version-history":[{"count":0,"href":"https:\/\/linitiative.ca\/International\/wp-json\/wp\/v2\/posts\/113931\/revisions"}],"wp:attachment":[{"href":"https:\/\/linitiative.ca\/International\/wp-json\/wp\/v2\/media?parent=113931"}],"wp:term":[{"taxonomy":"category","embeddable":true,"href":"https:\/\/linitiative.ca\/International\/wp-json\/wp\/v2\/categories?post=113931"},{"taxonomy":"post_tag","embeddable":true,"href":"https:\/\/linitiative.ca\/International\/wp-json\/wp\/v2\/tags?post=113931"}],"curies":[{"name":"wp","href":"https:\/\/api.w.org\/{rel}","templated":true}]}}