{"id":113933,"date":"2021-03-29T14:45:00","date_gmt":"2021-03-29T18:45:00","guid":{"rendered":"https:\/\/linitiative.ca\/International\/linformation-victime-du-covid\/"},"modified":"2021-03-29T14:45:00","modified_gmt":"2021-03-29T18:45:00","slug":"linformation-victime-du-covid","status":"publish","type":"post","link":"https:\/\/linitiative.ca\/International\/linformation-victime-du-covid\/","title":{"rendered":"L\u2019information victime du Covid"},"content":{"rendered":"<p><strong>La pand\u00e9mie prend toutes\u00a0 les lumi\u00e8res. Entre les succ\u00e8s et le retard de la vaccination, les ravages des variants, les diff\u00e9rences des mesures sanitaires, les m\u00e9dias sont emprisonn\u00e9s dans un sujet, tr\u00e8s fluctuant et qui ne r\u00e9pond qu\u2019\u00e0 l\u2019angoisse sanitaire pr\u00e9gnante en Occident.<\/strong><\/p>\n<div class=\"c10\">\n<\/div>\n<p>Pourtant, il y a d\u2019autres nouvelles, tout aussi importantes pour l\u2019ordre international. La guerre du Y\u00e9men, avec la crise sanitaire qu\u2019elle provoque, est un vrai sujet. L\u2019offre de paix de l\u2019Arabie Saoudite est une reconnaissance de la d\u00e9faite. Ils avaient promis d\u2019\u00e9liminer les Houtis en six mois, ils veulent une paix apr\u00e8s sept ans de guerre. En Syrie, l\u2019espoir d\u2019une paix civile est une illusion et les participants \u00e9trangers \u00e0 cette guerre se foutent all\u00e8grement de la situation humanitaire.<\/p>\n<p><strong>Lire aussi| <a href=\"https:\/\/www.challenge.ma\/moulay-hafid-elalamy-le-maroc-est-en-train-de-devenir-le-pays-le-plus-competitif-au-monde-dans-la-production-automobile-179862\/\">Moulay Hafid Elalamy : \u00ab Le Maroc est en train de devenir le pays le plus comp\u00e9titif au monde dans la production automobile \u00bb<\/a><\/strong><\/p>\n<p>On peut continuer avec la Libye, la Birmanie,\u00a0de ce que l\u2019on a appel\u00e9 l\u2019ordre mondial, celui d\u2019\u00e9quilibres fragiles, explose. Nous sommes d\u00e9j\u00e0 dans le conflit autour du Nil, qui sera arm\u00e9 dans quelques mois, mais le Jourdain est d\u00e9j\u00e0 en \u00e9bullition. La guerre de l\u2019eau n\u2019est plus virtuelle. Le Covid a aussi accentu\u00e9 les in\u00e9galit\u00e9s entre les Etats, les peuples, les classes sociales. La vaccination prouve que les instances internationales ne repr\u00e9sentent pas le genre humain. Parce qu\u2019ils ont le nez dans le guidon, parce qu\u2019au nom de la proximit\u00e9 et donc des sujets qui int\u00e9ressent leur\u00a0auditoire, les m\u00e9dias oublient d\u2019\u00eatre les lanceurs d\u2019alerte. Au-del\u00e0 du Covid, le monde aura \u00e0 affronter des r\u00e9gions d\u2019instabilit\u00e9 qui renforceront le terrorisme. Ce d\u00e9ni est criminel.<\/p>\n<p><strong>Lire aussi| <a href=\"https:\/\/www.challenge.ma\/lahcen-mahraoui-ambassadeur-du-maroc-en-irlande-la-semaine-virtuelle-du-maroc-est-une-occasion-tres-importante-pour-booster-la-cooperation-entre-le-maroc-et-lirlande-179836\/\">Lahcen Mahraoui, Ambassadeur du Maroc en Irlande : \u00ab La Semaine virtuelle du Maroc est une occasion tr\u00e8s importante pour booster la coop\u00e9ration entre le Maroc et l\u2019Irlande \u00bb<\/a><\/strong><\/p>\n<div class=\"vw-sticky-sidebar-wrapper vw-sticky-sidebar widget_text awac-wrapper widget_text awac widget custom_html-4 textwidget custom-html-widget\">\n<p class=\"has-background c12\"><span class=\"widget-title c11\">Tribune et D\u00e9bats<\/span><\/p>\n<p>La tribune qui vous parle d\u2019une actu, d\u2019un sujet qui fait d\u00e9bat, les traite et les analyse. \u00c9conomistes et autres experts, patrons d\u2019entreprises, d\u00e9cideurs, acteurs de la soci\u00e9t\u00e9 civile, s\u2019y prononcent et contribuent \u00e0 sa grande richesse. Vous avez votre opinion, convergente ou diff\u00e9rente. Exprimez-la et mesurez-vous ainsi \u00e0 nos tribuns et d\u00e9batteurs.<\/p>\n<p>Envoyez vos analyses \u00e0 : <a href=\"\/cdn-cgi\/l\/email-protection#11727e7f65707265517279707d7d747f76743f7c70\"><span class=\"__cf_email__\" data-cfemail=\"264549485247455266454e474a4a43484143084b47\">[email\u00a0protected]<\/span><\/a>, en pr\u00e9cisant votre nom, votre pr\u00e9nom et votre m\u00e9tier.<\/p>\n<\/div>\n<p>Auteur: Jamal Berraoui<br \/>\n<a href=\"https:\/\/www.challenge.ma\/linformation-victime-du-covid-179920\/\">Cliquez ici pour lire l&rsquo;article depuis sa source.<\/a><\/p>\n","protected":false},"excerpt":{"rendered":"<p>La pand\u00e9mie prend toutes\u00a0 les lumi\u00e8res. Entre les succ\u00e8s et le retard de la vaccination, les ravages des variants, les diff\u00e9rences des mesures sanitaires, les m\u00e9dias sont emprisonn\u00e9s dans un sujet, tr\u00e8s fluctuant et qui ne r\u00e9pond qu\u2019\u00e0 l\u2019angoisse sanitaire pr\u00e9gnante en Occident. Pourtant, il y a d\u2019autres nouvelles, tout aussi importantes pour l\u2019ordre international. [&hellip;]<\/p>\n","protected":false},"author":1787,"featured_media":0,"comment_status":"closed","ping_status":"closed","sticky":false,"template":"","format":"standard","meta":{"fifu_image_url":"","fifu_image_alt":"","footnotes":""},"categories":[78,54],"tags":[],"class_list":["post-113933","post","type-post","status-publish","format-standard","hentry","category-economie","category-maroc"],"_links":{"self":[{"href":"https:\/\/linitiative.ca\/International\/wp-json\/wp\/v2\/posts\/113933","targetHints":{"allow":["GET"]}}],"collection":[{"href":"https:\/\/linitiative.ca\/International\/wp-json\/wp\/v2\/posts"}],"about":[{"href":"https:\/\/linitiative.ca\/International\/wp-json\/wp\/v2\/types\/post"}],"author":[{"embeddable":true,"href":"https:\/\/linitiative.ca\/International\/wp-json\/wp\/v2\/users\/1787"}],"replies":[{"embeddable":true,"href":"https:\/\/linitiative.ca\/International\/wp-json\/wp\/v2\/comments?post=113933"}],"version-history":[{"count":0,"href":"https:\/\/linitiative.ca\/International\/wp-json\/wp\/v2\/posts\/113933\/revisions"}],"wp:attachment":[{"href":"https:\/\/linitiative.ca\/International\/wp-json\/wp\/v2\/media?parent=113933"}],"wp:term":[{"taxonomy":"category","embeddable":true,"href":"https:\/\/linitiative.ca\/International\/wp-json\/wp\/v2\/categories?post=113933"},{"taxonomy":"post_tag","embeddable":true,"href":"https:\/\/linitiative.ca\/International\/wp-json\/wp\/v2\/tags?post=113933"}],"curies":[{"name":"wp","href":"https:\/\/api.w.org\/{rel}","templated":true}]}}