{"id":113938,"date":"2021-03-29T17:08:27","date_gmt":"2021-03-29T21:08:27","guid":{"rendered":"https:\/\/linitiative.ca\/International\/tunisie-pourquoi-kais-saied-tient-il-a-dialoguer-avec-les-jeunes-et-pourquoi-a-travers-les-ntic\/"},"modified":"2021-03-29T17:08:27","modified_gmt":"2021-03-29T21:08:27","slug":"tunisie-pourquoi-kais-saied-tient-il-a-dialoguer-avec-les-jeunes-et-pourquoi-a-travers-les-ntic","status":"publish","type":"post","link":"https:\/\/linitiative.ca\/International\/tunisie-pourquoi-kais-saied-tient-il-a-dialoguer-avec-les-jeunes-et-pourquoi-a-travers-les-ntic\/","title":{"rendered":"Tunisie \u2013 Pourquoi Ka\u00efs Sa\u00efed tient-il \u00e0 dialoguer avec les jeunes\u00a0? Et pourquoi \u00e0 travers les NTIC\u00a0?"},"content":{"rendered":"<div class=\"post-cont-in left relative\">\n<div id=\"post-info-wrap\" class=\"left relative post-info-out\">\n<div class=\"post-info-img left relative\"><img decoding=\"async\" alt=\"\" src=\"https:\/\/secure.gravatar.com\/avatar\/9f10b5e5a102bf8cc0ebfb84f5ab5652?s=50&amp;d=mm&amp;r=g\" srcset=\"https:\/\/secure.gravatar.com\/avatar\/9f10b5e5a102bf8cc0ebfb84f5ab5652?s=100&amp;d=mm&amp;r=g 2x\" class=\"avatar avatar-50 photo\" height=\"50\" width=\"50\" loading=\"lazy\"\/><\/div>\n<div class=\"post-info-in\">\n<div class=\"post-info-right left relative post-info-name left relative\"><span><span class=\"post-info-text\">Par<\/span> <span class=\"author-name vcard fn author\"><a href=\"https:\/\/www.tunisienumerique.com\/author\/ramsis\/\" title=\"Articles par Ramsis\" rel=\"author\">Ramsis<\/a><\/span><\/span> <span class=\"post-date updated\"><time class=\"post-date updated\" datetime=\"2021-03-29\">\u00a0| Il y a 1 minute<\/time><\/span><br \/>\n<meta itemprop=\"dateModified\" content=\"2021-03-29\"\/><\/div>\n<div class=\"left relative\"><button id=\"listenButton1\" class=\"responsivevoice-button\" type=\"button\" value=\"Play\" title=\"\u00c9coutez l'article\"><span>\ud83d\udd0a \u00c9coutez l&rsquo;article<\/span><\/button>\n<\/div>\n<\/div>\n<\/div>\n<p>Le pr\u00e9sident de la R\u00e9publique, Ka\u00efs Sa\u00efed a refus\u00e9 d\u2019adh\u00e9rer \u00e0 toutes les initiatives qui avaient pour objectif d\u2019apaiser les tensions et de r\u00e9concilier les diff\u00e9rents protagonistes, dont les diff\u00e9rends perdurent et bloquent. Il a, notamment, oppos\u00e9 une fin de non recevoir \u00e0 la proposition de dialogue national de l\u2019UGTT.<\/p>\n<div class=\"code-block code-block-1 c4\">\n <ins class=\"adsbygoogle c3\" data-ad-layout=\"in-article\" data-ad-format=\"fluid\" data-ad-client=\"ca-pub-2102118777505746\" data-ad-slot=\"7301775417\"\/>\n<\/div>\n<p>Ce refus a d\u00e9pit\u00e9 les dirigeants de la centrale syndicale, qui se disent d\u00e9\u00e7us par l\u2019ent\u00eatement du pr\u00e9sident de la R\u00e9publique, \u00e0 s\u2019enfermer dans son mutisme, et \u00e0 refuser toutes les solutions de sortie de crise. Ils sont tellement d\u00e9\u00e7us et d\u00e9pit\u00e9s qu\u2019ils ont, eux aussi, \u00e9mis leur v\u00e9to, \u00e0 la contre-proposition de Sa\u00efed, quand il a annonc\u00e9 qu\u2019il avait l\u2019intention de superviser un dialogue national, mais avec les jeunes des r\u00e9gions, dont, notamment, les fameuses coordinations qu\u2019il a encourag\u00e9 \u00e0 mettre en place. Sa\u00efed a, par ailleurs, fait part de son intention de tenir ce dialogue avec les jeunes, \u00e0 distance, en s\u2019aidant des technologies de communication.<\/p>\n<p>L\u2019UGTT, comme la majorit\u00e9 des composantes de la sc\u00e8ne politique et de la soci\u00e9t\u00e9 civile, n\u2019a montr\u00e9 aucun empressement pour prendre part \u00e0 ce dialogue. Sauf que, personne ne s\u2019est pos\u00e9 la bonne question, celle de savoir pourquoi Ka\u00efs Sa\u00efed veut-ils que le dialogue se fasse avec les jeunes, et, surtout, pourquoi tient-il \u00e0 ce que \u00e7\u00e0 se fasse \u00e0 travers les NTIC\u00a0?<\/p>\n<p>Eh bien, la seule explication \u00e0 ces choix est indiscutablement, le fait que Sa\u00efed est, d\u00e9j\u00e0, en train de pr\u00e9parer sa campagne de 2024. Campagne au cours de laquelle il entend, bien, renouer avec les jeunes des quartiers et des r\u00e9gions. Et il sait qu\u2019en contactant les jeunes d\u2019aujourd\u2019hui, il est assur\u00e9 de toucher une large majorit\u00e9 des futurs \u00e9lecteurs de 2024. ET sur un autre plan, il insiste pour utiliser les NTIC, car ce moyen technique va lui permettre de poss\u00e9der une base de donn\u00e9es extraordinaire qui mettra \u00e0 sa port\u00e9e les jeunes \u00e9lecteurs du pays.<\/p>\n<p>Et ce dialogue programm\u00e9 en dit long sur les projets de Ka\u00efs Sa\u00efed en ce qui concerne les prochaines \u00e9lections. Car si on sait que la plupart des jeunes des zones d\u00e9sh\u00e9rit\u00e9es qui pourraient constituer un bon r\u00e9servoir \u00e9lectoral qu\u2019il pourrait arracher \u00e0 ses adversaires, sont d\u00e9pourvus de moyens techniques pour acc\u00e9der aux r\u00e9seaux et aux NTICS, on ne peut qu\u2019en conclure que la cible \u00e9lectorale du pr\u00e9sident sera les jeunes \u00ab\u00a0branch\u00e9s\u00a0\u00bb et actifs sur les r\u00e9seaux. Un domaine o\u00f9 il va pouvoir couper l\u2019herbe sous les pieds de ses adversaires qui maitrisent, habituellement, ces milieux\u00a0!<\/p>\n<div class=\"swp_social_panel swp_horizontal_panel swp_flat_fresh swp_default_full_color swp_individual_full_color swp_other_full_color scale-100 scale-\" data-min-width=\"1100\" data-float-color=\"#ffffff\" data-float=\"bottom\" data-float-mobile=\"bottom\" data-transition=\"slide\">\n<div class=\"nc_tweetContainer swp_share_button total_shares total_sharesalt\"><span class=\"swp_count\">0 <span class=\"swp_label\">Partages<\/span><\/span><\/div>\n<\/div>\n<p><strong>Que se passe-t-il en Tunisie?<\/strong><br \/>Nous expliquons sur notre <a href=\"https:\/\/www.youtube.com\/channel\/UCRzypVq0B_yBad5eGrwBx0Q?sub_confirmation=1\" target=\"_blank\" rel=\"noopener\">cha\u00eene YouTube<\/a> . <a href=\"https:\/\/www.youtube.com\/channel\/UCRzypVq0B_yBad5eGrwBx0Q?sub_confirmation=1\" target=\"_blank\" rel=\"noopener\">Abonnez-vous!<\/a><\/p>\n<div class=\"mvp-org-wrap\" itemprop=\"publisher\">\n<div class=\"mvp-org-logo\" itemprop=\"logo\"><img decoding=\"async\" src=\"https:\/\/www.tunisienumerique.com\/wp-content\/uploads\/2017\/02\/logo_tunisie_numerique.png\"\/><br \/>\n<meta itemprop=\"url\" content=\"https:\/\/www.tunisienumerique.com\/wp-content\/uploads\/2017\/02\/logo_tunisie_numerique.png\"\/><\/div>\n<p><meta content=\"Tunisie\"\/><\/div>\n<div class=\"mvp-related-posts left relative\">\n<h4 class=\"post-header\"><span class=\"post-header\">Lire aussi<\/span><\/h4>\n<\/div>\n<div id=\"article-ad\">\n <ins class=\"adsbygoogle c5\" data-ad-client=\"ca-pub-2102118777505746\" data-ad-slot=\"6513972734\" data-ad-format=\"auto\" data-full-width-responsive=\"true\"\/>\n<\/div>\n<\/div>\n<div id=\"post-sidebar-wrap\">\n <ins class=\"adsbygoogle c5\" data-ad-client=\"ca-pub-2102118777505746\" data-ad-slot=\"6168283410\" data-ad-format=\"auto\" data-full-width-responsive=\"true\"\/>\n<\/div>\n<p>Auteur: Ramsis<br \/>\n<a href=\"https:\/\/www.tunisienumerique.com\/tunisie-pourquoi-kais-saied-tient-il-a-dialoguer-avec-les-jeunes-et-pourquoi-a-travers-les-ntic\/\">Cliquez ici pour lire l&rsquo;article depuis sa source.<\/a><\/p>\n","protected":false},"excerpt":{"rendered":"<p>Par Ramsis \u00a0| Il y a 1 minute \ud83d\udd0a \u00c9coutez l&rsquo;article Le pr\u00e9sident de la R\u00e9publique, Ka\u00efs Sa\u00efed a refus\u00e9 d\u2019adh\u00e9rer \u00e0 toutes les initiatives qui avaient pour objectif d\u2019apaiser les tensions et de r\u00e9concilier les diff\u00e9rents protagonistes, dont les diff\u00e9rends perdurent et bloquent. Il a, notamment, oppos\u00e9 une fin de non recevoir \u00e0 la [&hellip;]<\/p>\n","protected":false},"author":1789,"featured_media":0,"comment_status":"closed","ping_status":"closed","sticky":false,"template":"","format":"standard","meta":{"fifu_image_url":"https:\/\/secure.gravatar.com\/avatar\/9f10b5e5a102bf8cc0ebfb84f5ab5652?s=50&d=mm&r=g","fifu_image_alt":"Tunisie \u2013 Pourquoi Ka\u00efs Sa\u00efed tient-il \u00e0 dialoguer avec les jeunes\u00a0? Et pourquoi \u00e0 travers les NTIC\u00a0?","footnotes":""},"categories":[73,55],"tags":[],"class_list":["post-113938","post","type-post","status-publish","format-standard","hentry","category-actualite","category-tunisie"],"_links":{"self":[{"href":"https:\/\/linitiative.ca\/International\/wp-json\/wp\/v2\/posts\/113938","targetHints":{"allow":["GET"]}}],"collection":[{"href":"https:\/\/linitiative.ca\/International\/wp-json\/wp\/v2\/posts"}],"about":[{"href":"https:\/\/linitiative.ca\/International\/wp-json\/wp\/v2\/types\/post"}],"author":[{"embeddable":true,"href":"https:\/\/linitiative.ca\/International\/wp-json\/wp\/v2\/users\/1789"}],"replies":[{"embeddable":true,"href":"https:\/\/linitiative.ca\/International\/wp-json\/wp\/v2\/comments?post=113938"}],"version-history":[{"count":0,"href":"https:\/\/linitiative.ca\/International\/wp-json\/wp\/v2\/posts\/113938\/revisions"}],"wp:attachment":[{"href":"https:\/\/linitiative.ca\/International\/wp-json\/wp\/v2\/media?parent=113938"}],"wp:term":[{"taxonomy":"category","embeddable":true,"href":"https:\/\/linitiative.ca\/International\/wp-json\/wp\/v2\/categories?post=113938"},{"taxonomy":"post_tag","embeddable":true,"href":"https:\/\/linitiative.ca\/International\/wp-json\/wp\/v2\/tags?post=113938"}],"curies":[{"name":"wp","href":"https:\/\/api.w.org\/{rel}","templated":true}]}}