{"id":113939,"date":"2021-03-29T17:20:22","date_gmt":"2021-03-29T21:20:22","guid":{"rendered":"https:\/\/linitiative.ca\/International\/youssef-chahed-dieu-ne-nous-blamez-pas-pour-les-actes-des-imbeciles-parmi-nous\/"},"modified":"2021-03-29T17:20:22","modified_gmt":"2021-03-29T21:20:22","slug":"youssef-chahed-dieu-ne-nous-blamez-pas-pour-les-actes-des-imbeciles-parmi-nous","status":"publish","type":"post","link":"https:\/\/linitiative.ca\/International\/youssef-chahed-dieu-ne-nous-blamez-pas-pour-les-actes-des-imbeciles-parmi-nous\/","title":{"rendered":"Youssef Chahed : \u201cDieu ! Ne nous bl\u00e2mez pas pour les actes des imb\u00e9ciles parmi nous !\u201d"},"content":{"rendered":"<div class=\"post-cont-in left relative\">\n<div id=\"post-info-wrap\" class=\"left relative post-info-out\">\n<div class=\"post-info-img left relative\"><img decoding=\"async\" alt=\"\" src=\"https:\/\/secure.gravatar.com\/avatar\/ea481d7287ad38ca1787f44b5bb1b70e?s=50&amp;d=mm&amp;r=g\" srcset=\"https:\/\/secure.gravatar.com\/avatar\/ea481d7287ad38ca1787f44b5bb1b70e?s=100&amp;d=mm&amp;r=g 2x\" class=\"avatar avatar-50 photo\" height=\"50\" width=\"50\" loading=\"lazy\"\/><\/div>\n<div class=\"post-info-in\">\n<div class=\"post-info-right left relative post-info-name left relative\"><span><span class=\"post-info-text\">Par<\/span> <span class=\"author-name vcard fn author\"><a href=\"https:\/\/www.tunisienumerique.com\/author\/rania-ben-slimane\/\" title=\"Articles par rania ben slimane\" rel=\"author\">rania ben slimane<\/a><\/span><\/span> <span class=\"post-date updated\"><time class=\"post-date updated\" datetime=\"2021-03-29\">\u00a0| Il y a 20 secondes<\/time><\/span><br \/>\n<meta itemprop=\"dateModified\" content=\"2021-03-29\"\/><\/div>\n<div class=\"left relative\"><button id=\"listenButton1\" class=\"responsivevoice-button\" type=\"button\" value=\"Play\" title=\"\u00c9coutez l'article\"><span>\ud83d\udd0a \u00c9coutez l&rsquo;article<\/span><\/button>\n<\/div>\n<\/div>\n<\/div>\n<p>L\u2019ancien Chef du gouvernement, Youssef Chahed a d\u00e9nonc\u00e9 le 29 mars 2021, les mensonges et les fausses all\u00e9gations.<\/p>\n<div class=\"code-block code-block-1 c4\">\n <ins class=\"adsbygoogle c3\" data-ad-layout=\"in-article\" data-ad-format=\"fluid\" data-ad-client=\"ca-pub-2102118777505746\" data-ad-slot=\"7301775417\"\/>\n<\/div>\n<p>Chahed a \u00e9crit dans son statut : \u201cDieu ! Ne nous bl\u00e2mez pas pour les actes des imb\u00e9ciles parmi nous ! Hier, je suis rentr\u00e9 en Tunisie d\u2019une r\u00e9union internationale sur l\u2019\u00e9quilibre des pouvoirs dans le monde post-Covid et j\u2019ai constat\u00e9 que la troupe a red\u00e9marr\u00e9 sa machine du mensonge et des calomnies\u201d a-t-il d\u00e9clar\u00e9.<\/p>\n<p>\u00ab Ce sont les m\u00eames personnes qui ont su falsifier les faits, profit\u00e9 des crises et des mar\u00e9cages, et empi\u00e9t\u00e9 l\u2019honneur des gens \u00bb a-t-il indiqu\u00e9.<\/p>\n<p>En effet, l\u2019homme politique accuse certaines parties d\u2019avoir diffus\u00e9 des rumeurs sur lui, et pour la premi\u00e8re fois il d\u00e9cide de sortir de son silence et d\u2019y mettre fin.<\/p>\n<p>\u00ab Je suis rest\u00e9 silencieux pendant un long moment, mais \u00e0 ceux-ci je dis : le temps des coups d\u2019\u00c9tat est fini, alors pr\u00e9parez-vous vite car notre r\u00e9ponse par le biais de la justice sera dure, et la v\u00e9rit\u00e9 sera r\u00e9v\u00e9l\u00e9e !\u00bb a-t-il martel\u00e9.<\/p>\n<div class=\"swp_social_panel swp_horizontal_panel swp_flat_fresh swp_default_full_color swp_individual_full_color swp_other_full_color scale-100 scale-\" data-min-width=\"1100\" data-float-color=\"#ffffff\" data-float=\"bottom\" data-float-mobile=\"bottom\" data-transition=\"slide\">\n<div class=\"nc_tweetContainer swp_share_button total_shares total_sharesalt\"><span class=\"swp_count\">0 <span class=\"swp_label\">Partages<\/span><\/span><\/div>\n<\/div>\n<p><strong>Que se passe-t-il en Tunisie?<\/strong><br \/>Nous expliquons sur notre <a href=\"https:\/\/www.youtube.com\/channel\/UCRzypVq0B_yBad5eGrwBx0Q?sub_confirmation=1\" target=\"_blank\" rel=\"noopener\">cha\u00eene YouTube<\/a> . <a href=\"https:\/\/www.youtube.com\/channel\/UCRzypVq0B_yBad5eGrwBx0Q?sub_confirmation=1\" target=\"_blank\" rel=\"noopener\">Abonnez-vous!<\/a><\/p>\n<div class=\"mvp-org-wrap\" itemprop=\"publisher\">\n<div class=\"mvp-org-logo\" itemprop=\"logo\"><img decoding=\"async\" src=\"https:\/\/www.tunisienumerique.com\/wp-content\/uploads\/2017\/02\/logo_tunisie_numerique.png\"\/><br \/>\n<meta itemprop=\"url\" content=\"https:\/\/www.tunisienumerique.com\/wp-content\/uploads\/2017\/02\/logo_tunisie_numerique.png\"\/><\/div>\n<p><meta content=\"Tunisie\"\/><\/div>\n<div class=\"mvp-related-posts left relative\">\n<h4 class=\"post-header\"><span class=\"post-header\">Lire aussi<\/span><\/h4>\n<\/div>\n<div id=\"article-ad\">\n <ins class=\"adsbygoogle c5\" data-ad-client=\"ca-pub-2102118777505746\" data-ad-slot=\"6513972734\" data-ad-format=\"auto\" data-full-width-responsive=\"true\"\/>\n<\/div>\n<\/div>\n<div id=\"post-sidebar-wrap\">\n <ins class=\"adsbygoogle c5\" data-ad-client=\"ca-pub-2102118777505746\" data-ad-slot=\"6168283410\" data-ad-format=\"auto\" data-full-width-responsive=\"true\"\/>\n<\/div>\n<p>Auteur: rania ben slimane<br \/>\n<a href=\"https:\/\/www.tunisienumerique.com\/youssef-chahed-dieu-ne-nous-blamez-pas-pour-les-actes-des-imbeciles-parmi-nous\/\">Cliquez ici pour lire l&rsquo;article depuis sa source.<\/a><\/p>\n","protected":false},"excerpt":{"rendered":"<p>Par rania ben slimane \u00a0| Il y a 20 secondes \ud83d\udd0a \u00c9coutez l&rsquo;article L\u2019ancien Chef du gouvernement, Youssef Chahed a d\u00e9nonc\u00e9 le 29 mars 2021, les mensonges et les fausses all\u00e9gations. Chahed a \u00e9crit dans son statut : \u201cDieu ! Ne nous bl\u00e2mez pas pour les actes des imb\u00e9ciles parmi nous ! Hier, je suis [&hellip;]<\/p>\n","protected":false},"author":1789,"featured_media":0,"comment_status":"closed","ping_status":"closed","sticky":false,"template":"","format":"standard","meta":{"fifu_image_url":"https:\/\/secure.gravatar.com\/avatar\/ea481d7287ad38ca1787f44b5bb1b70e?s=50&d=mm&r=g","fifu_image_alt":"Youssef Chahed : \u201cDieu ! Ne nous bl\u00e2mez pas pour les actes des imb\u00e9ciles parmi nous !\u201d","footnotes":""},"categories":[73,55],"tags":[],"class_list":["post-113939","post","type-post","status-publish","format-standard","hentry","category-actualite","category-tunisie"],"_links":{"self":[{"href":"https:\/\/linitiative.ca\/International\/wp-json\/wp\/v2\/posts\/113939","targetHints":{"allow":["GET"]}}],"collection":[{"href":"https:\/\/linitiative.ca\/International\/wp-json\/wp\/v2\/posts"}],"about":[{"href":"https:\/\/linitiative.ca\/International\/wp-json\/wp\/v2\/types\/post"}],"author":[{"embeddable":true,"href":"https:\/\/linitiative.ca\/International\/wp-json\/wp\/v2\/users\/1789"}],"replies":[{"embeddable":true,"href":"https:\/\/linitiative.ca\/International\/wp-json\/wp\/v2\/comments?post=113939"}],"version-history":[{"count":0,"href":"https:\/\/linitiative.ca\/International\/wp-json\/wp\/v2\/posts\/113939\/revisions"}],"wp:attachment":[{"href":"https:\/\/linitiative.ca\/International\/wp-json\/wp\/v2\/media?parent=113939"}],"wp:term":[{"taxonomy":"category","embeddable":true,"href":"https:\/\/linitiative.ca\/International\/wp-json\/wp\/v2\/categories?post=113939"},{"taxonomy":"post_tag","embeddable":true,"href":"https:\/\/linitiative.ca\/International\/wp-json\/wp\/v2\/tags?post=113939"}],"curies":[{"name":"wp","href":"https:\/\/api.w.org\/{rel}","templated":true}]}}