{"id":113940,"date":"2021-03-29T15:23:20","date_gmt":"2021-03-29T19:23:20","guid":{"rendered":"https:\/\/linitiative.ca\/International\/assises-de-paris-sur-le-bombardement-de-bouake-en-rci\/"},"modified":"2021-03-29T15:23:20","modified_gmt":"2021-03-29T19:23:20","slug":"assises-de-paris-sur-le-bombardement-de-bouake-en-rci","status":"publish","type":"post","link":"https:\/\/linitiative.ca\/International\/assises-de-paris-sur-le-bombardement-de-bouake-en-rci\/","title":{"rendered":"ASSISES DE PARIS SUR LE BOMBARDEMENT DE BOUAKE EN RCI"},"content":{"rendered":"<p class=\"c4\"><em>Le 29 mars 2021, s\u2019est ouvert devant la Cour d\u2019assises de Paris, le proc\u00e8s des pilotes poursuivis pour assassinats, tentative d\u2019assassinats et destruction de biens, dans le bombardement d\u2019un camp militaire fran\u00e7ais de la force Licorne \u00e0 Bouak\u00e9, dans le Nord de la C\u00f4te d\u2019Ivoire. Neuf soldats fran\u00e7ais et un civil am\u00e9ricain avaient \u00e9t\u00e9 tu\u00e9s. C\u2019\u00e9tait en 2004, en pleine guerre civile ivoirienne entre les rebelles du Nord conduits par un certain Guillaume Soro, qui marchaient sur Abidjan, et les forces arm\u00e9es rest\u00e9es loyales au r\u00e9gime de Laurent Gbagbo bas\u00e9 dans la capitale \u00e9conomique au Sud. Seize ans apr\u00e8s, le myst\u00e8re reste entier s\u2019il ne s\u2019est pas \u00e9paissi, sur les tenants et les aboutissants de cette op\u00e9ration militaire qui tarde \u00e0 livrer ses secrets. Comment peut-il en \u00eatre autrement quand on sait que ce proc\u00e8s, qui a mis du temps \u00e0 s\u2019ouvrir, se tient en l\u2019absence m\u00eame des accus\u00e9s\u00a0? Notamment les pilotes bi\u00e9lorusses qui ont men\u00e9 l\u2019op\u00e9ration et qui ont disparu dans la nature, apr\u00e8s leur lib\u00e9ration, par les autorit\u00e9s togolaises qui les avaient alpagu\u00e9s dans leur fuite et en avaient tenu Paris inform\u00e9e en son temps, pour savoir la conduite \u00e0 tenir\u00a0?<\/em><\/p>\n<p class=\"c4\"><em>\u00a0<\/em><\/p>\n<p class=\"c6\"><strong><em>Saura-t-on jamais la v\u00e9rit\u00e9 dans cette affaire\u00a0?<\/em><\/strong><\/p>\n<p class=\"c4\"><em>\u00a0<\/em><\/p>\n<p class=\"c4\"><em>Pendant ce temps, de hautes personnalit\u00e9s fran\u00e7aises comme les ministres Dominique de Villepin, Mich\u00e8le Alliot Marie et Michel Barnier, respectivement \u00e0 l\u2019Int\u00e9rieur, \u00e0 la D\u00e9fense et aux Affaires \u00e9trang\u00e8res \u00e0 l\u2019\u00e9poque des faits, ne pourront au mieux \u00eatre entendus que comme t\u00e9moins dans ce proc\u00e8s, malgr\u00e9 le r\u00f4le qui a pu \u00eatre le leur dans l\u2019\u00e9pisode de la volatilisation \u00ab\u00a0des pi\u00e8ces \u00e0 conviction\u00a0\u00bb \u00a0bi\u00e9lorusses du c\u00f4t\u00e9 de Lom\u00e9. C\u2019est dire si dans cette affaire, on se perd en conjectures entre les tenants de la th\u00e8se de la responsabilit\u00e9 des autorit\u00e9s ivoiriennes de l\u2019\u00e9poque, pour qui le raid devait servir de clash pour\u00a0 provoquer la rupture avec la France voire obtenir le d\u00e9part des troupes fran\u00e7aises dont la neutralit\u00e9 \u00e9tait sujette \u00e0 caution \u00e0 leurs yeux, et ceux de la th\u00e8se d\u2019une machination de l\u2019hexagone dans l\u2019intention d\u2019en finir avec le pr\u00e9sident Laurent Gbagbo, mais qui a plut\u00f4t tourn\u00e9 \u00e0 la \u00ab\u00a0bavure\u00a0\u00bb au point de devenir un sujet aussi embarrassant que br\u00fblant pour l\u2019Elys\u00e9e. Quoi qu\u2019il en soit, le constat est l\u00e0 que plusieurs ann\u00e9es apr\u00e8s les faits, les lignes peinent \u00e0 bouger dans ce dossier et on ne se sait toujours pas qui a donn\u00e9 l\u2019ordre de bombarder et pourquoi. Saura-t-on jamais la v\u00e9rit\u00e9 dans cette affaire\u00a0? Rien n\u2019est moins s\u00fbr. D\u2019autant que, jusque-l\u00e0, l\u2019enqu\u00eate s\u2019est, de toute apparence, cantonn\u00e9e aux ex\u00e9cutants qu\u2019\u00e9taient le pilote russe Yuri Sushkin et les copilotes ivoiriens Ange Magloire Gnandouillet Attualy et Patrice Ouei amnisti\u00e9s, eux, en 2007 dans leur pays. Mieux, au regard des circonstances de temps et de lieu dans lesquelles il s\u2019ouvre, on se demande si ce jugement ne sera \u00a0finalement pas un proc\u00e8s pour la forme. Car, seize ans apr\u00e8s les faits, beaucoup d\u2019eau a coul\u00e9 sous les ponts d\u2019Abidjan et de Paris. Et dans le fond, \u00a0l\u2019on peut se demander si le temps n\u2019a pas alt\u00e9r\u00e9 des preuves \u00a0mat\u00e9rielles ou jou\u00e9 sur les souvenirs de ceux-l\u00e0 qui voudront bien se pr\u00eater aujourd\u2019hui \u00e0 l\u2019exercice de la Justice fran\u00e7aise au cours de ces assises qui se tiennent \u00e0 six mille lieues du th\u00e9\u00e2tre des op\u00e9rations, en l\u2019absence des accus\u00e9s qui en \u00e9taient les principaux acteurs.<\/em><\/p>\n<p class=\"c4\"><em>\u00a0<\/em><\/p>\n<p class=\"c6\"><strong><em>Le proc\u00e8s en lui-m\u00eame pourrait faire encore jaser s\u2019il devait tourner \u00e0 la parodie<\/em><\/strong><\/p>\n<p class=\"c4\"><em>\u00a0<\/em><\/p>\n<p class=\"c4\"><em>\u00a0Comment dans ces conditions esp\u00e9rer reconstituer le puzzle quand des pi\u00e8ces et pas des moindres, manquent \u00e0 l\u2019appel\u00a0? En d\u2019autres termes, comment esp\u00e9rer faire la lumi\u00e8re dans cette sombre affaire\u00a0et remonter aux commanditaires pour rendre justice aux victimes et \u00e0 leurs parents qui attendent beaucoup de ce proc\u00e8s, si la Justice est incapable de faire compara\u00eetre les pr\u00e9venus ? Une \u00e9quation bien difficile pour la Justice fran\u00e7aise dont on se demande si elle disposera de suffisamment d\u2019\u00e9l\u00e9ments pour relever le d\u00e9fi en vue d\u2019\u00e9tancher la l\u00e9gitime soif de justice des parents de victimes. \u00a0C\u2019est le Wait and see.\u00a0<\/em> <em>En attendant, c\u2019est d\u00e9j\u00e0 une bonne chose que ce proc\u00e8s puisse se tenir m\u00eame si l\u2019on peut se demander pourquoi maintenant, \u00e0 la veille de l\u2019ouverture, ce 31 mars 2021, du proc\u00e8s en appel de l\u2019ex-pr\u00e9sident Laurent Gbagbo \u00e0 la CPI dans les conditions que l\u2019on sait.\u00a0<\/em> <em>En tout \u00e9tat de cause, autant les conditions d\u2019ouverture du proc\u00e8s du bombardement de Bouak\u00e9 interrogent, autant le proc\u00e8s en lui-m\u00eame pourrait faire encore jaser s\u2019il devait tourner \u00e0 la parodie. Surtout quand on sait que cette op\u00e9ration militaire n\u2019est pas rest\u00e9e sans suite et a m\u00eame pu influer sur le cours de la guerre en C\u00f4te d\u2019Ivoire, l\u2019arm\u00e9e fran\u00e7aise ayant, dans la foul\u00e9e, d\u00e9truit l\u2019aviation ivoirienne en guise de repr\u00e9sailles. Ce, au moment o\u00f9 il se disait que le pr\u00e9sident Laurent Gbagbo s\u2019appr\u00eatait \u00e0 en tirer avantage pour mater la r\u00e9bellion. Mais d\u2019un autre c\u00f4t\u00e9, on peut se demander si en dehors des parents des victimes et de la quarantaine de bless\u00e9s qui ont pu avoir la vie sauve, les uns et les autres, au sommet, sont v\u00e9ritablement int\u00e9ress\u00e9s aujourd\u2019hui de conna\u00eetre la v\u00e9rit\u00e9, aussi bien sur les bords de la lagune Ebri\u00e9 que sur ceux de la Seine.<\/em><\/p>\n<p class=\"c4\"><em>\u00a0<\/em><\/p>\n<p class=\"c6\"><strong><em>\u00ab\u00a0Le Pays\u00a0\u00bb<\/em><\/strong><\/p>\n<p class=\"c4\"><em>\u00a0<\/em><\/p>\n<p class=\"c4\"><em>\u00a0<\/em><\/p>\n<p class=\"c4\"><em>\u00a0<\/em><\/p>\n<p>Auteur: Editions LEPAYS<br \/>\n<a href=\"https:\/\/lepays.bf\/assises-de-paris-sur-le-bombardement-de-bouake-en-rci\/\">Cliquez ici pour lire l&rsquo;article depuis sa source.<\/a><\/p>\n","protected":false},"excerpt":{"rendered":"<p>Le 29 mars 2021, s\u2019est ouvert devant la Cour d\u2019assises de Paris, le proc\u00e8s des pilotes poursuivis pour assassinats, tentative d\u2019assassinats et destruction de biens, dans le bombardement d\u2019un camp militaire fran\u00e7ais de la force Licorne \u00e0 Bouak\u00e9, dans le Nord de la C\u00f4te d\u2019Ivoire. Neuf soldats fran\u00e7ais et un civil am\u00e9ricain avaient \u00e9t\u00e9 tu\u00e9s. [&hellip;]<\/p>\n","protected":false},"author":1813,"featured_media":0,"comment_status":"closed","ping_status":"closed","sticky":false,"template":"","format":"standard","meta":{"fifu_image_url":"","fifu_image_alt":"","footnotes":""},"categories":[73,81],"tags":[],"class_list":["post-113940","post","type-post","status-publish","format-standard","hentry","category-actualite","category-burkina-faso"],"_links":{"self":[{"href":"https:\/\/linitiative.ca\/International\/wp-json\/wp\/v2\/posts\/113940","targetHints":{"allow":["GET"]}}],"collection":[{"href":"https:\/\/linitiative.ca\/International\/wp-json\/wp\/v2\/posts"}],"about":[{"href":"https:\/\/linitiative.ca\/International\/wp-json\/wp\/v2\/types\/post"}],"author":[{"embeddable":true,"href":"https:\/\/linitiative.ca\/International\/wp-json\/wp\/v2\/users\/1813"}],"replies":[{"embeddable":true,"href":"https:\/\/linitiative.ca\/International\/wp-json\/wp\/v2\/comments?post=113940"}],"version-history":[{"count":0,"href":"https:\/\/linitiative.ca\/International\/wp-json\/wp\/v2\/posts\/113940\/revisions"}],"wp:attachment":[{"href":"https:\/\/linitiative.ca\/International\/wp-json\/wp\/v2\/media?parent=113940"}],"wp:term":[{"taxonomy":"category","embeddable":true,"href":"https:\/\/linitiative.ca\/International\/wp-json\/wp\/v2\/categories?post=113940"},{"taxonomy":"post_tag","embeddable":true,"href":"https:\/\/linitiative.ca\/International\/wp-json\/wp\/v2\/tags?post=113940"}],"curies":[{"name":"wp","href":"https:\/\/api.w.org\/{rel}","templated":true}]}}