{"id":113941,"date":"2021-03-29T15:28:20","date_gmt":"2021-03-29T19:28:20","guid":{"rendered":"https:\/\/linitiative.ca\/International\/arrivee-des-troupes-tchadiennes-dans-le-triangle-de-la-mort\/"},"modified":"2021-03-29T15:28:20","modified_gmt":"2021-03-29T19:28:20","slug":"arrivee-des-troupes-tchadiennes-dans-le-triangle-de-la-mort","status":"publish","type":"post","link":"https:\/\/linitiative.ca\/International\/arrivee-des-troupes-tchadiennes-dans-le-triangle-de-la-mort\/","title":{"rendered":"ARRIVEE DES TROUPES TCHADIENNES DANS LE \u00ab\u00a0TRIANGLE DE LA MORT\u00a0\u00bb"},"content":{"rendered":"<p class=\"c4\"><em>Annonc\u00e9 depuis tr\u00e8s longtemps, le contingent tchadien est enfin arriv\u00e9 dans le fuseau du centre, commun\u00e9ment appel\u00e9 le \u00ab\u00a0triangle de la mort\u00a0\u00bb. Il s\u2019agit de la fronti\u00e8re entre le Burkina Faso, le Mali et le Niger en proie \u00e0 des attaques\u00a0 terroristes meurtri\u00e8res r\u00e9p\u00e9t\u00e9es. Fort de 1200 hommes, ce contingent \u00a0tchadien devra voler au secours des troupes de la MINUSMA et de Barkhane qui se battent comme elles peuvent, contre les forces du mal. Rappelons que l\u2019envoi du bataillon tchadien dans \u00ab\u00a0la zone des trois fronti\u00e8res\u00a0\u00bb, annonc\u00e9 pour la premi\u00e8re\u00a0fois en mi-d\u00e9cembre 2019, \u00e0 Niamey au Niger, avait \u00e9t\u00e9 retard\u00e9 par l\u2019attaque du 23 mars 2020, contre les positions de l\u2019arm\u00e9e tchadienne, qui avait, on s\u2019en souvient, co\u00fbt\u00e9 la vie \u00e0 une centaine de soldats. La suite, on la conna\u00eet. Car, tr\u00e8s remont\u00e9s, Idriss Deby et ses \u00ab\u00a0boys\u00a0\u00bb, en repr\u00e9sailles, avaient mont\u00e9 l\u2019op\u00e9ration d\u00e9nomm\u00e9e \u00ab\u00a0la col\u00e8re de Bohoma\u00a0\u00bb, qui avait permis de neutraliser des milliers de terroristes. Il a donc fallu le sommet du G5-Sahel \u00e0 Ndjamena, en f\u00e9vrier dernier, pour que Deby remette le couvert en annon\u00e7ant \u00e0 ses pairs qu\u2019il n\u2019a pas renonc\u00e9 \u00e0 sa promesse d\u2019envoyer des troupes dans le fuseau du centre. Maintenant que c\u2019est chose faite, on ose esp\u00e9rer que les lignes bougeront davantage et qu\u2019\u00e0 d\u00e9faut de porter l\u2019estocade aux terroristes, les forces militaires en pr\u00e9sence travailleront \u00e0 r\u00e9duire leur voilure. Et en la mati\u00e8re, on peut compter sur l\u2019exp\u00e9rience des troupes tchadiennes qui ne reculent pas devant l\u2019ennemi et dont on se souvient encore des hauts faits d\u2019armes dans les sables mouvants du septentrion malien. Cet optimisme semble partag\u00e9 par certains officiels, en l\u2019occurrence le ministre nig\u00e9rien de la D\u00e9fense, qui a laiss\u00e9 entendre ceci\u00a0: \u00ab\u00a0Nous sommes convaincus qu\u2019avec la pr\u00e9sence tchadienne, les donn\u00e9es vont changer\u00a0\u00bb.<\/em><\/p>\n<p class=\"c4\"><em>\u00a0<\/em><\/p>\n<p class=\"c6\"><strong><em>D\u00e9by, \u00e0 travers l\u2019envoi de ce contingent, montre ainsi que les Africains peuvent prot\u00e9ger les Africains<\/em><\/strong><\/p>\n<p class=\"c4\"><em>\u00a0<\/em><\/p>\n<p class=\"c4\"><em>En tout cas, les soldats tchadiens peuvent \u00eatre s\u00fbrs d\u2019une chose : ils ne vont pas ch\u00f4mer. Car, ils arrivent \u00e0 un moment o\u00f9 l\u2019on assiste \u00e0 une recrudescence d\u2019attaques terroristes meurtri\u00e8res dans la zone. En t\u00e9moigne la boucherie humaine qui a eu lieu dans la r\u00e9gion de Tillab\u00e9ry en territoire nig\u00e9rien, qui, en l\u2019espace d\u2019une semaine, a co\u00fbt\u00e9 la vie \u00e0 plus de 200 civils.\u00a0<\/em> <em>Cela dit, tout en r\u00e9affirmant son h\u00e9g\u00e9monie militaire dans la sous-r\u00e9gion, le Mar\u00e9chal Idriss D\u00e9by, \u00e0 travers l\u2019envoi de ce contingent dans une zone hautement hostile, montre ainsi que les Africains peuvent prot\u00e9ger les Africains. D\u2019o\u00f9 la n\u00e9cessit\u00e9 pour les dirigeants du continent, de s\u2019unir pour mettre sur pied une arm\u00e9e africaine avec des troupes d\u2019\u00e9lite et des forces sp\u00e9ciales \u00e0 m\u00eame de faire face au terrorisme qui ne conna\u00eet pas de fronti\u00e8res. C\u2019est, du reste, l\u2019appel du pied qu\u2019a lanc\u00e9 le S\u00e9n\u00e9galais Cheikh Tidiane Gadio, \u00e0 l\u2019issue du sommet de Ndjamena\u00a0: \u00ab\u00a0N\u2019Krumah voulait, d\u00e8s 1963, une arm\u00e9e africaine. Nous avons attendu 58 ans plus tard sans mettre en \u0153uvre sa directive. Nous devons enfin r\u00e9pondre \u00e0 son interpellation\u00a0\u00bb. Il est\u00a0 donc temps de passer \u00a0de la parole aux actes. C\u2019est \u00e0 ce prix et seulement \u00e0 ce prix que nous pourrons vaincre le terrorisme qui, aujourd\u2019hui plus qu\u2019hier, se nourrit de nos divergences.<\/em><\/p>\n<p class=\"c4\"><em>\u00a0<\/em><\/p>\n<p class=\"c6\"><strong><em>B.O<\/em><\/strong><\/p>\n<p>Auteur: Editions LEPAYS<br \/>\n<a href=\"https:\/\/lepays.bf\/arrivee-des-troupes-tchadiennes-dans-le-triangle-de-la-mort\/\">Cliquez ici pour lire l&rsquo;article depuis sa source.<\/a><\/p>\n","protected":false},"excerpt":{"rendered":"<p>Annonc\u00e9 depuis tr\u00e8s longtemps, le contingent tchadien est enfin arriv\u00e9 dans le fuseau du centre, commun\u00e9ment appel\u00e9 le \u00ab\u00a0triangle de la mort\u00a0\u00bb. Il s\u2019agit de la fronti\u00e8re entre le Burkina Faso, le Mali et le Niger en proie \u00e0 des attaques\u00a0 terroristes meurtri\u00e8res r\u00e9p\u00e9t\u00e9es. Fort de 1200 hommes, ce contingent \u00a0tchadien devra voler au secours [&hellip;]<\/p>\n","protected":false},"author":1813,"featured_media":0,"comment_status":"closed","ping_status":"closed","sticky":false,"template":"","format":"standard","meta":{"fifu_image_url":"","fifu_image_alt":"","footnotes":""},"categories":[73,81],"tags":[],"class_list":["post-113941","post","type-post","status-publish","format-standard","hentry","category-actualite","category-burkina-faso"],"_links":{"self":[{"href":"https:\/\/linitiative.ca\/International\/wp-json\/wp\/v2\/posts\/113941","targetHints":{"allow":["GET"]}}],"collection":[{"href":"https:\/\/linitiative.ca\/International\/wp-json\/wp\/v2\/posts"}],"about":[{"href":"https:\/\/linitiative.ca\/International\/wp-json\/wp\/v2\/types\/post"}],"author":[{"embeddable":true,"href":"https:\/\/linitiative.ca\/International\/wp-json\/wp\/v2\/users\/1813"}],"replies":[{"embeddable":true,"href":"https:\/\/linitiative.ca\/International\/wp-json\/wp\/v2\/comments?post=113941"}],"version-history":[{"count":0,"href":"https:\/\/linitiative.ca\/International\/wp-json\/wp\/v2\/posts\/113941\/revisions"}],"wp:attachment":[{"href":"https:\/\/linitiative.ca\/International\/wp-json\/wp\/v2\/media?parent=113941"}],"wp:term":[{"taxonomy":"category","embeddable":true,"href":"https:\/\/linitiative.ca\/International\/wp-json\/wp\/v2\/categories?post=113941"},{"taxonomy":"post_tag","embeddable":true,"href":"https:\/\/linitiative.ca\/International\/wp-json\/wp\/v2\/tags?post=113941"}],"curies":[{"name":"wp","href":"https:\/\/api.w.org\/{rel}","templated":true}]}}