{"id":113942,"date":"2021-03-29T15:32:02","date_gmt":"2021-03-29T19:32:02","guid":{"rendered":"https:\/\/linitiative.ca\/International\/attaques-meurtrieres-en-cote-divoire\/"},"modified":"2021-03-29T15:32:02","modified_gmt":"2021-03-29T19:32:02","slug":"attaques-meurtrieres-en-cote-divoire","status":"publish","type":"post","link":"https:\/\/linitiative.ca\/International\/attaques-meurtrieres-en-cote-divoire\/","title":{"rendered":"ATTAQUES MEURTRIERES EN COTE D\u2019IVOIRE  \u00a0"},"content":{"rendered":"<p class=\"c4\"><em>L\u2019arm\u00e9e ivoirienne a \u00e9t\u00e9 endeuill\u00e9e dans la nuit du dimanche 28 au lundi 29 mars 2021. En effet, une position militaire situ\u00e9e \u00e0 Kafolo et un poste de gendarmerie \u00e0 Kolobougou dans le d\u00e9partement de T\u00e9hini, zones frontali\u00e8res avec le Burkina, ont \u00e9t\u00e9 les cibles de deux attaques presque simultan\u00e9es qui auront co\u00fbt\u00e9 la vie \u00e0 trois soldats ivoiriens et fait six bless\u00e9s. C\u00f4t\u00e9 assaillants, trois\u00a0 auraient \u00e9t\u00e9 neutralis\u00e9s et du mat\u00e9riel saisi. Si les auteurs de ces attaques meurtri\u00e8res, restent non encore identifi\u00e9s, les autorit\u00e9s ivoiriennes soup\u00e7onnent les hommes de la Katiba Macina d\u2019Amadou Kouffa, affili\u00e9e au Groupe de soutien \u00e0 l\u2019islam et aux musulmans (GSIM). En tous les cas, ces deux attaques prouvent que l\u2019hydre terroriste est en train d\u2019\u00e9tendre ses tentacules vers le littoral ouest-africain, comme l\u2019affirmait nagu\u00e8re, le patron du renseignement fran\u00e7ais, Bernard Emi\u00e9. C\u2019est d\u2019autant plus vrai que la C\u00f4te d\u2019Ivoire avait subi une attaque terroriste en juin dernier, \u00e0 Kafolo. On se rappelle que ladite attaque avait laiss\u00e9 sur le carreau, 14 morts. On pensait que l\u2019arrestation du pr\u00e9sum\u00e9 cerveau de cette exp\u00e9dition sanglante, le Burkinab\u00e8 Sidib\u00e9 Ali, alias \u00a0Sofiane, affaiblirait consid\u00e9rablement le mouvement terroriste du Malien Amdou Kouffa et par ricochet, permettrait au pays d\u2019Houphou\u00ebt Boigny de respirer un tant soit peu. Mais h\u00e9las, c\u2019\u00e9tait sans compter avec la d\u00e9termination de ces ing\u00e9nieurs du mal.\u00a0<\/em> <em>Cela dit, le ver est-il d\u00e9sormais dans le fruit\u00a0? Il faut malheureusement craindre que oui. En tout cas, de l\u2019attaque de Grand Bassam \u00e0 celle de Kolobougou en passant par les strat\u00e9gies de Kafolo 1 et Kafolo 2, l\u2019on a suffisamment des raisons de croire que la C\u00f4te d\u2019Ivoire abrite des cellules terroristes dormantes.<\/em><\/p>\n<p class=\"c4\"><em>\u00a0<\/em><\/p>\n<p class=\"c6\"><strong><em>C\u2019est toute la sous-r\u00e9gion ouest-africaine qui est d\u00e9sormais menac\u00e9e<\/em><\/strong><\/p>\n<p class=\"c6\"><strong><em>\u00a0<\/em><\/strong><\/p>\n<p class=\"c4\"><em>Car, avec ces deux nouvelles attaques, une chose est d\u00e9sormais certaine : la C\u00f4te d\u2019Ivoire,\u00a0 et c\u2019est peu de le dire, est plus que jamais dans le viseur des groupes terroristes. Et l\u2019arm\u00e9e ivoirienne gagnerait \u00e0 garder l\u2019arme au pied. En tout \u00e9tat de cause, le producteur mondial de cacao est suffisamment pr\u00e9venu et le r\u00e9gime de Ouattara aurait tort de minimiser ces drames. Ce d\u2019autant que tout laisse croire que les groupes terroristes, notamment le JNIM et Al-Qa\u00efda au Maghreb islamique (AQMI) qui ont subi ces derni\u00e8res ann\u00e9es de s\u00e9rieux revers au Mali, semblent d\u00e9sormais avoir opt\u00e9 de s\u2019installer en Eburnie. Le moins que l\u2019on puisse dire, c\u2019est que le pr\u00e9sident Alassane Ouattara a du pain sur la planche. Surtout qu\u2019il vient de perdre l\u2019un de ses securocrates en la personne d\u2019Hamed Bakayoko qui aura fait ses preuves en mati\u00e8re de s\u00e9curisation du territoire. D\u00e9j\u00e0 que le chantier de la r\u00e9conciliation constitue un d\u00e9fi majeur pour le r\u00e9gime d\u2019ADO, si les attaques terroristes devaient prendre de l\u2019ampleur en C\u00f4te d\u2019Ivoire comme c\u2019est le cas au Sahel, le locataire du palais de Cocody se retrouverait face \u00e0 une montagne de d\u00e9fis.\u00a0<\/em> <em>Cela dit, au-del\u00e0 de la C\u00f4te d\u2019Ivoire, c\u2019est toute la sous-r\u00e9gion ouest-africaine qui est d\u00e9sormais menac\u00e9e par cette expansion terroriste. C\u2019est dire si les forces arm\u00e9es des diff\u00e9rents pays, se doivent de conjuguer leurs efforts pour mieux traquer ces ennemis de la paix. Cela est d\u2019autant plus n\u00e9cessaire que la C\u00f4te d\u2019Ivoire constitue la locomotive \u00e9conomique des pays de l\u2019UEMOA. En tout cas, si les terroristes font tousser la C\u00f4te d\u2019Ivoire, les autres Etats de la r\u00e9gion se verront contraints d\u2019\u00e9ternuer.<\/em><\/p>\n<p class=\"c4\"><em>\u00a0<\/em><\/p>\n<p class=\"c6\"><strong><em>Dabadi ZOUMBARA<\/em><\/strong><\/p>\n<p>Auteur: Editions LEPAYS<br \/>\n<a href=\"https:\/\/lepays.bf\/attaques-meurtrieres-en-cote-divoire\/\">Cliquez ici pour lire l&rsquo;article depuis sa source.<\/a><\/p>\n","protected":false},"excerpt":{"rendered":"<p>L\u2019arm\u00e9e ivoirienne a \u00e9t\u00e9 endeuill\u00e9e dans la nuit du dimanche 28 au lundi 29 mars 2021. En effet, une position militaire situ\u00e9e \u00e0 Kafolo et un poste de gendarmerie \u00e0 Kolobougou dans le d\u00e9partement de T\u00e9hini, zones frontali\u00e8res avec le Burkina, ont \u00e9t\u00e9 les cibles de deux attaques presque simultan\u00e9es qui auront co\u00fbt\u00e9 la vie [&hellip;]<\/p>\n","protected":false},"author":1813,"featured_media":0,"comment_status":"closed","ping_status":"closed","sticky":false,"template":"","format":"standard","meta":{"fifu_image_url":"","fifu_image_alt":"","footnotes":""},"categories":[73,81],"tags":[],"class_list":["post-113942","post","type-post","status-publish","format-standard","hentry","category-actualite","category-burkina-faso"],"_links":{"self":[{"href":"https:\/\/linitiative.ca\/International\/wp-json\/wp\/v2\/posts\/113942","targetHints":{"allow":["GET"]}}],"collection":[{"href":"https:\/\/linitiative.ca\/International\/wp-json\/wp\/v2\/posts"}],"about":[{"href":"https:\/\/linitiative.ca\/International\/wp-json\/wp\/v2\/types\/post"}],"author":[{"embeddable":true,"href":"https:\/\/linitiative.ca\/International\/wp-json\/wp\/v2\/users\/1813"}],"replies":[{"embeddable":true,"href":"https:\/\/linitiative.ca\/International\/wp-json\/wp\/v2\/comments?post=113942"}],"version-history":[{"count":0,"href":"https:\/\/linitiative.ca\/International\/wp-json\/wp\/v2\/posts\/113942\/revisions"}],"wp:attachment":[{"href":"https:\/\/linitiative.ca\/International\/wp-json\/wp\/v2\/media?parent=113942"}],"wp:term":[{"taxonomy":"category","embeddable":true,"href":"https:\/\/linitiative.ca\/International\/wp-json\/wp\/v2\/categories?post=113942"},{"taxonomy":"post_tag","embeddable":true,"href":"https:\/\/linitiative.ca\/International\/wp-json\/wp\/v2\/tags?post=113942"}],"curies":[{"name":"wp","href":"https:\/\/api.w.org\/{rel}","templated":true}]}}