{"id":113943,"date":"2021-03-29T11:20:49","date_gmt":"2021-03-29T15:20:49","guid":{"rendered":"https:\/\/linitiative.ca\/International\/internationale-des-parents-deleves-hector-ardent-ouedraogo-elu-president\/"},"modified":"2021-03-29T11:20:49","modified_gmt":"2021-03-29T15:20:49","slug":"internationale-des-parents-deleves-hector-ardent-ouedraogo-elu-president","status":"publish","type":"post","link":"https:\/\/linitiative.ca\/International\/internationale-des-parents-deleves-hector-ardent-ouedraogo-elu-president\/","title":{"rendered":"Internationale des parents d\u2019\u00e9l\u00e8ves : Hector Ardent Ou\u00e9draogo \u00e9lu pr\u00e9sident"},"content":{"rendered":"<div class=\"td-post-featured-image\"><a href=\"https:\/\/www.sidwaya.info\/wp-content\/uploads\/2021\/03\/166069115_2501477056827524_7563177892820830583_o.jpg\" data-caption=\"\"><img loading=\"lazy\" decoding=\"async\" width=\"173\" height=\"220\" class=\"entry-thumb td-modal-image\" src=\"https:\/\/www.sidwaya.info\/wp-content\/uploads\/2021\/03\/166069115_2501477056827524_7563177892820830583_o.jpg\" srcset=\"https:\/\/www.sidwaya.info\/wp-content\/uploads\/2021\/03\/166069115_2501477056827524_7563177892820830583_o.jpg 173w, https:\/\/www.sidwaya.info\/wp-content\/uploads\/2021\/03\/166069115_2501477056827524_7563177892820830583_o-150x191.jpg 150w\" sizes=\"auto, (max-width: 173px) 100vw, 173px\" alt=\"\" title=\"166069115_2501477056827524_7563177892820830583_o\"\/><\/a><\/div>\n<p>Le Pr\u00e9sident de l\u2019Union Nationale des Associations des Parents d\u2019El\u00e8ves, du Post-primaire, du Secondaire et du Sup\u00e9rieur du Burkina (UNAPES-B) Monsieur Hector Ardent OUEDRAOGO est d\u00e9sormais le Pr\u00e9sident de l\u2019Internationale des Parents d\u2019El\u00e8ves (IPE). En effet il a \u00e9t\u00e9 \u00e9lu ce 27 mars 2021 \u00e0 Dakar au S\u00e9n\u00e9gal par ses pairs, lors du Congr\u00e8s Constitutif.<\/p>\n<p>Le poste a \u00e9t\u00e9 convoit\u00e9 au d\u00e9part par 10 pays que sont : le Burkina Faso, le Maroc, l\u2019Espagne, la R\u00e9publique D\u00e9mocratique du Congo, les Etats Unis d\u2019Amerique, l\u2019Europe, l\u2019Asie, l\u2019Alg\u00e9rie, le Canada et l\u2019Argentine. Mais au finish c\u2019est le Candidat du Pays des Hommes Int\u00e8gres qui a \u00e9t\u00e9 port\u00e9 par consensus \u00e0 la t\u00eate de cette institution pour un mandat de deux (2) ans non renouvelable. Il est assist\u00e9 par cinq (5) vice-pr\u00e9sidents et un Secr\u00e9tariat G\u00e9n\u00e9ral.<\/p>\n<p>Monsieur Hector Ardent OUEDRAOGO est Conseiller Technique du Maire de la ville de Ouagadougou, en charge des questions d\u2019\u00e9ducation, de sant\u00e9 et des affaires sociales.<\/p>\n<p>DCRP\/CO<\/p>\n<div class=\"td-a-rec td-a-rec-id-content_bottom tdi_33_062 td_block_template_1\">\n<p><img loading=\"lazy\" decoding=\"async\" class=\"aligncenter size-full wp-image-27454\" src=\"https:\/\/www.sidwaya.info\/wp-content\/uploads\/2020\/10\/PUB-Bandeau-paiement-mobile-siteweb.jpg\" alt=\"\" width=\"728\" height=\"90\"\/><\/div>\n<p>Auteur: Wamini SIDWAYA<br \/>\n<a href=\"https:\/\/www.sidwaya.info\/blog\/2021\/03\/29\/internationale-des-parents-deleves-hector-ardent-ouedraogo-elu-president\/\">Cliquez ici pour lire l&rsquo;article depuis sa source.<\/a><\/p>\n","protected":false},"excerpt":{"rendered":"<p>Le Pr\u00e9sident de l\u2019Union Nationale des Associations des Parents d\u2019El\u00e8ves, du Post-primaire, du Secondaire et du Sup\u00e9rieur du Burkina (UNAPES-B) Monsieur Hector Ardent OUEDRAOGO est d\u00e9sormais le Pr\u00e9sident de l\u2019Internationale des Parents d\u2019El\u00e8ves (IPE). En effet il a \u00e9t\u00e9 \u00e9lu ce 27 mars 2021 \u00e0 Dakar au S\u00e9n\u00e9gal par ses pairs, lors du Congr\u00e8s Constitutif. [&hellip;]<\/p>\n","protected":false},"author":1816,"featured_media":0,"comment_status":"closed","ping_status":"closed","sticky":false,"template":"","format":"standard","meta":{"fifu_image_url":"https:\/\/www.sidwaya.info\/wp-content\/uploads\/2021\/03\/166069115_2501477056827524_7563177892820830583_o.jpg","fifu_image_alt":"Internationale des parents d\u2019\u00e9l\u00e8ves : Hector Ardent Ou\u00e9draogo \u00e9lu pr\u00e9sident","footnotes":""},"categories":[73,81],"tags":[],"class_list":["post-113943","post","type-post","status-publish","format-standard","hentry","category-actualite","category-burkina-faso"],"_links":{"self":[{"href":"https:\/\/linitiative.ca\/International\/wp-json\/wp\/v2\/posts\/113943","targetHints":{"allow":["GET"]}}],"collection":[{"href":"https:\/\/linitiative.ca\/International\/wp-json\/wp\/v2\/posts"}],"about":[{"href":"https:\/\/linitiative.ca\/International\/wp-json\/wp\/v2\/types\/post"}],"author":[{"embeddable":true,"href":"https:\/\/linitiative.ca\/International\/wp-json\/wp\/v2\/users\/1816"}],"replies":[{"embeddable":true,"href":"https:\/\/linitiative.ca\/International\/wp-json\/wp\/v2\/comments?post=113943"}],"version-history":[{"count":0,"href":"https:\/\/linitiative.ca\/International\/wp-json\/wp\/v2\/posts\/113943\/revisions"}],"wp:attachment":[{"href":"https:\/\/linitiative.ca\/International\/wp-json\/wp\/v2\/media?parent=113943"}],"wp:term":[{"taxonomy":"category","embeddable":true,"href":"https:\/\/linitiative.ca\/International\/wp-json\/wp\/v2\/categories?post=113943"},{"taxonomy":"post_tag","embeddable":true,"href":"https:\/\/linitiative.ca\/International\/wp-json\/wp\/v2\/tags?post=113943"}],"curies":[{"name":"wp","href":"https:\/\/api.w.org\/{rel}","templated":true}]}}