{"id":113944,"date":"2021-03-29T13:08:44","date_gmt":"2021-03-29T17:08:44","guid":{"rendered":"https:\/\/linitiative.ca\/International\/cote-divoire-2-soldats-tues-4-blesses-et-3-terroristes-neutralises\/"},"modified":"2021-03-29T13:08:44","modified_gmt":"2021-03-29T17:08:44","slug":"cote-divoire-2-soldats-tues-4-blesses-et-3-terroristes-neutralises","status":"publish","type":"post","link":"https:\/\/linitiative.ca\/International\/cote-divoire-2-soldats-tues-4-blesses-et-3-terroristes-neutralises\/","title":{"rendered":"C\u00f4te d\u2019ivoire\u00a0: 2 soldats tu\u00e9s, 4 bless\u00e9s et 3 terroristes neutralis\u00e9s"},"content":{"rendered":"<div class=\"td-post-featured-image\"><a href=\"https:\/\/www.sidwaya.info\/wp-content\/uploads\/2021\/03\/images-4.jpg\" data-caption=\"\"><img loading=\"lazy\" decoding=\"async\" width=\"294\" height=\"171\" class=\"entry-thumb td-modal-image\" src=\"https:\/\/www.sidwaya.info\/wp-content\/uploads\/2021\/03\/images-4.jpg\" srcset=\"https:\/\/www.sidwaya.info\/wp-content\/uploads\/2021\/03\/images-4.jpg 294w, https:\/\/www.sidwaya.info\/wp-content\/uploads\/2021\/03\/images-4-150x87.jpg 150w\" sizes=\"auto, (max-width: 294px) 100vw, 294px\" alt=\"\" title=\"images\"\/><\/a><\/div>\n<p><strong>Le d\u00e9tachement des Forces Arm\u00e9es de la C\u00f4te d\u2019Ivoire (FACI) a \u00e9t\u00e9 attaqu\u00e9 dans la nuit du 28 au 29 mars 2021 par des individus arm\u00e9s non identifi\u00e9s.<\/strong><\/p>\n<p>Deux positions des forces arm\u00e9es de la C\u00f4te d\u2019Ivoire ont subi deux attaques d\u2019individus arm\u00e9s non identifi\u00e9s dans la nuit du 28 au 29 mars 2021, aux environs de 00h et 1h30. \u00a0Selon les m\u00e9dias ivoiriens, la premi\u00e8re attaque a \u00e9t\u00e9 men\u00e9e par une soixantaine d\u2019individus lourdement arm\u00e9s, \u00e0 Kafolo. La seconde attaque quant \u00e0 elle, a vis\u00e9 un poste de gendarmerie \u00e0 Kolobougou, localit\u00e9 frontali\u00e8re situ\u00e9e \u00e0 une soixantaine de kilom\u00e8tres du Burkina Faso.<\/p>\n<p>Le bilan provisoire de l\u2019attaque fait \u00e9tat de deux soldats tu\u00e9s et quatre bless\u00e9s, contre trois terroristes tu\u00e9s et quatre autres interpell\u00e9s. Du mat\u00e9riel d\u2019armement et des munitions ont \u00e9t\u00e9 saisi.<\/p>\n<p>Le chef d\u2019Etat-major g\u00e9n\u00e9ral des arm\u00e9es a annonc\u00e9 qu\u2019un ratissage est en cours.<\/p>\n<p><strong>La R\u00e9daction<\/strong><\/p>\n<div class=\"td-a-rec td-a-rec-id-content_bottom tdi_33_623 td_block_template_1\">\n<p><img loading=\"lazy\" decoding=\"async\" class=\"aligncenter size-full wp-image-27454\" src=\"https:\/\/www.sidwaya.info\/wp-content\/uploads\/2020\/10\/PUB-Bandeau-paiement-mobile-siteweb.jpg\" alt=\"\" width=\"728\" height=\"90\"\/><\/div>\n<p>Auteur: Wamini SIDWAYA<br \/>\n<a href=\"https:\/\/www.sidwaya.info\/blog\/2021\/03\/29\/cote-divoire-2-soldats-tues-4-blesses-et-3-terroristes-neutralises\/\">Cliquez ici pour lire l&rsquo;article depuis sa source.<\/a><\/p>\n","protected":false},"excerpt":{"rendered":"<p>Le d\u00e9tachement des Forces Arm\u00e9es de la C\u00f4te d\u2019Ivoire (FACI) a \u00e9t\u00e9 attaqu\u00e9 dans la nuit du 28 au 29 mars 2021 par des individus arm\u00e9s non identifi\u00e9s. Deux positions des forces arm\u00e9es de la C\u00f4te d\u2019Ivoire ont subi deux attaques d\u2019individus arm\u00e9s non identifi\u00e9s dans la nuit du 28 au 29 mars 2021, aux [&hellip;]<\/p>\n","protected":false},"author":1816,"featured_media":0,"comment_status":"closed","ping_status":"closed","sticky":false,"template":"","format":"standard","meta":{"fifu_image_url":"https:\/\/www.sidwaya.info\/wp-content\/uploads\/2021\/03\/images-4.jpg","fifu_image_alt":"C\u00f4te d\u2019ivoire\u00a0: 2 soldats tu\u00e9s, 4 bless\u00e9s et 3 terroristes neutralis\u00e9s","footnotes":""},"categories":[73,81],"tags":[],"class_list":["post-113944","post","type-post","status-publish","format-standard","hentry","category-actualite","category-burkina-faso"],"_links":{"self":[{"href":"https:\/\/linitiative.ca\/International\/wp-json\/wp\/v2\/posts\/113944","targetHints":{"allow":["GET"]}}],"collection":[{"href":"https:\/\/linitiative.ca\/International\/wp-json\/wp\/v2\/posts"}],"about":[{"href":"https:\/\/linitiative.ca\/International\/wp-json\/wp\/v2\/types\/post"}],"author":[{"embeddable":true,"href":"https:\/\/linitiative.ca\/International\/wp-json\/wp\/v2\/users\/1816"}],"replies":[{"embeddable":true,"href":"https:\/\/linitiative.ca\/International\/wp-json\/wp\/v2\/comments?post=113944"}],"version-history":[{"count":0,"href":"https:\/\/linitiative.ca\/International\/wp-json\/wp\/v2\/posts\/113944\/revisions"}],"wp:attachment":[{"href":"https:\/\/linitiative.ca\/International\/wp-json\/wp\/v2\/media?parent=113944"}],"wp:term":[{"taxonomy":"category","embeddable":true,"href":"https:\/\/linitiative.ca\/International\/wp-json\/wp\/v2\/categories?post=113944"},{"taxonomy":"post_tag","embeddable":true,"href":"https:\/\/linitiative.ca\/International\/wp-json\/wp\/v2\/tags?post=113944"}],"curies":[{"name":"wp","href":"https:\/\/api.w.org\/{rel}","templated":true}]}}