{"id":113946,"date":"2021-03-29T16:45:31","date_gmt":"2021-03-29T20:45:31","guid":{"rendered":"https:\/\/linitiative.ca\/International\/obseques-de-marie-soleil-frere-la-nation-burkinabe-reconnaissante-a-une-combattante-de-la-liberte\/"},"modified":"2021-03-29T16:45:31","modified_gmt":"2021-03-29T20:45:31","slug":"obseques-de-marie-soleil-frere-la-nation-burkinabe-reconnaissante-a-une-combattante-de-la-liberte","status":"publish","type":"post","link":"https:\/\/linitiative.ca\/International\/obseques-de-marie-soleil-frere-la-nation-burkinabe-reconnaissante-a-une-combattante-de-la-liberte\/","title":{"rendered":"Obs\u00e8ques de Marie-Soleil Fr\u00e8re  : la nation burkinab\u00e8 reconnaissante \u00e0 une \u00ab combattante de la libert\u00e9 \u00bb"},"content":{"rendered":"<div class=\"td-post-featured-image\"><a href=\"https:\/\/www.sidwaya.info\/wp-content\/uploads\/2021\/03\/1-43.jpg\" data-caption=\"\"><img loading=\"lazy\" decoding=\"async\" width=\"696\" height=\"392\" class=\"entry-thumb td-modal-image\" src=\"https:\/\/www.sidwaya.info\/wp-content\/uploads\/2021\/03\/1-43-696x392.jpg\" srcset=\"https:\/\/www.sidwaya.info\/wp-content\/uploads\/2021\/03\/1-43-696x392.jpg 696w, https:\/\/www.sidwaya.info\/wp-content\/uploads\/2021\/03\/1-43-300x169.jpg 300w, https:\/\/www.sidwaya.info\/wp-content\/uploads\/2021\/03\/1-43-1024x577.jpg 1024w, https:\/\/www.sidwaya.info\/wp-content\/uploads\/2021\/03\/1-43-768x432.jpg 768w, https:\/\/www.sidwaya.info\/wp-content\/uploads\/2021\/03\/1-43-150x84.jpg 150w, https:\/\/www.sidwaya.info\/wp-content\/uploads\/2021\/03\/1-43-1068x601.jpg 1068w, https:\/\/www.sidwaya.info\/wp-content\/uploads\/2021\/03\/1-43-746x420.jpg 746w, https:\/\/www.sidwaya.info\/wp-content\/uploads\/2021\/03\/1-43.jpg 1293w\" sizes=\"auto, (max-width: 696px) 100vw, 696px\" alt=\"\" title=\"1\"\/><\/a><\/div>\n<p><strong>Le Burkina Faso a d\u00e9cor\u00e9, \u00e0 titre posthume une \u00ab\u00a0<em>combattante de la libert\u00e9<\/em>\u00a0\u00bb, Maire-Soleil Fr\u00e8re, \u00e9pouse Minougou, d\u00e9c\u00e9d\u00e9e dans la nuit du<\/strong> <strong>18<\/strong> <strong>au<\/strong> <strong>1<\/strong><strong>9<\/strong> <strong>mars<\/strong> <strong>2021<\/strong><strong>. C\u2019\u00e9tait le jeudi<\/strong> 25 <strong>mars au cimeti\u00e8re de Durbuy, le village natal de ses parents en Belgique o\u00f9 les obs\u00e8ques de la professeur-chercheuse ont r\u00e9uni parents, amis coll\u00e8gues, anciens \u00e9tudiants.<\/strong><\/p>\n<figure id=\"attachment_33877\" aria-describedby=\"caption-attachment-33877\" class=\"wp-caption alignright c1\"><img decoding=\"async\" loading=\"lazy\" class=\"wp-image-33877 size-medium\" src=\"https:\/\/www.sidwaya.info\/wp-content\/uploads\/2021\/03\/2-2-300x169.jpg\" alt=\"\" width=\"300\" height=\"169\" srcset=\"https:\/\/www.sidwaya.info\/wp-content\/uploads\/2021\/03\/2-2-300x169.jpg 300w, https:\/\/www.sidwaya.info\/wp-content\/uploads\/2021\/03\/2-2-768x433.jpg 768w, https:\/\/www.sidwaya.info\/wp-content\/uploads\/2021\/03\/2-2-150x85.jpg 150w, https:\/\/www.sidwaya.info\/wp-content\/uploads\/2021\/03\/2-2-696x392.jpg 696w, https:\/\/www.sidwaya.info\/wp-content\/uploads\/2021\/03\/2-2-745x420.jpg 745w, https:\/\/www.sidwaya.info\/wp-content\/uploads\/2021\/03\/2-2.jpg 791w\" sizes=\"auto, (max-width: 300px) 100vw, 300px\"\/><figcaption id=\"caption-attachment-33877\" class=\"wp-caption-text\">Seydou Borro, conform\u00e9ment \u00e0 la derri\u00e8re volont\u00e9 de l\u2019illustre disparue a dans\u00e9 en sa m\u00e9moire.<\/figcaption><\/figure>\n<p>Malgr\u00e9 un contexte sanitaire particulier, l\u2019ultime hommage de Marie-Soleil Fr\u00e8re a r\u00e9uni du monde \u00e0 Durbuy, village situ\u00e9 \u00e0 125 km de Bruxelles en Belgique. Au rang des invit\u00e9es, l\u2019ambassadeur-repr\u00e9sentant adjoint du Burkina Faso en Belgique, Oumarou Borro, agissant au nom du le chef de la diplomatie du Burkina \u00e0 Bruxelles, Jacqueline Zaba en mission et Thierry Hot, le conseiller sp\u00e9cial du pr\u00e9sident du Faso, envoy\u00e9 sp\u00e9cial pour l\u2019occasion. La sp\u00e9cialiste des m\u00e9dias africains qui est d\u00e9c\u00e9d\u00e9e, de l\u2019avis de l\u2019ambassadeur adjoint, a marqu\u00e9 de son emprunt la presse et la communication burkinab\u00e8 et bien plus. \u00ab\u00a0<em>Notre compatriote et d\u00e9funte s\u2019est investie non seulement dans la cr\u00e9ation de cadres structurelles mais \u00e9galement dans la recherche qui a favoris\u00e9 l\u2019\u00e9panouissement du journalisme, aussi bien au Burkina Faso que dans toute l\u2019Afrique francophone. En t\u00e9moigne sa contribution \u00e0 la cr\u00e9ation du D\u00e9partement communication et journalisme \u00e0 l\u2019universit\u00e9 de Ouagadougou, du Centre national de Presse Norbert Zongo, ses nombreuses publications d\u2019articles et d\u2019ouvrages sur les m\u00e9dias et le journalisme en Afrique, son r\u00f4le majeur et r\u00e9gulier dans les Universit\u00e9s africaines de la communication de Ouagadougou (UACO) cette belle tribune de la promotion de la communication et de l\u2019information<\/em>\u00a0\u00bb, a \u00e9num\u00e9r\u00e9 le diplomate Ganou. En reconnaissance de son action pour le Burkina Faso et l\u2019Afrique, le pr\u00e9sident du Faso a \u00e9lev\u00e9 Marie-Soleil, \u00e0 titre posthume, au rang d\u2019Officier du m\u00e9rite des arts, de la culture et de la communication.<\/p>\n<p>De leurs c\u00f4t\u00e9s, les \u00e9tudiants de l\u2019universit\u00e9 de Ouagadougou, par la voix de Thierry Hot ont salu\u00e9 la m\u00e9moire d\u2019une formateur hors pair pr\u00e9matur\u00e9ment arrach\u00e9 \u00e0 leur affection. Visiblement impact\u00e9 par la douleur, l\u2019\u00e9poux de l\u2019illustre disparue, le c\u00e9l\u00e8bre metteur en sc\u00e8ne, Etienne Minoungou a honor\u00e9 la derni\u00e8re volont\u00e9 de la d\u00e9funte assurant une mise en sc\u00e8ne intense en \u00e9motion des obs\u00e8ques de la d\u00e9funte. En effet, profond\u00e9ment attach\u00e9e au Burkina Faso, sa seconde patrie et \u00e0 sa culture, Marie-Soleil a souhait\u00e9 des obs\u00e8ques o\u00f9 traditions et modernit\u00e9 feront m\u00e9nage. Les notes musicales du pays des Hommes int\u00e8gres dont celles de la guitare de Tanga en fond sonore et du c\u00e9l\u00e8bre flutiste Burkinab\u00e8, Simon Winse renvoyaient aux c\u00e9r\u00e9monies au Faso.<\/p>\n<p><strong>Le prix d\u2019excellence Marie-Soleil Fr\u00e8re<\/strong><\/p>\n<p>Que dire des moments de danse individuelle avec le c\u00e9l\u00e8bre Seydou Borro et collective inspir\u00e9e des fun\u00e9railles des anciens en Afrique que Marie-Soleil, la Burkinab\u00e8 a souhait\u00e9 en d\u00e9pit de son \u00e2ge relativement jeune. Mais les moments les plus intenses demeurent ces textes que la d\u00e9funte litt\u00e9raire affectionnait tant dont la lecture a \u00e9t\u00e9 donn\u00e9e par son mari sur fond de musique lyrique, des moments qui ont pouss\u00e9 l\u2019\u00e9motion \u00e0 son comble.<\/p>\n<p>Au chapitre des t\u00e9moignages, le p\u00e8re de Marie-Soleil a remont\u00e9 des souvenirs d\u2019une fille qui a tout de suite aim\u00e9 l\u2019\u00e9cole. \u00ab\u00a0<em>A trois ans, en voyant partir ta s\u0153ur ain\u00e9e, tu as exig\u00e9 d\u2019aller avec elle \u00e0 l\u2019\u00e9cole. Ta m\u00e8re, croyant jouer sur tes sentiments te demanda mais avec qui vais-je rester si tu prends toi aussi le chemin de l\u2019\u00e9cole. Et toi de r\u00e9pondre\u00a0: le chat !<\/em>\u00a0\u00bb, se souvient papa Fr\u00e8re nostalgique et plein d\u2019amertume. Son brillant parcours acad\u00e9mique et sa carri\u00e8re exceptionnelle ne sont donc pas le fruit du hasard.<\/p>\n<p>La voix \u00e9touff\u00e9e par l\u2019\u00e9motion, le professeur Julien Pierre prenant la parole au nom de la rectrice de l\u2019Universit\u00e9 libre de Bruxelles (ULB) o\u00f9 elle officiait, a soulign\u00e9 la comp\u00e9tence, l\u2019abn\u00e9gation de celle que nous pleurons tous au travail. L\u2019ULB a d\u00e9cid\u00e9 de rebaptiser le prix d\u2019excellence qui r\u00e9compense le corps professoral au nom de Marie-Soleil Fr\u00e8re qui laisse derri\u00e8re elle, deux filles.<\/p>\n<p class=\"c2\"><strong>J\u00e9r\u00e9mie NION<\/strong><\/p>\n<p class=\"c2\"><strong>Attach\u00e9 de presse<\/strong><\/p>\n<p class=\"c2\"><strong>Ambassade du Burkina en Belgique<\/strong><\/p>\n<div class=\"td-a-rec td-a-rec-id-content_bottom tdi_33_a55 td_block_template_1\">\n<p><img loading=\"lazy\" decoding=\"async\" class=\"aligncenter size-full wp-image-27454\" src=\"https:\/\/www.sidwaya.info\/wp-content\/uploads\/2020\/10\/PUB-Bandeau-paiement-mobile-siteweb.jpg\" alt=\"\" width=\"728\" height=\"90\"\/><\/div>\n<p>Auteur: BM. Sidwaya<br \/>\n<a href=\"https:\/\/www.sidwaya.info\/blog\/2021\/03\/29\/obseques-de-marie-soleil-frere-la-nation-burkinabe-reconnaissante-a-une-combattante-de-la-liberte\/\">Cliquez ici pour lire l&rsquo;article depuis sa source.<\/a><\/p>\n","protected":false},"excerpt":{"rendered":"<p>Le Burkina Faso a d\u00e9cor\u00e9, \u00e0 titre posthume une \u00ab\u00a0combattante de la libert\u00e9\u00a0\u00bb, Maire-Soleil Fr\u00e8re, \u00e9pouse Minougou, d\u00e9c\u00e9d\u00e9e dans la nuit du 18 au 19 mars 2021. C\u2019\u00e9tait le jeudi 25 mars au cimeti\u00e8re de Durbuy, le village natal de ses parents en Belgique o\u00f9 les obs\u00e8ques de la professeur-chercheuse ont r\u00e9uni parents, amis coll\u00e8gues, [&hellip;]<\/p>\n","protected":false},"author":1816,"featured_media":0,"comment_status":"closed","ping_status":"closed","sticky":false,"template":"","format":"standard","meta":{"fifu_image_url":"https:\/\/www.sidwaya.info\/wp-content\/uploads\/2021\/03\/1-43-696x392.jpg","fifu_image_alt":"Obs\u00e8ques de Marie-Soleil Fr\u00e8re  : la nation burkinab\u00e8 reconnaissante \u00e0 une \u00ab combattante de la libert\u00e9 \u00bb","footnotes":""},"categories":[73,81],"tags":[],"class_list":["post-113946","post","type-post","status-publish","format-standard","hentry","category-actualite","category-burkina-faso"],"_links":{"self":[{"href":"https:\/\/linitiative.ca\/International\/wp-json\/wp\/v2\/posts\/113946","targetHints":{"allow":["GET"]}}],"collection":[{"href":"https:\/\/linitiative.ca\/International\/wp-json\/wp\/v2\/posts"}],"about":[{"href":"https:\/\/linitiative.ca\/International\/wp-json\/wp\/v2\/types\/post"}],"author":[{"embeddable":true,"href":"https:\/\/linitiative.ca\/International\/wp-json\/wp\/v2\/users\/1816"}],"replies":[{"embeddable":true,"href":"https:\/\/linitiative.ca\/International\/wp-json\/wp\/v2\/comments?post=113946"}],"version-history":[{"count":0,"href":"https:\/\/linitiative.ca\/International\/wp-json\/wp\/v2\/posts\/113946\/revisions"}],"wp:attachment":[{"href":"https:\/\/linitiative.ca\/International\/wp-json\/wp\/v2\/media?parent=113946"}],"wp:term":[{"taxonomy":"category","embeddable":true,"href":"https:\/\/linitiative.ca\/International\/wp-json\/wp\/v2\/categories?post=113946"},{"taxonomy":"post_tag","embeddable":true,"href":"https:\/\/linitiative.ca\/International\/wp-json\/wp\/v2\/tags?post=113946"}],"curies":[{"name":"wp","href":"https:\/\/api.w.org\/{rel}","templated":true}]}}