{"id":113948,"date":"2021-03-29T04:58:34","date_gmt":"2021-03-29T08:58:34","guid":{"rendered":"https:\/\/linitiative.ca\/International\/des-cours-de-formation-et-de-certification-huawei-desormais-dans-les-programmes-de-quatre-universites-partenaires-au-cameroun\/"},"modified":"2021-03-29T04:58:34","modified_gmt":"2021-03-29T08:58:34","slug":"des-cours-de-formation-et-de-certification-huawei-desormais-dans-les-programmes-de-quatre-universites-partenaires-au-cameroun","status":"publish","type":"post","link":"https:\/\/linitiative.ca\/International\/des-cours-de-formation-et-de-certification-huawei-desormais-dans-les-programmes-de-quatre-universites-partenaires-au-cameroun\/","title":{"rendered":"Des cours de formation et de certification Huawei d\u00e9sormais dans les programmes de quatre universit\u00e9s partenaires au Cameroun"},"content":{"rendered":"<div readability=\"32\">\n<p>Publi\u00e9 le 29.03.2021 \u00e0 09h58 par JournalduCameroun.com<\/p>\n<\/div>\n<div readability=\"83\">\n<h5 class=\"c9\">Un protocole d\u2019entente a \u00e9t\u00e9 sign\u00e9 \u00e0 cet effet entre le minist\u00e8re camerounais de l\u2019Enseignement sup\u00e9rieur et le g\u00e9ant mondial du num\u00e9rique, ce 25 mars \u00e0 Yaound\u00e9.<\/h5>\n<p class=\"c10\"><strong>Huawei<\/strong> va former des \u00e9tudiants camerounais et va les certifier \u00e0 ses programmes <em>Huawei ICT Academy et Seed for the future<\/em>. Des cours dans cette optique vont \u00eatre dispens\u00e9s dans les universit\u00e9s partenaires. Il s\u2019agit de l\u2019Ecole nationale sup\u00e9rieure des Postes, des T\u00e9l\u00e9communications et des Technologies de l\u2019Information et de la Communication (SUP\u2019PTIC), de L\u2019Ecole nationale polytechnique de Yaound\u00e9, de l\u2019Universit\u00e9 de Douala et de l\u2019Institut universitaire de la c\u00f4te.<\/p>\n<p class=\"c10\">Le <strong>Memorandum of Understanding<\/strong> (protocole entente) qui a \u00e9t\u00e9 sign\u00e9 entre le ministre d\u2019Etat, ministre de l\u2019Enseignement sup\u00e9rieur, Jacques Fame Ndongo et Lo\u00efse Tamalgo, Vice-pr\u00e9sident en charge des Relations publiques pour l\u2019Afrique Sub-Saharienne de Huawei Northern Africa comporte un cahier des charges pour chacune des deux parties.<\/p>\n<p class=\"c10\">Huawei va former les \u00e9tudiants des universit\u00e9s partenaires. A charge pour le g\u00e9ant chinois du num\u00e9rique de faire b\u00e9n\u00e9ficier aux meilleurs \u00e9tudiants\u00a0 de ce programme des bourses internationales de la <em>ICT Academy et de Seeds for the future<\/em>. Huawei va \u00e9galement organiser chaque ann\u00e9e un forum d\u2019emploi avec les entreprises qui font dans le secteur des TIC en faveur des \u00e9tudiants certifi\u00e9s de ICT Academy. Pour le gouvernement camerounais repr\u00e9sent\u00e9 par le minist\u00e8re de l\u2019Enseignement sup\u00e9rieur, il s\u2019agira d\u2019apporter un appui en permettant que ces formations et certifications soient institu\u00e9es dans les formations acad\u00e9miques partenaires. Et dans ce cadre, de faciliter le cas \u00e9ch\u00e9ant la signature d\u2019accords sp\u00e9cifiques.<\/p>\n<p><img loading=\"lazy\" decoding=\"async\" class=\"alignnone size-medium wp-image-385241\" src=\"http:\/\/www.journalducameroun.com\/wp-content\/uploads\/2021\/03\/d2c22eb7-925d-4aad-b451-7ca62960870a-300x200.jpg\" alt=\"\" width=\"300\" height=\"200\" srcset=\"https:\/\/www.journalducameroun.com\/wp-content\/uploads\/2021\/03\/d2c22eb7-925d-4aad-b451-7ca62960870a-300x200.jpg 300w, https:\/\/www.journalducameroun.com\/wp-content\/uploads\/2021\/03\/d2c22eb7-925d-4aad-b451-7ca62960870a-768x512.jpg 768w, https:\/\/www.journalducameroun.com\/wp-content\/uploads\/2021\/03\/d2c22eb7-925d-4aad-b451-7ca62960870a-1024x683.jpg 1024w, https:\/\/www.journalducameroun.com\/wp-content\/uploads\/2021\/03\/d2c22eb7-925d-4aad-b451-7ca62960870a-660x440.jpg 660w, https:\/\/www.journalducameroun.com\/wp-content\/uploads\/2021\/03\/d2c22eb7-925d-4aad-b451-7ca62960870a-600x400.jpg 600w, https:\/\/www.journalducameroun.com\/wp-content\/uploads\/2021\/03\/d2c22eb7-925d-4aad-b451-7ca62960870a.jpg 1080w\" sizes=\"auto, (max-width: 300px) 100vw, 300px\"\/><\/p>\n<p class=\"c10\">Pour le Ministre d\u2019Etat, Ministre de l\u2019Enseignement sup\u00e9rieur, <em>\u00ab\u00a0l\u2019entreprise Huawei Technologies Company Cameroun Limited se d\u00e9ploie avec un succ\u00e8s grandissant depuis une dizaine d\u2019ann\u00e9es. Elle\u00a0 a su depuis lors s\u2019imposer comme un partenaire incontournable de notre pays dans le d\u00e9veloppement des TIC\u00a0 et de l\u2019\u00e9conomie num\u00e9rique\u00a0\u00bb.<\/em> Le ministre d\u2019Etat Jacques Fame Ndongo a indiqu\u00e9 que <em>\u00ab\u00a0la convention que nous paraphons ce jour a pour objet de d\u00e9finir les modalit\u00e9s de coop\u00e9ration entre nos deux structures dans le souci de permettre aux institutions d\u2019enseignements sup\u00e9rieurs acad\u00e9miques partenaires de r\u00e9aliser les formations et certifications de la Huawei ICT Academy qui leur sont assign\u00e9es avec l\u2019appui de la Huawei Technologies Company limited. Cette initiative vise \u00e0 promouvoir la capacitation des \u00e9tudiants et \u00e0 stimuler leur contribution au d\u00e9veloppement du num\u00e9rique\u00a0\u00bb<\/em>.<\/p>\n<p class=\"c10\">Pour ce membre du gouvernement, Huawei est\u00a0 une <em>\u00ab\u00a0entreprise citoyenne<\/em> <em>[qui]<\/em> <em>s\u2019est \u00e9galement illustr\u00e9e par son implication et son appui\u00a0 \u00e0 la formation et la recherche \u00e0 travers l\u2019octroi des bourses et des voyages d\u2019\u00e9tudes r\u00e9guli\u00e8rement offerts aux \u00e9tudiants camerounais pour se former dans ces domaines\u00a0\u00bb<\/em>.<\/p>\n<p class=\"c10\">De son c\u00f4t\u00e9, Lo\u00efse Tamalgo a pr\u00e9cis\u00e9 qu\u2019 <em>\u00ab en tant qu\u2019entreprise \u00e9trang\u00e8re, la philosophie de <strong>Huawei Cameroun<\/strong> est de participer et accompagner la strat\u00e9gie du gouvernement du Cameroun dans le transfert de know-how en TIC aux jeunes \u00e9tudiants pour qu\u2019ils soient plus comp\u00e9tents sur le march\u00e9 de l\u2019emploi \u00e0 l\u2019internationale, ainsi qu\u2019\u00e0 la demande des employeurs des grandes soci\u00e9t\u00e9s et aussi une possibilit\u00e9 de self-emplois comme les start-ups\u00a0\u00bb.<\/em><\/p>\n<p><img loading=\"lazy\" decoding=\"async\" class=\"alignnone size-medium wp-image-385242\" src=\"http:\/\/www.journalducameroun.com\/wp-content\/uploads\/2021\/03\/dc909f6f-7159-4a60-a944-6b2e22057a84-300x297.jpg\" alt=\"\" width=\"300\" height=\"297\" srcset=\"https:\/\/www.journalducameroun.com\/wp-content\/uploads\/2021\/03\/dc909f6f-7159-4a60-a944-6b2e22057a84-300x297.jpg 300w, https:\/\/www.journalducameroun.com\/wp-content\/uploads\/2021\/03\/dc909f6f-7159-4a60-a944-6b2e22057a84-150x150.jpg 150w, https:\/\/www.journalducameroun.com\/wp-content\/uploads\/2021\/03\/dc909f6f-7159-4a60-a944-6b2e22057a84-768x760.jpg 768w, https:\/\/www.journalducameroun.com\/wp-content\/uploads\/2021\/03\/dc909f6f-7159-4a60-a944-6b2e22057a84.jpg 1024w, https:\/\/www.journalducameroun.com\/wp-content\/uploads\/2021\/03\/dc909f6f-7159-4a60-a944-6b2e22057a84-445x440.jpg 445w, https:\/\/www.journalducameroun.com\/wp-content\/uploads\/2021\/03\/dc909f6f-7159-4a60-a944-6b2e22057a84-60x60.jpg 60w, https:\/\/www.journalducameroun.com\/wp-content\/uploads\/2021\/03\/dc909f6f-7159-4a60-a944-6b2e22057a84-100x100.jpg 100w, https:\/\/www.journalducameroun.com\/wp-content\/uploads\/2021\/03\/dc909f6f-7159-4a60-a944-6b2e22057a84-600x594.jpg 600w\" sizes=\"auto, (max-width: 300px) 100vw, 300px\"\/><\/p>\n<p class=\"c10\">L\u2019accord ainsi sign\u00e9 va faire l\u2019objet d\u2019un suivi \u00e9valuation tous les semestres et ceux des \u00e9tablissements qui auront atteint au moins 30 % de certification pourront recevoir des distinctions. L\u2019accord est pr\u00e9vu pour durer cinq ans renouvelables de fa\u00e7on express. D\u2019o\u00f9 le satisfecit du Pr Jacques Fame Ndongo qui a solennellement adresser ses \u00a0chaleureuses f\u00e9licitations et ses vifs encouragements \u00e0 Huawei. Car, a-t-l pr\u00e9cis\u00e9, <em>\u00ab\u00a0l\u2019action d\u00e9cisive et salutaire de cette entreprise, magnifie par ailleurs, l\u2019excellence de la coop\u00e9ration \u00f4 combien fructueuse entre la Chine et le Cameroun\u00a0\u00bb.<\/em><\/p>\n<\/div>\n<p>Auteur: journalducameroun<br \/>\n<a href=\"https:\/\/www.journalducameroun.com\/des-cours-de-formation-et-de-certification-huawei-desormais-dans-les-programmes-de-quatre-universites-partenaires-au-cameroun\/\">Cliquez ici pour lire l&rsquo;article depuis sa source.<\/a><\/p>\n","protected":false},"excerpt":{"rendered":"<p>Publi\u00e9 le 29.03.2021 \u00e0 09h58 par JournalduCameroun.com Un protocole d\u2019entente a \u00e9t\u00e9 sign\u00e9 \u00e0 cet effet entre le minist\u00e8re camerounais de l\u2019Enseignement sup\u00e9rieur et le g\u00e9ant mondial du num\u00e9rique, ce 25 mars \u00e0 Yaound\u00e9. Huawei va former des \u00e9tudiants camerounais et va les certifier \u00e0 ses programmes Huawei ICT Academy et Seed for the future. [&hellip;]<\/p>\n","protected":false},"author":1965,"featured_media":0,"comment_status":"closed","ping_status":"closed","sticky":false,"template":"","format":"standard","meta":{"fifu_image_url":"http:\/\/www.journalducameroun.com\/wp-content\/uploads\/2021\/03\/d2c22eb7-925d-4aad-b451-7ca62960870a-300x200.jpg","fifu_image_alt":"Des cours de formation et de certification Huawei d\u00e9sormais dans les programmes de quatre universit\u00e9s partenaires au Cameroun","footnotes":""},"categories":[73,82],"tags":[],"class_list":["post-113948","post","type-post","status-publish","format-standard","hentry","category-actualite","category-cameroun"],"_links":{"self":[{"href":"https:\/\/linitiative.ca\/International\/wp-json\/wp\/v2\/posts\/113948","targetHints":{"allow":["GET"]}}],"collection":[{"href":"https:\/\/linitiative.ca\/International\/wp-json\/wp\/v2\/posts"}],"about":[{"href":"https:\/\/linitiative.ca\/International\/wp-json\/wp\/v2\/types\/post"}],"author":[{"embeddable":true,"href":"https:\/\/linitiative.ca\/International\/wp-json\/wp\/v2\/users\/1965"}],"replies":[{"embeddable":true,"href":"https:\/\/linitiative.ca\/International\/wp-json\/wp\/v2\/comments?post=113948"}],"version-history":[{"count":0,"href":"https:\/\/linitiative.ca\/International\/wp-json\/wp\/v2\/posts\/113948\/revisions"}],"wp:attachment":[{"href":"https:\/\/linitiative.ca\/International\/wp-json\/wp\/v2\/media?parent=113948"}],"wp:term":[{"taxonomy":"category","embeddable":true,"href":"https:\/\/linitiative.ca\/International\/wp-json\/wp\/v2\/categories?post=113948"},{"taxonomy":"post_tag","embeddable":true,"href":"https:\/\/linitiative.ca\/International\/wp-json\/wp\/v2\/tags?post=113948"}],"curies":[{"name":"wp","href":"https:\/\/api.w.org\/{rel}","templated":true}]}}