{"id":113949,"date":"2021-03-29T06:22:41","date_gmt":"2021-03-29T10:22:41","guid":{"rendered":"https:\/\/linitiative.ca\/International\/cameroun-six-presumes-elements-de-boko-haram-tues-a-dabanga-dans-lextreme-nord\/"},"modified":"2021-03-29T06:22:41","modified_gmt":"2021-03-29T10:22:41","slug":"cameroun-six-presumes-elements-de-boko-haram-tues-a-dabanga-dans-lextreme-nord","status":"publish","type":"post","link":"https:\/\/linitiative.ca\/International\/cameroun-six-presumes-elements-de-boko-haram-tues-a-dabanga-dans-lextreme-nord\/","title":{"rendered":"Cameroun : six pr\u00e9sum\u00e9s \u00e9l\u00e9ments de Boko Haram tu\u00e9s \u00e0 Dabanga, dans l\u2019Extr\u00eame-Nord"},"content":{"rendered":"<div readability=\"32\">\n<p>Publi\u00e9 le 29.03.2021 \u00e0 11h22 par Journal du Cameroun<\/p>\n<\/div>\n<div readability=\"53\">\n<h5><strong>Apr\u00e8s une attaque du camp militaire de la localit\u00e9, ils ont \u00e9t\u00e9 rattrap\u00e9s au moment de leur fuite par les tirs des soldats<\/strong> de la Force multinationale mixte pr\u00e9sents sur les lieux.<\/h5>\n<p>Un \u00a0correspondant du poste national de la <strong>CRTV<\/strong>, a rendu compte le 28 mars au journal de 13 heures, du bilan d\u2019une attaque survenue la veille, des personnes soup\u00e7onn\u00e9es appartenir \u00e0 la secte <strong>Boko Haram<\/strong> dans la localit\u00e9 de Dabanga \u00e0 l\u2019<strong>Extr\u00eame-Nord<\/strong>.<\/p>\n<p>\u00ab <em>Bilan de l\u2019attaque, six \u00e9l\u00e9ments de Boko haram tu\u00e9s. Des assaillants dans leur fuite, ont abandonn\u00e9 des v\u00e9hicules avec leurs munitions et une moto. Le calme est revenu \u00e0 Dabanga, les populations ont pu regagner leur domicile<\/em>\u00bb a d\u00e9crit le journaliste.<\/p>\n<p>Les t\u00e9moignages recueillis sur place r\u00e9v\u00e8lent que tout est parti d\u2019une offensive des assaillants qui ont notamment ouvert le feu sur le camp du Bataillon d\u2019intervention rapide (<strong>BIR<\/strong>). Les militaires camerounais et leurs compagnons de la Force multinationale mixte, ont imm\u00e9diatement r\u00e9pliqu\u00e9 pour mettre en d\u00e9route les combattants rebelles.<\/p>\n<p>Des informations non encore authentifi\u00e9es indiquent qu\u2019un \u00e9l\u00e9ment du BIR et trois civils ont aussi perdu la vie dans cette attaque terroriste.<\/p>\n<\/div>\n<p>Auteur: Christian DJIMADEU<br \/>\n<a href=\"https:\/\/www.journalducameroun.com\/cameroun-six-presumes-elements-de-boko-haram-tues-a-dabanga-dans-lextreme-nord-cameroun\/\">Cliquez ici pour lire l&rsquo;article depuis sa source.<\/a><\/p>\n","protected":false},"excerpt":{"rendered":"<p>Publi\u00e9 le 29.03.2021 \u00e0 11h22 par Journal du Cameroun Apr\u00e8s une attaque du camp militaire de la localit\u00e9, ils ont \u00e9t\u00e9 rattrap\u00e9s au moment de leur fuite par les tirs des soldats de la Force multinationale mixte pr\u00e9sents sur les lieux. Un \u00a0correspondant du poste national de la CRTV, a rendu compte le 28 mars [&hellip;]<\/p>\n","protected":false},"author":1965,"featured_media":0,"comment_status":"closed","ping_status":"closed","sticky":false,"template":"","format":"standard","meta":{"fifu_image_url":"","fifu_image_alt":"","footnotes":""},"categories":[73,82],"tags":[],"class_list":["post-113949","post","type-post","status-publish","format-standard","hentry","category-actualite","category-cameroun"],"_links":{"self":[{"href":"https:\/\/linitiative.ca\/International\/wp-json\/wp\/v2\/posts\/113949","targetHints":{"allow":["GET"]}}],"collection":[{"href":"https:\/\/linitiative.ca\/International\/wp-json\/wp\/v2\/posts"}],"about":[{"href":"https:\/\/linitiative.ca\/International\/wp-json\/wp\/v2\/types\/post"}],"author":[{"embeddable":true,"href":"https:\/\/linitiative.ca\/International\/wp-json\/wp\/v2\/users\/1965"}],"replies":[{"embeddable":true,"href":"https:\/\/linitiative.ca\/International\/wp-json\/wp\/v2\/comments?post=113949"}],"version-history":[{"count":0,"href":"https:\/\/linitiative.ca\/International\/wp-json\/wp\/v2\/posts\/113949\/revisions"}],"wp:attachment":[{"href":"https:\/\/linitiative.ca\/International\/wp-json\/wp\/v2\/media?parent=113949"}],"wp:term":[{"taxonomy":"category","embeddable":true,"href":"https:\/\/linitiative.ca\/International\/wp-json\/wp\/v2\/categories?post=113949"},{"taxonomy":"post_tag","embeddable":true,"href":"https:\/\/linitiative.ca\/International\/wp-json\/wp\/v2\/tags?post=113949"}],"curies":[{"name":"wp","href":"https:\/\/api.w.org\/{rel}","templated":true}]}}