{"id":113950,"date":"2021-03-29T06:59:46","date_gmt":"2021-03-29T10:59:46","guid":{"rendered":"https:\/\/linitiative.ca\/International\/cameroun-luc-magloire-mbarga-atangana-fait-interdire-leau-de-marque-sano-au-gabon\/"},"modified":"2021-03-29T06:59:46","modified_gmt":"2021-03-29T10:59:46","slug":"cameroun-luc-magloire-mbarga-atangana-fait-interdire-leau-de-marque-sano-au-gabon","status":"publish","type":"post","link":"https:\/\/linitiative.ca\/International\/cameroun-luc-magloire-mbarga-atangana-fait-interdire-leau-de-marque-sano-au-gabon\/","title":{"rendered":"Cameroun : Luc Magloire Mbarga Atangana fait interdire l\u2019eau de marque Sano au Gabon"},"content":{"rendered":"<div readability=\"32\">\n<p>Publi\u00e9 le 29.03.2021 \u00e0 11h59 par Journal du Cameroun<\/p>\n<\/div>\n<div readability=\"64\">\n<h5 class=\"c9\">Le ministre du Commerce a saisi les autorit\u00e9s gabonaises pour les mettre en garde sur \u00a0la qualit\u00e9 jug\u00e9e impropre de cette eau min\u00e9rale suspendue localement pour une dur\u00e9e de six mois.<\/h5>\n<p class=\"c10\">C\u2019est le principal quotidien gabonais l\u2019<strong>Union<\/strong> qui en fait l\u2019annonce. Le ministre camerounais du Commerce,\u00a0 <strong>Luc Magloire Mbarga Atangana<\/strong> a saisi d\u00e9but mars son homologue du Gabon \u00a0pour lui signifier la suspension des activit\u00e9s de la <strong>Soci\u00e9t\u00e9 Sano SA<\/strong>. Pr\u00e9cisant,\u00a0 qu\u2019elle a \u00e9t\u00e9 sanctionn\u00e9e pour non-respect des normes d\u2019exploitation et de conditionnement des bouteilles et des bonbonnes destin\u00e9es \u00e0 la consommation du public.<\/p>\n<p class=\"c10\">Ainsi, , la Direction g\u00e9n\u00e9rale de la Concurrence et de la consommation (DGCC) et l\u2019Agence gabonaise de s\u00e9curit\u00e9 alimentaire (<em>Agasa<\/em>) viennent de retirer l\u2019eau de marque Sano du march\u00e9 \u00e0 Bitam et \u00e0 Oyem, dans la province du Woleu-Ntem, o\u00f9 elle \u00e9tait commercialis\u00e9e.<\/p>\n<p class=\"c10\">Rappelons que c\u2019est le 4 mars que le ministre en charge de l\u2019Industrie (Minmidt), <strong>Gabriel Dodo Ndok\u00e9,<\/strong> a sign\u00e9 un arr\u00eat\u00e9 portant suspension, sur une dur\u00e9e de six mois, les activit\u00e9s du producteur d\u2019eau dite \u00ab\u00a0min\u00e9rale\u00a0\u00bb Sano. A la base de cette suspension, des vid\u00e9os qui ont circul\u00e9 sur la toile,\u00a0 o\u00f9 l\u2019on pouvait voir des agents de cette entreprise en train de manipuler, \u00e0 mains nues, dans un espace insalubre et \u00e0 m\u00eame le sol, de l\u2019eau pomp\u00e9e dans des bonbonnes. C\u2019est d\u2019ailleurs dans ce sens que Gabriel Dodo Ndok\u00e9 a enjoint l\u2019entreprise de changer sur l\u2019\u00e9tiquette, la d\u00e9nomination \u00ab\u00a0Eau min\u00e9rale\u00a0\u00bb en \u00ab\u00a0Eau Sano\u00a0\u00bb. Ce qui sous-entend que la marque Sano ne peut plus se pr\u00e9valoir d\u2019\u00eatre dans la gamme des eaux min\u00e9rales.<\/p>\n<p class=\"c10\">Le <strong>Minmidt<\/strong> avait d\u00e9plor\u00e9 \u00ab\u00a0le non-respect des normes d\u2019exploitation et de conditionnement des bouteilles et des bonbonnes d\u2019eau destin\u00e9es \u00e0 la consommation du public\u00a0\u00bb. L\u2019entreprise a eu un d\u00e9lai de six mois pour se conformer.<\/p>\n<\/div>\n<p>Auteur: Christian DJIMADEU<br \/>\n<a href=\"https:\/\/www.journalducameroun.com\/cameroun-luc-magloire-mbarga-atangana-fait-interdire-leau-de-marque-sano-au-gabon\/\">Cliquez ici pour lire l&rsquo;article depuis sa source.<\/a><\/p>\n","protected":false},"excerpt":{"rendered":"<p>Publi\u00e9 le 29.03.2021 \u00e0 11h59 par Journal du Cameroun Le ministre du Commerce a saisi les autorit\u00e9s gabonaises pour les mettre en garde sur \u00a0la qualit\u00e9 jug\u00e9e impropre de cette eau min\u00e9rale suspendue localement pour une dur\u00e9e de six mois. C\u2019est le principal quotidien gabonais l\u2019Union qui en fait l\u2019annonce. Le ministre camerounais du Commerce,\u00a0 [&hellip;]<\/p>\n","protected":false},"author":1965,"featured_media":0,"comment_status":"closed","ping_status":"closed","sticky":false,"template":"","format":"standard","meta":{"fifu_image_url":"","fifu_image_alt":"","footnotes":""},"categories":[73,82],"tags":[],"class_list":["post-113950","post","type-post","status-publish","format-standard","hentry","category-actualite","category-cameroun"],"_links":{"self":[{"href":"https:\/\/linitiative.ca\/International\/wp-json\/wp\/v2\/posts\/113950","targetHints":{"allow":["GET"]}}],"collection":[{"href":"https:\/\/linitiative.ca\/International\/wp-json\/wp\/v2\/posts"}],"about":[{"href":"https:\/\/linitiative.ca\/International\/wp-json\/wp\/v2\/types\/post"}],"author":[{"embeddable":true,"href":"https:\/\/linitiative.ca\/International\/wp-json\/wp\/v2\/users\/1965"}],"replies":[{"embeddable":true,"href":"https:\/\/linitiative.ca\/International\/wp-json\/wp\/v2\/comments?post=113950"}],"version-history":[{"count":0,"href":"https:\/\/linitiative.ca\/International\/wp-json\/wp\/v2\/posts\/113950\/revisions"}],"wp:attachment":[{"href":"https:\/\/linitiative.ca\/International\/wp-json\/wp\/v2\/media?parent=113950"}],"wp:term":[{"taxonomy":"category","embeddable":true,"href":"https:\/\/linitiative.ca\/International\/wp-json\/wp\/v2\/categories?post=113950"},{"taxonomy":"post_tag","embeddable":true,"href":"https:\/\/linitiative.ca\/International\/wp-json\/wp\/v2\/tags?post=113950"}],"curies":[{"name":"wp","href":"https:\/\/api.w.org\/{rel}","templated":true}]}}