{"id":113951,"date":"2021-03-29T10:44:33","date_gmt":"2021-03-29T14:44:33","guid":{"rendered":"https:\/\/linitiative.ca\/International\/cameroun-un-reseau-des-parlementaires-pour-le-sport-cree-avec-pour-president-cabral-libii\/"},"modified":"2021-03-29T10:44:33","modified_gmt":"2021-03-29T14:44:33","slug":"cameroun-un-reseau-des-parlementaires-pour-le-sport-cree-avec-pour-president-cabral-libii","status":"publish","type":"post","link":"https:\/\/linitiative.ca\/International\/cameroun-un-reseau-des-parlementaires-pour-le-sport-cree-avec-pour-president-cabral-libii\/","title":{"rendered":"Cameroun : un r\u00e9seau des parlementaires pour le sport cr\u00e9\u00e9 avec pour pr\u00e9sident Cabral Libii"},"content":{"rendered":"<div readability=\"32\">\n<p>Publi\u00e9 le 29.03.2021 \u00e0 15h44 par Journal du Cameroun<\/p>\n<\/div>\n<div readability=\"49\">\n<h5 class=\"c9\">Son objectif est entre autres d\u2019effectuer un suivi \u00e9troit des politiques publiques. La constitution de son bureau vient d\u2019\u00eatre valid\u00e9 par le Pr\u00e9sident de l\u2019Assembl\u00e9e nationale,\u00a0Cavaye Yeguie Djibril.<\/h5>\n<p class=\"c10\">Un communiqu\u00e9 du 27 mars 2021 sign\u00e9 de \u00a0l\u2019honorable <strong>Cabral Libii<\/strong> informe l\u2019opinion\u00a0 que son \u00a0choix comme pr\u00e9sident du r\u00e9seau des parlementaires pour le sport (<strong>REPS<\/strong>) a \u00e9t\u00e9 valid\u00e9 par le pr\u00e9sident de l\u2019Assembl\u00e9e nationale.<\/p>\n<p class=\"c10\">\u00ab<em>J\u2019ai ainsi la charge d\u2019un instrument parlementaire qui permettra entre autres, d\u2019effectuer un suivi \u00e9troit des politiques publiques, et de contribuer de mani\u00e8re significative \u00e0 l\u2019essor du sport au Cameroun<\/em>\u00bb, annonce l\u2019\u00e9lu du parti camerounais pour la r\u00e9conciliation nationale \u00a0(<strong>PCRN<\/strong>).<\/p>\n<p class=\"c10\">Dans le d\u00e9tail, ce R\u00e9seau des parlementaires pour le Sport (REPS) a\u00a0 notamment pour but de renforcer la bonne gouvernance dans la gestion du sport et des loisirs en l\u00e9gif\u00e9rant si besoin, et accompagner le gouvernement dans la mise en \u0153uvre des politiques coh\u00e9rentes et \u00e9quitables g\u00e9ographiquement et en prenant compte de tous les sports et loisirs.<\/p>\n<\/div>\n<p>Auteur: Christian DJIMADEU<br \/>\n<a href=\"https:\/\/www.journalducameroun.com\/cameroun-un-reseau-de-parlementaires-pour-le-sport-cree-avec-pour-president-cabral-libii-cameroun\/\">Cliquez ici pour lire l&rsquo;article depuis sa source.<\/a><\/p>\n","protected":false},"excerpt":{"rendered":"<p>Publi\u00e9 le 29.03.2021 \u00e0 15h44 par Journal du Cameroun Son objectif est entre autres d\u2019effectuer un suivi \u00e9troit des politiques publiques. La constitution de son bureau vient d\u2019\u00eatre valid\u00e9 par le Pr\u00e9sident de l\u2019Assembl\u00e9e nationale,\u00a0Cavaye Yeguie Djibril. Un communiqu\u00e9 du 27 mars 2021 sign\u00e9 de \u00a0l\u2019honorable Cabral Libii informe l\u2019opinion\u00a0 que son \u00a0choix comme pr\u00e9sident [&hellip;]<\/p>\n","protected":false},"author":1965,"featured_media":0,"comment_status":"closed","ping_status":"closed","sticky":false,"template":"","format":"standard","meta":{"fifu_image_url":"","fifu_image_alt":"","footnotes":""},"categories":[73,82],"tags":[],"class_list":["post-113951","post","type-post","status-publish","format-standard","hentry","category-actualite","category-cameroun"],"_links":{"self":[{"href":"https:\/\/linitiative.ca\/International\/wp-json\/wp\/v2\/posts\/113951","targetHints":{"allow":["GET"]}}],"collection":[{"href":"https:\/\/linitiative.ca\/International\/wp-json\/wp\/v2\/posts"}],"about":[{"href":"https:\/\/linitiative.ca\/International\/wp-json\/wp\/v2\/types\/post"}],"author":[{"embeddable":true,"href":"https:\/\/linitiative.ca\/International\/wp-json\/wp\/v2\/users\/1965"}],"replies":[{"embeddable":true,"href":"https:\/\/linitiative.ca\/International\/wp-json\/wp\/v2\/comments?post=113951"}],"version-history":[{"count":0,"href":"https:\/\/linitiative.ca\/International\/wp-json\/wp\/v2\/posts\/113951\/revisions"}],"wp:attachment":[{"href":"https:\/\/linitiative.ca\/International\/wp-json\/wp\/v2\/media?parent=113951"}],"wp:term":[{"taxonomy":"category","embeddable":true,"href":"https:\/\/linitiative.ca\/International\/wp-json\/wp\/v2\/categories?post=113951"},{"taxonomy":"post_tag","embeddable":true,"href":"https:\/\/linitiative.ca\/International\/wp-json\/wp\/v2\/tags?post=113951"}],"curies":[{"name":"wp","href":"https:\/\/api.w.org\/{rel}","templated":true}]}}