{"id":113953,"date":"2021-03-29T11:45:08","date_gmt":"2021-03-29T15:45:08","guid":{"rendered":"https:\/\/linitiative.ca\/International\/consommation-des-menages-legere-hausse-des-prix-a-yaounde-et-douala\/"},"modified":"2021-03-29T11:45:08","modified_gmt":"2021-03-29T15:45:08","slug":"consommation-des-menages-legere-hausse-des-prix-a-yaounde-et-douala","status":"publish","type":"post","link":"https:\/\/linitiative.ca\/International\/consommation-des-menages-legere-hausse-des-prix-a-yaounde-et-douala\/","title":{"rendered":"Consommation des m\u00e9nages : l\u00e9g\u00e8re hausse des prix \u00e0 Yaound\u00e9 et Douala"},"content":{"rendered":"<p>L\u2019Institut national de la statistique (INS) vient de rendre public sa note mensuelle sur l\u2019\u00e9volution des prix \u00e0 la consommation des m\u00e9nages dans les deux capitales du pays. Pour le cas de Yaound\u00e9, de fa\u00e7on globale l\u2019on note une hausse des prix de 0,3% contrairement au mois de janvier. Ceci d\u00fb au \u00ab rebond des prix des produits alimentaires (+0,7% apr\u00e8s -0,1% le mois pr\u00e9c\u00e9dent), et dans une moindre mesure de ceux du logement, eau, gaz, \u00e9lectricit\u00e9 et autres combustibles (+0,3% apr\u00e8s -0,4% le mois pr\u00e9c\u00e9dent) \u00bb, note l\u2019INS.<\/p>\n<p>Dans la cat\u00e9gorie des produits alimentaires facteur principal de l\u2019augmentation dans la capitale politique, l\u2019institut distingue deux cat\u00e9gories : celle ayant port\u00e9e l\u2019inflation que sont : les prix des l\u00e9gumes (+2,0% apr\u00e8s -0,9% le mois pr\u00e9c\u00e9dent) ainsi que ceux des poissons et fruits de mer (+0,6% apr\u00e8s -2,1% le mois pr\u00e9c\u00e9dent). Et celle des produits ayant r\u00e9gress\u00e9 : \u00ab par ailleurs, les prix du \u00absel, \u00e9pices et sauces\u00bb (+0,4% apr\u00e8s +2,1% le mois pr\u00e9c\u00e9dent) et ceux des pains et c\u00e9r\u00e9ales (+0,1% apr\u00e8s +3,1% le mois pr\u00e9c\u00e9dent) ralentissent. Les prix des fruits (-1,0% apr\u00e8s -1,9%) et ceux du lait, fromage et \u0153uf (-0,4% apr\u00e8s -2,4% le mois pr\u00e9c\u00e9dent) reculent moins fortement que le mois dernier. Les prix des viandes (apr\u00e8s avoir augment\u00e9 de 0,3% le mois pr\u00e9c\u00e9dent) et ceux des huiles et graisses (apr\u00e8s avoir baiss\u00e9 de 1,8% le mois pr\u00e9c\u00e9dent) sont rest\u00e9s inchang\u00e9s \u00bb, indique l\u2019INS.<\/p>\n<p><strong>Lire aussi<\/strong> : <strong><a href=\"https:\/\/ecomatin.net\/consommation-des-menages-lindice-des-prix-baisse-de-01-a-yaounde-et-douala\/\">Consommation des m\u00e9nages : l\u2019indice des prix baisse de 0,1% \u00e0 Yaound\u00e9 et Douala<\/a><\/strong><\/p>\n<p>En glissement annuel, l\u2019INS indique pour cette ville que : \u00ab le niveau g\u00e9n\u00e9ral des prix augmente de 1,7% apr\u00e8s+1,5% le mois dernier. Il y a un an, le niveau g\u00e9n\u00e9ral des prix avait progress\u00e9 de 2,2%. Sur un an, l\u2019accroissement des prix r\u00e9sulte surtout de la hausse des prix des produits alimentaires (+3,7%apr\u00e8s +3,5%le mois pr\u00e9c\u00e9dent), des articles d\u2019habillement et chaussures (+2,4% apr\u00e8s +2,0% le mois pr\u00e9c\u00e9dent) ainsi que ceux des transports (+1,2% apr\u00e8s +1,4% le mois pr\u00e9c\u00e9dent)\u00bb.<\/p>\n<p><strong>+0,5 en f\u00e9vrier<\/strong><\/p>\n<p>Les produits alimentaires (+0,5% apr\u00e8s -0,1% le mois dernier) sont la cause principale de la hausse de l\u2019indice des prix \u00e0 la consommation des m\u00e9nages dans la ville de Douala, soit +0,1%. Et pour cause \u00ab l\u2019accroissement des prix du lait, fromage et \u0153uf (+2,9% apr\u00e8s -1,8% le mois dernier), des pains et c\u00e9r\u00e9ales (+1,0% apr\u00e8s +1,8% le mois dernier), des poissons et fruits de mer (+0,5% apr\u00e8s -1,5%), des viandes (+0,2% comme le mois dernier) et ceux du sel, \u00e9pices et sauces (+10,1% apr\u00e8s +0,7% le mois dernier). En revanche, les prix des fruits (-9,9% apr\u00e8s +23,4% le mois dernier), des huiles et graisses (-1,2% apr\u00e8s +5,6% le mois dernier) et des l\u00e9gumes (-0,8% apr\u00e8s -3,8% le mois dernier) ont baiss\u00e9 \u00bb, note l\u2019Institut.<\/p>\n<p><strong>Lire aussi<\/strong> : <strong><a href=\"https:\/\/ecomatin.net\/legere-hausse-des-prix-des-denrees-alimentaires-a-yaounde-et-douala\/\">L\u00e9g\u00e8re hausse des prix des denr\u00e9es alimentaires \u00e0 Yaound\u00e9 et Douala<\/a><\/strong><\/p>\n<p>De fa\u00e7on plus pr\u00e9cise \u00ab l\u2019augmentation des prix du lait, fromage et \u0153uf r\u00e9sulte surtout de la progression des prix des \u0153ufs de poule. Les prix des pains et c\u00e9r\u00e9ales sont en hausse en relation avec l\u2019accroissement des prix des c\u00e9r\u00e9ales non transform\u00e9es (ma\u00efs sec en grain), des farines, semoules et gruaux (farine de ma\u00efs, farine de bl\u00e9) et des pains (pain en baguette, pain de mie). Les prix des poissons et fruits de mer sont en hausse du fait du regain des prix des poissons et autres produits de mer congel\u00e9s (maquereau) et ceux des poissons et autres produits s\u00e9ch\u00e9s ou fum\u00e9s (\u00abmbouga\u00bb, machoiron, carpe) \u00bb, indique l\u2019INS.L\u2019INS note aussi que \u00ab les prix du \u00ablogement, eau, gaz, \u00e9lectricit\u00e9 et autres combustibles\u00bb (-0,4% apr\u00e8s +1,0% le mois pr\u00e9c\u00e9dent) et ceux des loisirs et culture (-0,1% apr\u00e8s +0,2% le dernier) reculent \u00bb.<\/p>\n<p>Par rapport \u00e0 la m\u00eame p\u00e9riode en 2020, l\u2019on apprend que \u00ab le niveau g\u00e9n\u00e9ral des prix augmente de 2,0% apr\u00e8s +2,1% le mois pr\u00e9c\u00e9dent et +2,0% il y a un an. Cette hausse r\u00e9sulte surtout de la progression des prix des produits alimentaires (+3,8%apr\u00e8s +3,6% le mois dernier),des boissons alcoolis\u00e9es, tabacs et stup\u00e9fiants (+3,4% apr\u00e8s +3,6% le mois dernier), des loisirs et culture (+2,6% comme le mois dernier),ainsi que des transports (+1,9% apr\u00e8s +2,5% le mois dernier) \u00bb.<\/p>\n<p><strong>Lire aussi<\/strong> : <strong><a href=\"https:\/\/ecomatin.net\/consommation-des-menages-le-prix-du-logement-grimpe-a-douala-en-janvier-2021\/\">Consommation des m\u00e9nages : le prix du logement grimpe \u00e0 Douala en janvier 2021<\/a><\/strong><\/p>\n<p>Auteur: Cindy MBALA<br \/>\n<a href=\"https:\/\/ecomatin.net\/consommation-des-menages-legere-hausse-des-prix-a-yaounde-et-douala\/\">Cliquez ici pour lire l&rsquo;article depuis sa source.<\/a><\/p>\n","protected":false},"excerpt":{"rendered":"<p>L\u2019Institut national de la statistique (INS) vient de rendre public sa note mensuelle sur l\u2019\u00e9volution des prix \u00e0 la consommation des m\u00e9nages dans les deux capitales du pays. Pour le cas de Yaound\u00e9, de fa\u00e7on globale l\u2019on note une hausse des prix de 0,3% contrairement au mois de janvier. Ceci d\u00fb au \u00ab rebond des [&hellip;]<\/p>\n","protected":false},"author":1969,"featured_media":0,"comment_status":"closed","ping_status":"closed","sticky":false,"template":"","format":"standard","meta":{"fifu_image_url":"","fifu_image_alt":"","footnotes":""},"categories":[82,78],"tags":[],"class_list":["post-113953","post","type-post","status-publish","format-standard","hentry","category-cameroun","category-economie"],"_links":{"self":[{"href":"https:\/\/linitiative.ca\/International\/wp-json\/wp\/v2\/posts\/113953","targetHints":{"allow":["GET"]}}],"collection":[{"href":"https:\/\/linitiative.ca\/International\/wp-json\/wp\/v2\/posts"}],"about":[{"href":"https:\/\/linitiative.ca\/International\/wp-json\/wp\/v2\/types\/post"}],"author":[{"embeddable":true,"href":"https:\/\/linitiative.ca\/International\/wp-json\/wp\/v2\/users\/1969"}],"replies":[{"embeddable":true,"href":"https:\/\/linitiative.ca\/International\/wp-json\/wp\/v2\/comments?post=113953"}],"version-history":[{"count":0,"href":"https:\/\/linitiative.ca\/International\/wp-json\/wp\/v2\/posts\/113953\/revisions"}],"wp:attachment":[{"href":"https:\/\/linitiative.ca\/International\/wp-json\/wp\/v2\/media?parent=113953"}],"wp:term":[{"taxonomy":"category","embeddable":true,"href":"https:\/\/linitiative.ca\/International\/wp-json\/wp\/v2\/categories?post=113953"},{"taxonomy":"post_tag","embeddable":true,"href":"https:\/\/linitiative.ca\/International\/wp-json\/wp\/v2\/tags?post=113953"}],"curies":[{"name":"wp","href":"https:\/\/api.w.org\/{rel}","templated":true}]}}