{"id":113961,"date":"2021-03-30T11:40:10","date_gmt":"2021-03-30T15:40:10","guid":{"rendered":"https:\/\/linitiative.ca\/International\/al-haouz-quand-leau-dirrigation-mene-au-fratricide\/"},"modified":"2021-03-30T11:40:10","modified_gmt":"2021-03-30T15:40:10","slug":"al-haouz-quand-leau-dirrigation-mene-au-fratricide","status":"publish","type":"post","link":"https:\/\/linitiative.ca\/International\/al-haouz-quand-leau-dirrigation-mene-au-fratricide\/","title":{"rendered":"Al Haouz : Quand l\u2019eau d\u2019irrigation m\u00e8ne au fratricide"},"content":{"rendered":"<header>\n<\/header>\n<div class=\"entry-content clearfix\" readability=\"46\">\n<figure class=\"post-thumbnail\" itemprop=\"associatedMedia\" itemscope=\"itemscope\" itemtype=\"http:\/\/schema.org\/ImageObject\"><img decoding=\"async\" class=\"post_layout_5_img\" src=\"http:\/\/aujourdhui.ma\/wp-content\/uploads\/2019\/09\/crime-mort.jpg\" alt=\"Al Haouz : Quand l\u2019eau d\u2019irrigation m\u00e8ne au fratricide\"\/><\/figure>\n<p><span class=\"c5\"><strong>Au douar Al Karkour relevant de la commune rurale A\u00eft Faska dans la province d\u2019Al Haouz, un p\u00e8re de famille, octog\u00e9naire, a mis fin \u00e0 la vie de son fr\u00e8re en lui ass\u00e9nant un coup de b\u00e2ton.<\/strong><\/span> <span id=\"more-372498\"\/><\/p>\n<p>Un simple malentendu, surgi entre les deux fr\u00e8res portant sur des eaux d\u2019irrigation, \u00e9tait le mobile essentiel pour qu\u2019il se termine dans une mar\u00e9e de sang. Chacun des deux fr\u00e8res avait insist\u00e9 qu\u2019il est le premier \u00e0 devoir en profiter pour que l\u2019a\u00een\u00e9, celui qui a quatre-vingt et un ans, se soit arm\u00e9 d\u2019un b\u00e2ton pour ass\u00e9ner un coup \u00e0 son benjamin d\u2019une trentaine d\u2019ann\u00e9es. D\u00e8s qu\u2019il a remarqu\u00e9 que ce dernier a pouss\u00e9 ses derniers soupirs, ce p\u00e8re de famille s\u2019est pr\u00e9sent\u00e9 directement chez les gendarmes d\u2019A\u00eft Ourir.<\/p>\n<\/div>\n<p>Auteur: Abderrafii ALOUMLIKI<br \/>\n<a href=\"https:\/\/aujourdhui.ma\/faits-divers\/al-haouz-quand-leau-dirrigation-mene-au-fratricide\">Cliquez ici pour lire l&rsquo;article depuis sa source.<\/a><\/p>\n","protected":false},"excerpt":{"rendered":"<p>Au douar Al Karkour relevant de la commune rurale A\u00eft Faska dans la province d\u2019Al Haouz, un p\u00e8re de famille, octog\u00e9naire, a mis fin \u00e0 la vie de son fr\u00e8re en lui ass\u00e9nant un coup de b\u00e2ton. Un simple malentendu, surgi entre les deux fr\u00e8res portant sur des eaux d\u2019irrigation, \u00e9tait le mobile essentiel pour [&hellip;]<\/p>\n","protected":false},"author":1759,"featured_media":0,"comment_status":"closed","ping_status":"closed","sticky":false,"template":"","format":"standard","meta":{"fifu_image_url":"http:\/\/aujourdhui.ma\/wp-content\/uploads\/2019\/09\/crime-mort.jpg","fifu_image_alt":"Al Haouz : Quand l\u2019eau d\u2019irrigation m\u00e8ne au fratricide","footnotes":""},"categories":[73,54],"tags":[],"class_list":["post-113961","post","type-post","status-publish","format-standard","hentry","category-actualite","category-maroc"],"_links":{"self":[{"href":"https:\/\/linitiative.ca\/International\/wp-json\/wp\/v2\/posts\/113961","targetHints":{"allow":["GET"]}}],"collection":[{"href":"https:\/\/linitiative.ca\/International\/wp-json\/wp\/v2\/posts"}],"about":[{"href":"https:\/\/linitiative.ca\/International\/wp-json\/wp\/v2\/types\/post"}],"author":[{"embeddable":true,"href":"https:\/\/linitiative.ca\/International\/wp-json\/wp\/v2\/users\/1759"}],"replies":[{"embeddable":true,"href":"https:\/\/linitiative.ca\/International\/wp-json\/wp\/v2\/comments?post=113961"}],"version-history":[{"count":0,"href":"https:\/\/linitiative.ca\/International\/wp-json\/wp\/v2\/posts\/113961\/revisions"}],"wp:attachment":[{"href":"https:\/\/linitiative.ca\/International\/wp-json\/wp\/v2\/media?parent=113961"}],"wp:term":[{"taxonomy":"category","embeddable":true,"href":"https:\/\/linitiative.ca\/International\/wp-json\/wp\/v2\/categories?post=113961"},{"taxonomy":"post_tag","embeddable":true,"href":"https:\/\/linitiative.ca\/International\/wp-json\/wp\/v2\/tags?post=113961"}],"curies":[{"name":"wp","href":"https:\/\/api.w.org\/{rel}","templated":true}]}}