{"id":113963,"date":"2021-03-29T14:00:58","date_gmt":"2021-03-29T18:00:58","guid":{"rendered":"https:\/\/linitiative.ca\/International\/%ef%bb%bfteheran-et-pekin-signent-un-pacte-de-cooperation-strategique\/"},"modified":"2021-03-29T14:00:58","modified_gmt":"2021-03-29T18:00:58","slug":"%ef%bb%bfteheran-et-pekin-signent-un-pacte-de-cooperation-strategique","status":"publish","type":"post","link":"https:\/\/linitiative.ca\/International\/%ef%bb%bfteheran-et-pekin-signent-un-pacte-de-cooperation-strategique\/","title":{"rendered":"\ufeffT\u00e9h\u00e9ran et P\u00e9kin signent un pacte de coop\u00e9ration strat\u00e9gique"},"content":{"rendered":"<p class=\"has-text-color has-vivid-cyan-blue-color c1\"><strong>Attendons pour voir\u2026<\/strong><\/p>\n<p><strong>En marge de la visite effectu\u00e9e \u00e0 T\u00e9h\u00e9ran par le chef de la diplomatie chinoise, la R\u00e9publique islamique iranienne a sign\u00e9, ce samedi, avec la Chine, ce pays \u00ab\u00a0ami des temps d\u2019\u00e9preuves\u00a0\u00bb, un accord de coop\u00e9ration strat\u00e9gique et commerciale. Mais, si les grandes lignes et les d\u00e9tails de cette convention \u00a0n\u2019ont pas encore \u00e9t\u00e9 d\u00e9voil\u00e9s, ce qui a filtr\u00e9, pour l\u2019instant, c\u2019est qu\u2019il s\u2019agit d\u2019une \u00ab\u00a0feuille de route compl\u00e8te\u00a0\u00bb qui comporte des \u00ab\u00a0clauses politiques, strat\u00e9giques et \u00e9conomiques\u00a0\u00bb pour une coop\u00e9ration appel\u00e9e \u00e0 s\u2019\u00e9taler sur 25 ann\u00e9es.<\/strong><\/p>\n<p>Cette entente qui, pour P\u00e9kin, s\u2019inscrit dans son vaste projet \u00ab des nouvelles routes de la soie \u00bb lanc\u00e9 avec plus de 130 pays, illustre, pour la partie iranienne, la priorit\u00e9 accord\u00e9e par le r\u00e9gime \u00e0 ses relations avec l\u2019Est\u00a0 \u2013 \u00e0 savoir, la Chine, les deux Cor\u00e9es, l\u2019Inde, le Japon et la Russie \u2013 suite \u00e0 l\u2019inflexion par laquelle le guide supr\u00eame Ali Khamenei s\u2019\u00e9tait d\u00e9marqu\u00e9, en 2018, de ce qui fut le slogan le plus populaire de la r\u00e9volution iranienne de 1979 : \u00ab Ni Ouest, ni Est, R\u00e9publique islamique ! \u00bb.<\/p>\n<p>Aussi, en recevant, \u00e0 T\u00e9h\u00e9ran, le chef de la diplomatie chinoise le pr\u00e9sident iranien Hassan Rohani, qui a salu\u00e9 l\u2019opposition de la Chine \u00ab\u00a0\u00e0 l\u2019extravagance am\u00e9ricaine et aux sanctions unilat\u00e9rales\u00a0\u00bb de Washington a souhait\u00e9 encore \u00ab\u00a0plus de coop\u00e9ration dans le domaine des co-entreprises\u00a0\u00bb pour que P\u00e9kin puisse \u00ab\u00a0continuer \u00e0 \u00eatre un partenaire commercial majeur avec l\u2019Iran\u00a0\u00bb.\u00a0<\/p>\n<p>Cette visite qui intervient apr\u00e8s que le ministre chinois des affaires \u00e9trang\u00e8res ait re\u00e7u \u00e0 P\u00e9kin son homologue russe Sergue\u00ef Lavrov, survient dans un contexte de tensions persistantes entre d\u2019un c\u00f4t\u00e9 Moscou, P\u00e9kin et T\u00e9h\u00e9ran et, de l\u2019autre, les Etats-Unis mais aussi dans un climat de grande d\u00e9fiance de la R\u00e9publique islamique vis-\u00e0-vis de cet Occident qui, pour Ali Khamenei, n\u2019est pas un partenaire \u00ab\u00a0digne de confiance\u00a0\u00bb d\u00e8s lors qu\u2019apr\u00e8s la d\u00e9nonciation unilat\u00e9rale, par les Etats-Unis, de l\u2019Accord de Vienne, l\u2019Europe avait fait montre de sa \u00a0flagrante incapacit\u00e9 \u00e0 r\u00e9activer l\u2019accord ou, au moins, \u00e0 aider T\u00e9h\u00e9ran \u00e0 contourner les sanctions am\u00e9ricaines.\u00a0<\/p>\n<p>Pour rappel, la gen\u00e8se de ce pacte remonte \u00e0 la visite qu\u2019avait effectu\u00e9 le pr\u00e9sident chinois \u00e0 T\u00e9h\u00e9ran en janvier 2016\u00a0et au cours de laquelle les deux pays s\u2019\u00e9taient engag\u00e9s, dans un communiqu\u00e9 commun, \u00ab\u00a0\u00e0 mener des n\u00e9gociations pour la signature d\u2019un accord de coop\u00e9ration \u00e9largie sur 25 ans\u00a0\u00bb et \u00ab\u00a0de coop\u00e9rer et avoir des investissements r\u00e9ciproques dans diff\u00e9rents domaines notamment les transports, les ports, l\u2019\u00e9nergie, l\u2019industrie et les services\u00a0\u00bb.<\/p>\n<p>Jug\u00e9e, \u00e0 l\u2019\u00e9poque, par l\u2019ayatollah Ali Khamenei comme \u00e9tant \u00ab\u00a0tout \u00e0 fait correcte et sage\u00a0\u00bb dans la mesure o\u00f9 elle va permettre \u00e0 l\u2019Iran d\u2019 \u00ab\u00a0\u00e9largir ses relations avec des pays ind\u00e9pendants et fiables tels que la Chine\u00a0\u00bb, cette alliance entre T\u00e9h\u00e9ran et P\u00e9kin, devenu d\u00e9sormais une \u00ab\u00a0bou\u00e9e de sauvetage\u00a0\u00bb pour l\u2019Iran face aux sanctions \u00e9conomiques d\u00e9cid\u00e9es par Washington, repr\u00e9senterait, selon \u00ab\u00a0Bloomberg\u00a0\u00bb, \u00ab\u00a0un d\u00e9fi\u00a0\u00bb pour l\u2019administration de Joe Biden qui, en se trouvant, ainsi, confront\u00e9e au \u00ab\u00a0plus important test g\u00e9opolitique\u00a0\u00bb de ce si\u00e8cle devra s\u2019efforcer de rallier des pays amis contre la Chine.<\/p>\n<p>Cette d\u00e9marche sera-t-elle ais\u00e9e \u00e0 mettre en oeuvre\u00a0 en ce moment o\u00f9 les efforts visant \u00e0 relancer l\u2019accord de Vienne sont au point mort\u00a0?<\/p>\n<p><strong>Nabil EL BOUSAADI<\/strong><\/p>\n<p>Auteur: M&rsquo;hammed rahal<br \/>\n<a href=\"http:\/\/albayane.press.ma\/%EF%BB%BFteheran-et-pekin-signent-un-pacte-de-cooperation-strategique.html\">Cliquez ici pour lire l&rsquo;article depuis sa source.<\/a><\/p>\n","protected":false},"excerpt":{"rendered":"<p>Attendons pour voir\u2026 En marge de la visite effectu\u00e9e \u00e0 T\u00e9h\u00e9ran par le chef de la diplomatie chinoise, la R\u00e9publique islamique iranienne a sign\u00e9, ce samedi, avec la Chine, ce pays \u00ab\u00a0ami des temps d\u2019\u00e9preuves\u00a0\u00bb, un accord de coop\u00e9ration strat\u00e9gique et commerciale. Mais, si les grandes lignes et les d\u00e9tails de cette convention \u00a0n\u2019ont pas [&hellip;]<\/p>\n","protected":false},"author":1760,"featured_media":0,"comment_status":"closed","ping_status":"closed","sticky":false,"template":"","format":"standard","meta":{"fifu_image_url":"","fifu_image_alt":"","footnotes":""},"categories":[73,54],"tags":[],"class_list":["post-113963","post","type-post","status-publish","format-standard","hentry","category-actualite","category-maroc"],"_links":{"self":[{"href":"https:\/\/linitiative.ca\/International\/wp-json\/wp\/v2\/posts\/113963","targetHints":{"allow":["GET"]}}],"collection":[{"href":"https:\/\/linitiative.ca\/International\/wp-json\/wp\/v2\/posts"}],"about":[{"href":"https:\/\/linitiative.ca\/International\/wp-json\/wp\/v2\/types\/post"}],"author":[{"embeddable":true,"href":"https:\/\/linitiative.ca\/International\/wp-json\/wp\/v2\/users\/1760"}],"replies":[{"embeddable":true,"href":"https:\/\/linitiative.ca\/International\/wp-json\/wp\/v2\/comments?post=113963"}],"version-history":[{"count":0,"href":"https:\/\/linitiative.ca\/International\/wp-json\/wp\/v2\/posts\/113963\/revisions"}],"wp:attachment":[{"href":"https:\/\/linitiative.ca\/International\/wp-json\/wp\/v2\/media?parent=113963"}],"wp:term":[{"taxonomy":"category","embeddable":true,"href":"https:\/\/linitiative.ca\/International\/wp-json\/wp\/v2\/categories?post=113963"},{"taxonomy":"post_tag","embeddable":true,"href":"https:\/\/linitiative.ca\/International\/wp-json\/wp\/v2\/tags?post=113963"}],"curies":[{"name":"wp","href":"https:\/\/api.w.org\/{rel}","templated":true}]}}