{"id":113965,"date":"2021-03-29T14:00:59","date_gmt":"2021-03-29T18:00:59","guid":{"rendered":"https:\/\/linitiative.ca\/International\/%ef%bb%bfles-civils-fuient-par-milliers-les-violences\/"},"modified":"2021-03-29T14:00:59","modified_gmt":"2021-03-29T18:00:59","slug":"%ef%bb%bfles-civils-fuient-par-milliers-les-violences","status":"publish","type":"post","link":"https:\/\/linitiative.ca\/International\/%ef%bb%bfles-civils-fuient-par-milliers-les-violences\/","title":{"rendered":"\ufeffLes civils fuient par milliers les violences"},"content":{"rendered":"<p class=\"c1\"><strong>Mozambique<\/strong><\/p>\n<p><strong>Des milliers de personnes tentaient toujours par tous les moyens de fuir le nord-est du Mozambique, en proie depuis mercredi \u00e0 une attaque jihadiste d\u2019ampleur qui a fait des dizaines de tu\u00e9s parmi les civils.<\/strong><\/p>\n<p>Le gouvernement mozambicain a confirm\u00e9 dimanche soir qu\u2019au moins sept personnes ont \u00e9t\u00e9 tu\u00e9es dans une embuscade vendredi, en tentant de s\u2019\u00e9chapper d\u2019un h\u00f4tel o\u00f9 elles s\u2019\u00e9taient retranch\u00e9es.<\/p>\n<p>Et des \u00ab\u00a0dizaines\u00a0\u00bb d\u2019autres l\u2019ont \u00e9t\u00e9 lors de l\u2019attaque initiale mercredi contre la petite ville portuaire de Palma, situ\u00e9e \u00e0 seulement une dizaine de kilom\u00e8tres d\u2019un site gazier pilot\u00e9 par le groupe fran\u00e7ais Total, un m\u00e9ga-projet de vingt milliards de dollars, cens\u00e9 \u00eatre op\u00e9rationnel en 2024.<\/p>\n<p>Palma est tomb\u00e9e aux mains de ces groupes arm\u00e9s vendredi soir, \u00e0 l\u2019issue de plus de 48 heures de combats.<\/p>\n<p>\u00ab\u00a0Plus de cent personnes sont port\u00e9es disparues\u00a0\u00bb, a affirm\u00e9 \u00e0 l\u2019AFP le chercheur Martin Ewi, de l\u2019Institut des \u00e9tudes s\u00e9curitaires \u00e0 Pretoria, \u00e9voquant une \u00ab\u00a0situation encore tr\u00e8s confuse\u00a0\u00bb.<\/p>\n<p>Les jihadistes, qui ont pr\u00eat\u00e9 all\u00e9geance \u00e0 l\u2019Etat islamique, et qui terrorisent depuis plus de trois ans la province majoritairement musulmane du Cabo Delgado, frontali\u00e8re de la Tanzanie, ont lanc\u00e9 leur attaque surprise mercredi apr\u00e8s-midi sur trois fronts simultan\u00e9s, suscitant la panique pour ses 75.000 habitants.<\/p>\n<p>Des t\u00e9moins ont racont\u00e9 \u00e0 l\u2019ONG Human Rights Watch qu\u2019ils ont tir\u00e9 \u00ab\u00a0tous azimuts sur les gens et les b\u00e2timents\u00a0\u00bb, laissant une tra\u00een\u00e9e de corps dans les rues.<\/p>\n<p>\u00ab\u00a0Leurs actions ont abouti au meurtre couard de dizaines de personnes sans d\u00e9fense\u00a0\u00bb, a d\u00e9nonc\u00e9 le colonel Omar Saranga, porte-parole du minist\u00e8re de la D\u00e9fense lors d\u2019un point-presse.<\/p>\n<p>Les habitants, dont de nombreux r\u00e9fugi\u00e9s ayant d\u00e9j\u00e0 \u00e9chapp\u00e9 aux violences jihadistes dans leurs villages, ont repris leur fuite.<\/p>\n<p>Certains ont fonc\u00e9 vers les for\u00eats environnantes, d\u2019autres vers les plages o\u00f9 ils sont mont\u00e9s \u00e0 bord d\u2019embarcations. D\u2019autres encore sont partis \u00e0 pied ou en voiture vers le site gazier. L\u00e0, ils ont frapp\u00e9 \u00e0 la porte du p\u00e9rim\u00e8tre ultra-s\u00e9curis\u00e9, sur la p\u00e9ninsule d\u2019Afungi, pour s\u2019abriter.<\/p>\n<p>Un bateau transportant 1.400 personnes, \u00ab\u00a0parti du site d\u2019Afungi\u00a0\u00bb la veille au soir, est arriv\u00e9 dimanche \u00e0 Pemba, la capitale provinciale distante d\u2019environ 200 km, a affirm\u00e9 \u00e0 l\u2019AFP une source participant \u00e0 cette op\u00e9ration d\u2019\u00e9vacuation.<\/p>\n<p>Parmi eux, des personnels non essentiels du site gazier mais surtout des habitants de Palma venus s\u2019y r\u00e9fugier.<\/p>\n<p>Sur les plages de Pemba, pirogues et bateaux \u00e0 voile traditionnels, charg\u00e9s de r\u00e9fugi\u00e9s, arrivent depuis les c\u00f4tes de Palma et d\u2019Afungi, selon plusieurs sources.<\/p>\n<p>A l\u2019a\u00e9roport, les vols r\u00e9guliers ont \u00e9t\u00e9 suspendus pour laisser place aux op\u00e9rations militaires, selon des fonctionnaires sur place.<\/p>\n<p>Caritas, organisation humanitaire pr\u00e9sente dans la r\u00e9gion, a confirm\u00e9 l\u2019afflux de r\u00e9fugi\u00e9s \u00e0 Pemba. \u00ab\u00a0Des salari\u00e9s d\u2019entreprises de Palma notamment arrivent\u00a0\u00bb, a affirm\u00e9 \u00e0 l\u2019AFP Manuel Nota, son responsable.<\/p>\n<p>\u00ab\u00a0Des op\u00e9rations d\u2019\u00e9vacuation sont en cours\u00a0\u00bb, a confirm\u00e9 le directeur r\u00e9gional de l\u2019organisation Human Rights Watch, Dewa Mavhinga.<\/p>\n<p>Parmi les 180 personnes ayant pass\u00e9 plus de 48 heures infernales assi\u00e9g\u00e9s dans un h\u00f4tel de Palma, situ\u00e9 entre la ville et son a\u00e9roport, apr\u00e8s avoir fui l\u2019attaque mercredi, plusieurs dizaines restent port\u00e9es disparues.<\/p>\n<p>Quelque 80 d\u2019entre eux \u00e9taient partis vendredi \u00e0 bord de 17 camions militaires, dont seuls sept ont pu sortir de la zone de conflit. Aucune source ne pouvait pr\u00e9ciser dans l\u2019imm\u00e9diat ce que sont devenues les personnes \u00e0 bord des dix autres camions. Mais une embuscade contre plusieurs d\u2019entre eux a fait au moins sept morts, a confirm\u00e9 le gouvernement.<\/p>\n<p>\u00ab\u00a0Un nombre inconnu de personnes sont sans doute mortes en tentant de fuir l\u2019h\u00f4tel Amarula, lorsque leur convoi a \u00e9t\u00e9 attaqu\u00e9\u00a0\u00bb, avance M. Mavhinga.<\/p>\n<p>Adrian Nel, un Sud-Africain de 40 ans qui travaillait pour le compte d\u2019une entreprise \u00e0 Palma avec son p\u00e8re et son fr\u00e8re, figure parmi les victimes, a racont\u00e9 sa m\u00e8re \u00e0 l\u2019AFP.<\/p>\n<p>Cherchant \u00e0 fuir apr\u00e8s avoir \u00e9t\u00e9 assi\u00e9g\u00e9s dans l\u2019h\u00f4tel, \u00ab\u00a0ils sont tomb\u00e9s dans une embuscade. Ils ont tir\u00e9, mon fils est mort\u00a0\u00bb, raconte Meryl Nel. \u00ab\u00a0Il n\u2019y a rien pour d\u00e9crire ce qu\u2019on ressent\u00a0\u00bb.<br \/>\u00ab\u00a0Mon fils est mort un jour violent et inutile\u00a0\u00bb, pleure-t-elle.<\/p>\n<p>Auteur: M&rsquo;hammed rahal<br \/>\n<a href=\"http:\/\/albayane.press.ma\/%EF%BB%BFles-civils-fuient-par-milliers-les-violences.html\">Cliquez ici pour lire l&rsquo;article depuis sa source.<\/a><\/p>\n","protected":false},"excerpt":{"rendered":"<p>Mozambique Des milliers de personnes tentaient toujours par tous les moyens de fuir le nord-est du Mozambique, en proie depuis mercredi \u00e0 une attaque jihadiste d\u2019ampleur qui a fait des dizaines de tu\u00e9s parmi les civils. Le gouvernement mozambicain a confirm\u00e9 dimanche soir qu\u2019au moins sept personnes ont \u00e9t\u00e9 tu\u00e9es dans une embuscade vendredi, en [&hellip;]<\/p>\n","protected":false},"author":1760,"featured_media":0,"comment_status":"closed","ping_status":"closed","sticky":false,"template":"","format":"standard","meta":{"fifu_image_url":"","fifu_image_alt":"","footnotes":""},"categories":[73,54],"tags":[],"class_list":["post-113965","post","type-post","status-publish","format-standard","hentry","category-actualite","category-maroc"],"_links":{"self":[{"href":"https:\/\/linitiative.ca\/International\/wp-json\/wp\/v2\/posts\/113965","targetHints":{"allow":["GET"]}}],"collection":[{"href":"https:\/\/linitiative.ca\/International\/wp-json\/wp\/v2\/posts"}],"about":[{"href":"https:\/\/linitiative.ca\/International\/wp-json\/wp\/v2\/types\/post"}],"author":[{"embeddable":true,"href":"https:\/\/linitiative.ca\/International\/wp-json\/wp\/v2\/users\/1760"}],"replies":[{"embeddable":true,"href":"https:\/\/linitiative.ca\/International\/wp-json\/wp\/v2\/comments?post=113965"}],"version-history":[{"count":0,"href":"https:\/\/linitiative.ca\/International\/wp-json\/wp\/v2\/posts\/113965\/revisions"}],"wp:attachment":[{"href":"https:\/\/linitiative.ca\/International\/wp-json\/wp\/v2\/media?parent=113965"}],"wp:term":[{"taxonomy":"category","embeddable":true,"href":"https:\/\/linitiative.ca\/International\/wp-json\/wp\/v2\/categories?post=113965"},{"taxonomy":"post_tag","embeddable":true,"href":"https:\/\/linitiative.ca\/International\/wp-json\/wp\/v2\/tags?post=113965"}],"curies":[{"name":"wp","href":"https:\/\/api.w.org\/{rel}","templated":true}]}}