{"id":113967,"date":"2021-03-30T05:50:19","date_gmt":"2021-03-30T09:50:19","guid":{"rendered":"https:\/\/linitiative.ca\/International\/moez-labidi-appelle-a-repenser-le-service-public\/"},"modified":"2021-03-30T05:50:19","modified_gmt":"2021-03-30T09:50:19","slug":"moez-labidi-appelle-a-repenser-le-service-public","status":"publish","type":"post","link":"https:\/\/linitiative.ca\/International\/moez-labidi-appelle-a-repenser-le-service-public\/","title":{"rendered":"Moez Labidi appelle \u00e0 \u201crepenser le service public\u201d"},"content":{"rendered":"<p><img loading=\"lazy\" decoding=\"async\" class=\"size-medium wp-image-403678 alignright lazyloaded\" src=\"https:\/\/cdn2.webmanagercenter.com\/wmc\/wp-content\/uploads\/2017\/02\/tunisie-moez-labidi-wmc-300x176.jpg\" alt=\"\" width=\"300\" height=\"176\" data-ll-status=\"loaded\"\/>La Tunisie a perdu assez de temps pour impl\u00e9menter des r\u00e9formes incontournables. Le statu quo, l\u2019h\u00e9sitation, la main tremblante sont d\u00e9vastateurs, alerte l\u2019\u00e9conomiste Moez Labidi dans un billet \u00e9conomique publi\u00e9 par l\u2019interm\u00e9diaire en Bourse MAC SA, o\u00f9 il revient sur les fragilit\u00e9s structurelles de l\u2019\u00e9conomie tunisienne d\u00e9voil\u00e9es par la crise sanitaire et appelle \u00e0 repenser le service public, pour remettre le pays sur les bons rails.<\/p>\n<p>Les \u201cbienfaits\u201d de la Covid-19<\/p>\n<p>\u201cLa crise de la Covid-19 a r\u00e9v\u00e9l\u00e9 les d\u00e9faillances de nos services publics. Des d\u00e9faillances qui r\u00e9sultent \u00e0 la fois d\u2019un d\u00e9ficit de gouvernance, d\u2019une mauvaise politique de valorisation des comp\u00e9tences, d\u2019une incapacit\u00e9 \u00e0 faire respecter la loi et d\u2019une pr\u00e9sence syndicale \u00e9touffante pour toute initiative de r\u00e9forme structurelle\u201d souligne-t-il.<\/p>\n<p>Et d\u2019encha\u00eener \u201cla Tunisie a besoin, plus que jamais, d\u2019un service public de qualit\u00e9 pour une meilleure efficacit\u00e9 dans la gestion des crises sanitaires aujourd\u2019hui, et \u00e0 la fois climatiques et sanitaires, s\u00fbrement demain. Or un tel service n\u00e9cessite une meilleure qualit\u00e9 du travail, de la fermet\u00e9 dans l\u2019application de la loi et une politique de r\u00e9mun\u00e9ration valorisante et attractive pour les comp\u00e9tences \u201c.<\/p>\n<p>\u201cIl est temps de r\u00e9fl\u00e9chir sur les d\u00e9g\u00e2ts occasionn\u00e9s par la culture du blocage de l\u2019activit\u00e9 productive dans les fleurons de l\u2019\u00e9conomie tunisienne (bassin minier en t\u00eate) et dans le secteur public avec l\u2019avalanche de gr\u00e8ves, souvent pay\u00e9es (administration, entreprises publiques), et les dommages collat\u00e9raux qui en r\u00e9sultent en termes de d\u00e9gradation du pouvoir d\u2019achat, suite aux \u201cflux migratoires\u201d des familles tunisiennes en direction du priv\u00e9 (sant\u00e9, \u00e9ducation\u2026), du manque d\u2019attractivit\u00e9 du site Tunisie, de l\u2019inefficacit\u00e9 de l\u2019appareil de recouvrement fiscal, de la mont\u00e9e de la corruption\u201d, estime-t-il.<\/p>\n<p>\u201cL\u2019urgence n\u2019est pas de basculer dans un nouveau mod\u00e8le de d\u00e9veloppement, comme le laisse entendre certains discours imbib\u00e9s de rh\u00e9torique populiste. Le nouveau mod\u00e8le de d\u00e9veloppement ne pourrait pas atterrir dans une \u00e9conomie o\u00f9 les finances publiques sont sous pressions, et l\u2019Etat peine \u00e0 faire respecter la loi. Il ne pourra pas \u00e9merger avec des r\u00e9formes cosm\u00e9tiques\u201d.<\/p>\n<p>Labidi consid\u00e8re que \u201cle mod\u00e8le de d\u00e9veloppement est le fruit d\u2019une dynamique de r\u00e9formes vertueuses en deux temps.<\/p>\n<p>Tout d\u2019abord, un assainissement en profondeur des finances publiques, qui permettra l\u2019\u00e9largissement du \u201cfiscal space\u201d, et une intervention publique muscl\u00e9e, pour soutenir les entreprises et \u00e9viter le risque de faillite pour les plus fragiles d\u2019entre elles, et la pr\u00e9servation d\u2019un pouvoir d\u2019achat d\u00e9cent pour les m\u00e9nages lourdement affect\u00e9s par le confinement.<\/p>\n<p>De m\u00eame, cet \u00e9largissement permettra de renouer avec une dynamique de d\u00e9sendettement, renfor\u00e7ant ainsi les marges de man\u0153uvre de l\u2019action publique.<\/p>\n<p><strong>Assainissement des finances publiques<\/strong><\/p>\n<p>Ensuite, l\u2019assainissement des finances publiques offre la possibilit\u00e9 aux autorit\u00e9s de mobiliser plus de fonds pour les d\u00e9penses d\u2019investissement, au profit des grandes r\u00e9formes structurelles, avec le concours du secteur priv\u00e9 (PPP) pour certains projets. Or, une telle dynamique ne pourrait pas se d\u00e9clencher dans un contexte min\u00e9 par la mont\u00e9e des incertitudes \u201c.<\/p>\n<p>Toujours selon lui, \u201cl\u2019ann\u00e9e 2021 sera l\u2019ann\u00e9e des incertitudes. La mont\u00e9e de la fi\u00e8vre revendicative sous ses diff\u00e9rentes variantes (syndicale, r\u00e9gionale, dipl\u00f4m\u00e9s ch\u00f4meurs, ..), les contraintes qui p\u00e8sent sur le financement externe (un besoin de l\u2019\u00e9quivalant de 13 Mds de dinars en devises pour le budget 2021) , la \u201cqualit\u00e9\u201d du nouvel accord avec le FMI apr\u00e8s deux programmes inachev\u00e9s, et le retard qui sera enregistr\u00e9 dans le processus de vaccination, dans un contexte marqu\u00e9 par la progression de la pand\u00e9mie, vont continuer de miner le climat social, et pr\u00e9cipiter les reculades successives des autorit\u00e9s, mettant davantage de pressions sur les finances publiques\u201d.<\/p>\n<p><strong>Une \u00e9conomie cr\u00e9ative et r\u00e9siliente, c\u2019est possible<\/strong><\/p>\n<p>Labidi pense toutefois qu\u2019\u201d une \u00e9conomie cr\u00e9ative et r\u00e9siliente est toujours possible \u201c, mais \u201d ce n\u2019est pas avec un Etat faible, une tchernobilisation du climat des affaires par la cacophonie politique, une m\u00e9fiance des citoyens \u00e0 l\u2019\u00e9gard des institutions et une mont\u00e9e du populisme qui gangr\u00e8ne le discours politique, que nous pourrons esp\u00e9rer rehausser la qualit\u00e9 du service public, red\u00e9marrer la croissance \u00e9conomique et retrouver une \u00e9conomie r\u00e9siliente et cr\u00e9ative\u201d.<\/p>\n<p>Il pense qu\u2019une \u00e9conomie r\u00e9siliente et cr\u00e9ative repose principalement :<\/p>\n<p>\u2013 du c\u00f4t\u00e9 des m\u00e9nages, <em>sur la confiance en l\u2019avenir et la culture du travail<\/em>. Une confiance qui se nourrit \u00e0 la fois du partage \u00e9quitable du co\u00fbt des r\u00e9formes, et de la capacit\u00e9 du d\u00e9cideur \u00e0 int\u00e9grer dans ses orientations politiques les d\u00e9fis \u00e0 relever pour la Tunisie de demain. Les m\u00e9nages doivent \u00eatre impr\u00e9gn\u00e9s par la culture de la discipline et de la productivit\u00e9 plut\u00f4t que de celle de la contestation et du blocage des unit\u00e9s de production;<\/p>\n<p>\u2013 du c\u00f4t\u00e9 du monde des affaires, <em>sur une Entreprise plus innovante, plus num\u00e9rique, plus citoyenne<\/em> ;<\/p>\n<p>\u2013 du c\u00f4t\u00e9 des politiques publiques, <em>sur un Etat fort, strat\u00e8ge, facilitateur, d\u00e9tenteur d\u2019une vision et audacieux pour r\u00e9former<\/em>. Un Etat qui pense \u00e0 moyen et \u00e0 long terme: fortement engag\u00e9 dans la transition \u00e9cologique et digitale. Mais aussi un Etat tr\u00e8s r\u00e9actif \u00e0 court terme: constamment en veille pour ancrer son dispositif r\u00e9glementaire aux standards internationaux.<\/p>\n<p class=\"c2\"><strong>Avec TAP<\/strong><\/p>\n<div class=\"wp-post-author-wrap wp-post-author-shortcode left\">\n<h3 class=\"awpa-title\"\/>\n<div class=\"wp-post-author\">\n<div class=\"awpa-img awpa-author-block square\"><a href=\"http:\/\/lexpertjournal.net\/fr\/?author=5\"><img loading=\"lazy\" decoding=\"async\" alt=\"\" src=\"http:\/\/0.gravatar.com\/avatar\/97f8e10a1c1125ba104a76514ee07b16?s=150&amp;d=mm&amp;r=g\" srcset=\"http:\/\/0.gravatar.com\/avatar\/97f8e10a1c1125ba104a76514ee07b16?s=300&amp;d=mm&amp;r=g 2x\" class=\"avatar avatar-150 photo\" height=\"150\" width=\"150\"\/><\/a><\/div>\n<\/div>\n<\/div>\n<aside class=\"mashsb-container mashsb-main mashsb-stretched\">\n<\/aside>\n<p>Auteur: L&rsquo;expert<br \/>\n<a href=\"http:\/\/lexpertjournal.net\/fr\/?p=19477\">Cliquez ici pour lire l&rsquo;article depuis sa source.<\/a><\/p>\n","protected":false},"excerpt":{"rendered":"<p>La Tunisie a perdu assez de temps pour impl\u00e9menter des r\u00e9formes incontournables. Le statu quo, l\u2019h\u00e9sitation, la main tremblante sont d\u00e9vastateurs, alerte l\u2019\u00e9conomiste Moez Labidi dans un billet \u00e9conomique publi\u00e9 par l\u2019interm\u00e9diaire en Bourse MAC SA, o\u00f9 il revient sur les fragilit\u00e9s structurelles de l\u2019\u00e9conomie tunisienne d\u00e9voil\u00e9es par la crise sanitaire et appelle \u00e0 repenser [&hellip;]<\/p>\n","protected":false},"author":1775,"featured_media":0,"comment_status":"closed","ping_status":"closed","sticky":false,"template":"","format":"standard","meta":{"fifu_image_url":"https:\/\/cdn2.webmanagercenter.com\/wmc\/wp-content\/uploads\/2017\/02\/tunisie-moez-labidi-wmc-300x176.jpg","fifu_image_alt":"Moez Labidi appelle \u00e0 \u201crepenser le service public\u201d","footnotes":""},"categories":[78,55],"tags":[],"class_list":["post-113967","post","type-post","status-publish","format-standard","hentry","category-economie","category-tunisie"],"_links":{"self":[{"href":"https:\/\/linitiative.ca\/International\/wp-json\/wp\/v2\/posts\/113967","targetHints":{"allow":["GET"]}}],"collection":[{"href":"https:\/\/linitiative.ca\/International\/wp-json\/wp\/v2\/posts"}],"about":[{"href":"https:\/\/linitiative.ca\/International\/wp-json\/wp\/v2\/types\/post"}],"author":[{"embeddable":true,"href":"https:\/\/linitiative.ca\/International\/wp-json\/wp\/v2\/users\/1775"}],"replies":[{"embeddable":true,"href":"https:\/\/linitiative.ca\/International\/wp-json\/wp\/v2\/comments?post=113967"}],"version-history":[{"count":0,"href":"https:\/\/linitiative.ca\/International\/wp-json\/wp\/v2\/posts\/113967\/revisions"}],"wp:attachment":[{"href":"https:\/\/linitiative.ca\/International\/wp-json\/wp\/v2\/media?parent=113967"}],"wp:term":[{"taxonomy":"category","embeddable":true,"href":"https:\/\/linitiative.ca\/International\/wp-json\/wp\/v2\/categories?post=113967"},{"taxonomy":"post_tag","embeddable":true,"href":"https:\/\/linitiative.ca\/International\/wp-json\/wp\/v2\/tags?post=113967"}],"curies":[{"name":"wp","href":"https:\/\/api.w.org\/{rel}","templated":true}]}}