{"id":113969,"date":"2021-03-30T05:58:52","date_gmt":"2021-03-30T09:58:52","guid":{"rendered":"https:\/\/linitiative.ca\/International\/lutica-qualifie-dirresponsables-les-declarations-de-sami-tahri\/"},"modified":"2021-03-30T05:58:52","modified_gmt":"2021-03-30T09:58:52","slug":"lutica-qualifie-dirresponsables-les-declarations-de-sami-tahri","status":"publish","type":"post","link":"https:\/\/linitiative.ca\/International\/lutica-qualifie-dirresponsables-les-declarations-de-sami-tahri\/","title":{"rendered":"L\u2019UTICA qualifie \u00ab d\u2019irresponsables \u00bb les d\u00e9clarations de Sami Tahri"},"content":{"rendered":"<section class=\"entry-content clearfix\">L\u2019Union tunisienne de l\u2019industrie, du commerce et de l\u2019artisanat (UTICA), a exprim\u00e9 lundi, son grand \u00e9tonnement des d\u00e9clarations, \u00ab irresponsables \u00bb, du secr\u00e9taire g\u00e9n\u00e9ral adjoint (SGA) de l\u2019UGTT, Sami Tahri, dans lesquelles, il a accus\u00e9 certains hommes d\u2019affaires de \u00ab d\u00e9tourner intentionnellement la loi pour pousser \u00e0 la fermeture des entreprises productives et au licenciement des ouvriers, pour des raisons futiles \u00bb.<\/p>\n<p>Les d\u00e9clarations du secr\u00e9taire adjoint de l\u2019UGTT \u00e0 l\u2019occasion de la tenue du conseil administratif de l\u2019UR de Sousse, sont de nature \u00e0 induire l\u2019opinion publique en erreur, et \u00ab \u00e0 diaboliser les chefs d\u2019entreprises \u00bb, a pr\u00e9cis\u00e9 l\u2019Organisation patronale dans un communiqu\u00e9 publi\u00e9 lundi \u00e0 Tunis.<\/p>\n<p>\u00ab Ces d\u00e9claration t\u00e9moignent d\u2019une m\u00e9connaissance de la situation \u00e9conomique et sociale et des difficult\u00e9s que conna\u00eet le pays, lesquelles se sont davantage aggrav\u00e9es davantage, suite aux r\u00e9percussions de la crise \u00e9conomique, sanitaire et financi\u00e8re, sur les entreprises, lesquelles \u00ab militent \u00bb depuis plus d\u2019un an, pour garantir leur p\u00e9rennit\u00e9, pr\u00e9server les emplois, et continuer \u00e0 verser les salaires, en d\u00e9pit de la baisse de la production et des heures de travail r\u00e9el effectu\u00e9es \u00bb, a expliqu\u00e9 l\u2019UTICA.<\/p>\n<p>Elle a rappel\u00e9 que les entreprises n\u2019ont pas b\u00e9n\u00e9fici\u00e9 d\u2019aide ou d\u2019accompagnement pendant la pand\u00e9mie du COVID-19 s\u2019interrogeant sur les motifs de cette tendance \u00e0 nier la crise v\u00e9cue par les entreprises et par l\u2019\u00e9conomie nationale en g\u00e9n\u00e9ral.<\/p>\n<p>\u00ab Ces d\u00e9clarations refl\u00e8tent l\u2019ingratitude et le d\u00e9ni des sacrifices consentis par les entreprises pendant la crise sanitaire, afin de pr\u00e9server la paix sociale et les ressources \u00bb.<\/p>\n<p>L\u2019UTICA a soulign\u00e9 que les d\u00e9cisions de fermeture ou de suspension d\u2019activit\u00e9 que les employeurs s\u2019efforcent d\u2019\u00e9viter, sont dues \u00e0 des raisons objectives li\u00e9es \u00e0 la r\u00e9alit\u00e9 du march\u00e9 et \u00e0 la crise \u00e9conomique et sanitaire que connait le monde, outre la mont\u00e9e de l\u2019\u00e9conomie parall\u00e8le, de la contrebande, et de l\u2019importation anarchique.<\/p>\n<p>L\u2019UTICA a r\u00e9affirme dans le communiqu\u00e9 son attachement \u00e0 sa qualit\u00e9 de partenaire social s\u00e9rieux tout en exprimant son refus de tout allusion ou annonce pr\u00e9matur\u00e9e sur les n\u00e9gociations avec le secteur priv\u00e9 \u00ab .<\/p>\n<p>\u00ab Toutes les n\u00e9gociations collectives ne peuvent \u00eatre men\u00e9es en dehors du contexte g\u00e9n\u00e9ral du pays, et doivent r\u00e9pondre aux attentes et pr\u00e9occupations aussi bien des travailleurs que des entreprises et ce sur le m\u00eame pied d\u2019\u00e9galit\u00e9 \u00bblit-on dans le texte.<\/p>\n<\/section>\n<div class=\"wp-post-author-wrap wp-post-author-shortcode left\">\n<h3 class=\"awpa-title\"\/>\n<div class=\"wp-post-author\">\n<div class=\"awpa-img awpa-author-block square\"><a href=\"http:\/\/lexpertjournal.net\/fr\/?author=5\"><img loading=\"lazy\" decoding=\"async\" alt=\"\" src=\"http:\/\/0.gravatar.com\/avatar\/97f8e10a1c1125ba104a76514ee07b16?s=150&amp;d=mm&amp;r=g\" srcset=\"http:\/\/0.gravatar.com\/avatar\/97f8e10a1c1125ba104a76514ee07b16?s=300&amp;d=mm&amp;r=g 2x\" class=\"avatar avatar-150 photo\" height=\"150\" width=\"150\"\/><\/a><\/div>\n<\/div>\n<\/div>\n<aside class=\"mashsb-container mashsb-main mashsb-stretched\">\n<\/aside>\n<p>Auteur: L&rsquo;expert<br \/>\n<a href=\"http:\/\/lexpertjournal.net\/fr\/?p=19483\">Cliquez ici pour lire l&rsquo;article depuis sa source.<\/a><\/p>\n","protected":false},"excerpt":{"rendered":"<p>L\u2019Union tunisienne de l\u2019industrie, du commerce et de l\u2019artisanat (UTICA), a exprim\u00e9 lundi, son grand \u00e9tonnement des d\u00e9clarations, \u00ab irresponsables \u00bb, du secr\u00e9taire g\u00e9n\u00e9ral adjoint (SGA) de l\u2019UGTT, Sami Tahri, dans lesquelles, il a accus\u00e9 certains hommes d\u2019affaires de \u00ab d\u00e9tourner intentionnellement la loi pour pousser \u00e0 la fermeture des entreprises productives et au licenciement [&hellip;]<\/p>\n","protected":false},"author":1775,"featured_media":0,"comment_status":"closed","ping_status":"closed","sticky":false,"template":"","format":"standard","meta":{"fifu_image_url":"http:\/\/0.gravatar.com\/avatar\/97f8e10a1c1125ba104a76514ee07b16?s=150&d=mm&r=g","fifu_image_alt":"L\u2019UTICA qualifie \u00ab d\u2019irresponsables \u00bb les d\u00e9clarations de Sami Tahri","footnotes":""},"categories":[78,55],"tags":[],"class_list":["post-113969","post","type-post","status-publish","format-standard","hentry","category-economie","category-tunisie"],"_links":{"self":[{"href":"https:\/\/linitiative.ca\/International\/wp-json\/wp\/v2\/posts\/113969","targetHints":{"allow":["GET"]}}],"collection":[{"href":"https:\/\/linitiative.ca\/International\/wp-json\/wp\/v2\/posts"}],"about":[{"href":"https:\/\/linitiative.ca\/International\/wp-json\/wp\/v2\/types\/post"}],"author":[{"embeddable":true,"href":"https:\/\/linitiative.ca\/International\/wp-json\/wp\/v2\/users\/1775"}],"replies":[{"embeddable":true,"href":"https:\/\/linitiative.ca\/International\/wp-json\/wp\/v2\/comments?post=113969"}],"version-history":[{"count":0,"href":"https:\/\/linitiative.ca\/International\/wp-json\/wp\/v2\/posts\/113969\/revisions"}],"wp:attachment":[{"href":"https:\/\/linitiative.ca\/International\/wp-json\/wp\/v2\/media?parent=113969"}],"wp:term":[{"taxonomy":"category","embeddable":true,"href":"https:\/\/linitiative.ca\/International\/wp-json\/wp\/v2\/categories?post=113969"},{"taxonomy":"post_tag","embeddable":true,"href":"https:\/\/linitiative.ca\/International\/wp-json\/wp\/v2\/tags?post=113969"}],"curies":[{"name":"wp","href":"https:\/\/api.w.org\/{rel}","templated":true}]}}