{"id":113971,"date":"2021-03-30T05:30:00","date_gmt":"2021-03-30T09:30:00","guid":{"rendered":"https:\/\/linitiative.ca\/International\/menace-de-sanctions-americaines\/"},"modified":"2021-03-30T05:30:00","modified_gmt":"2021-03-30T09:30:00","slug":"menace-de-sanctions-americaines","status":"publish","type":"post","link":"https:\/\/linitiative.ca\/International\/menace-de-sanctions-americaines\/","title":{"rendered":"Menace de sanctions am\u00e9ricaines"},"content":{"rendered":"<div id=\"originalText\" readability=\"113\">\n<p><strong>En lan\u00e7ant des appels\u00a0 pressants \u00e0\u00a0 la Turquie\u00a0 pour\u00a0 retirer ses troupes de Libye, les \u00c9tats-Unis\u00a0 et\u00a0 l\u2019Union\u00a0 europ\u00e9enne\u00a0 comptent\u00a0 utiliser leur influence diplomatique pour soutenir cette demande.<\/strong><\/p>\n<p>L&rsquo;ambassadeur\u00a0 am\u00e9ricain\u00a0 en\u00a0 Libye,\u00a0 Richard\u00a0 Norland, estime\u00a0 que\u00a0 \u201cles sanctions restent un outil \u00e0 la disposition de la communaut\u00e9 internationale contre ceux qui continuent de violer l\u2019embargo sur les armes impos\u00e9 par les Nations unies\u201d.<\/p>\n<p>Il a affirm\u00e9, en outre, que \u201cl&rsquo;outil\u00a0 le plus\u00a0 efficace\u00a0 pour\u00a0 parvenir au d\u00e9part des mercenaires \u00e9trangers est un gouvernement libyen d\u00e9mocratiquement \u00e9lu qui jouit des pleins pouvoirs, \u00e0 travers un mandat, pour restaurer la souverainet\u00e9 du pays\u201d.<\/p>\n<p>Il est clair que l&rsquo;ambassadeur am\u00e9ricain vise essentiellement la Turquie qui est accus\u00e9e d&rsquo;avoir envoy\u00e9 des mercenaires en Libye et d&rsquo;avoir viol\u00e9 les d\u00e9cisions internationales interdisant la fourniture d&rsquo;armes \u00e0 ce pays et transgressant la volont\u00e9 de la communaut\u00e9 internationale qui a \u00e9t\u00e9 exprim\u00e9e lors de la conf\u00e9rence de Berlin.<\/p>\n<p>Une conf\u00e9rence qui s\u2019est sold\u00e9e par plusieurs d\u00e9cisions, \u00e0 savoir : renforcer la surveillance de l&#8217;embargo sur les armes, d\u00e9mobiliser et d\u00e9sarmer les milices et imposer des sanctions \u00e0 la partie qui viole l&rsquo;armistice.<\/p>\n<p>Dans cette perspective, le pr\u00e9sident du Conseil pr\u00e9sidentiel libyen, Mohamed al-Manfi, a pr\u00e9vu un d\u00e9placement en Turquie, o\u00f9 la question des mercenaires figure en t\u00eate des dossiers \u00e0 discuter lors des entretiens.<\/p>\n<p>Des sources ont indiqu\u00e9 qu\u2019Al-Manfi et Erdogan vont aborder le dossier des mercenaires d\u00e9ploy\u00e9s par la Turquie sur le sol libyen pour le soutien au GNA. Il reste, bien entendu, que l\u2019\u00e9vacuation des mercenaires \u00e9trangers pr\u00e9sents en Libye concernera dans une premi\u00e8re phase les \u00e9l\u00e9ments arm\u00e9s venant de Syrie.<\/p>\n<p>Des m\u00e9dias libyens affirment m\u00eame que cette d\u00e9cision aurait \u00e9t\u00e9 prise lors d\u2019une r\u00e9union secr\u00e8te, tenue \u00e0 Tripoli, entre le nouveau gouvernement libyen et les services de renseignements turcs, en pr\u00e9sence de l\u2019ambassadeur turc.<\/p>\n<p>Aussi, le gouvernement int\u00e9rimaire a inform\u00e9 les autorit\u00e9s turques qu\u2019il n\u2019allait pas renouveler le contrat pass\u00e9 entre l\u2019ancien GNA (Gouvernement d\u2019union nationale) de Fayez al-Sarraj et les mercenaires syriens, et qu\u2019il proc\u00e9dera \u00e0 leur \u00e9vacuation vers la Syrie \u00e0 travers l\u2019espace a\u00e9rien turc, ajoute le m\u00e9dia.<\/p>\n<p>Il va\u00a0 sans\u00a0 dire que\u00a0 cette demande concerne aussi la Russie qui soutient l\u2019autre camp de\u00a0 khalifa\u00a0 Haftar, o\u00f9 sont signal\u00e9s aussi les mercenaires de Wagner. Mais la Russie a officiellement d\u00e9menti tout lien avec ces groupes.<\/p>\n<p>\u201cNous avons r\u00e9guli\u00e8rement entendu des all\u00e9gations sur les actions de l&rsquo;arm\u00e9e russe en Libye\u201d, a indiqu\u00e9 Vassili Alexievitch Nebenzia, l\u2019actuel repr\u00e9sentant permanent de la Russie au Conseil de s\u00e9curit\u00e9 de l&rsquo;Onu, en ajoutant avoir soulign\u00e9 \u00e0 de nombreuses reprises qu\u2019\u201cil n\u2019y avait pas d\u2019arm\u00e9es russes dans ce pays\u201d et que \u201csi certains de nos citoyens sont pr\u00e9sents en Libye, ils ne repr\u00e9sentent pas la Russie\u201d.<\/p>\n<p>La question des mercenaires a \u00e9galement figur\u00e9\u00a0 au\u00a0 centre\u00a0 des\u00a0 discussions entre les pr\u00e9sidents fran\u00e7ais et \u00e9gyptiens, Macron et Al-Sissi, en abordant les derniers\u00a0 d\u00e9veloppements\u00a0 li\u00e9s\u00a0 au\u00a0 dossier libyen, et\u00a0 a\u00a0 expos\u00e9\u00a0 la\u00a0 position strat\u00e9gique\u00a0 ferme\u00a0 de\u00a0 l&rsquo;\u00c9gypte\u00a0 \u00e0\u00a0 cet\u00a0 \u00e9gard, ont\u00a0 r\u00e9affirm\u00e9\u00a0 la\u00a0 n\u00e9cessit\u00e9 de d\u00e9barrasser\u00a0 la\u00a0 Libye\u00a0 des\u00a0 mercenaires\u00a0 et\u00a0 d&#8217;emp\u00eacher\u00a0 toute\u00a0 ing\u00e9rence \u00e9trang\u00e8re ill\u00e9gale dans les affaires libyennes.\u00a0<br \/>\u00a0<\/p>\n<p class=\"c6\"><strong>A. R.<\/strong><\/p>\n<\/div>\n<div id=\"text_core\" readability=\"113\">\n<p><strong>En lan\u00e7ant des appels\u00a0 pressants \u00e0\u00a0 la Turquie\u00a0 pour\u00a0 retirer ses troupes de Libye, les \u00c9tats-Unis\u00a0 et\u00a0 l\u2019Union\u00a0 europ\u00e9enne\u00a0 comptent\u00a0 utiliser leur influence diplomatique pour soutenir cette demande.<\/strong><\/p>\n<p>L&rsquo;ambassadeur\u00a0 am\u00e9ricain\u00a0 en\u00a0 Libye,\u00a0 Richard\u00a0 Norland, estime\u00a0 que\u00a0 \u201cles sanctions restent un outil \u00e0 la disposition de la communaut\u00e9 internationale contre ceux qui continuent de violer l\u2019embargo sur les armes impos\u00e9 par les Nations unies\u201d.<\/p>\n<p>Il a affirm\u00e9, en outre, que \u201cl&rsquo;outil\u00a0 le plus\u00a0 efficace\u00a0 pour\u00a0 parvenir au d\u00e9part des mercenaires \u00e9trangers est un gouvernement libyen d\u00e9mocratiquement \u00e9lu qui jouit des pleins pouvoirs, \u00e0 travers un mandat, pour restaurer la souverainet\u00e9 du pays\u201d.<\/p>\n<p>Il est clair que l&rsquo;ambassadeur am\u00e9ricain vise essentiellement la Turquie qui est accus\u00e9e d&rsquo;avoir envoy\u00e9 des mercenaires en Libye et d&rsquo;avoir viol\u00e9 les d\u00e9cisions internationales interdisant la fourniture d&rsquo;armes \u00e0 ce pays et transgressant la volont\u00e9 de la communaut\u00e9 internationale qui a \u00e9t\u00e9 exprim\u00e9e lors de la conf\u00e9rence de Berlin.<\/p>\n<p>Une conf\u00e9rence qui s\u2019est sold\u00e9e par plusieurs d\u00e9cisions, \u00e0 savoir : renforcer la surveillance de l&#8217;embargo sur les armes, d\u00e9mobiliser et d\u00e9sarmer les milices et imposer des sanctions \u00e0 la partie qui viole l&rsquo;armistice.<\/p>\n<p>Dans cette perspective, le pr\u00e9sident du Conseil pr\u00e9sidentiel libyen, Mohamed al-Manfi, a pr\u00e9vu un d\u00e9placement en Turquie, o\u00f9 la question des mercenaires figure en t\u00eate des dossiers \u00e0 discuter lors des entretiens.<\/p>\n<p>Des sources ont indiqu\u00e9 qu\u2019Al-Manfi et Erdogan vont aborder le dossier des mercenaires d\u00e9ploy\u00e9s par la Turquie sur le sol libyen pour le soutien au GNA. Il reste, bien entendu, que l\u2019\u00e9vacuation des mercenaires \u00e9trangers pr\u00e9sents en Libye concernera dans une premi\u00e8re phase les \u00e9l\u00e9ments arm\u00e9s venant de Syrie.<\/p>\n<p>Des m\u00e9dias libyens affirment m\u00eame que cette d\u00e9cision aurait \u00e9t\u00e9 prise lors d\u2019une r\u00e9union secr\u00e8te, tenue \u00e0 Tripoli, entre le nouveau gouvernement libyen et les services de renseignements turcs, en pr\u00e9sence de l\u2019ambassadeur turc.<\/p>\n<p>Aussi, le gouvernement int\u00e9rimaire a inform\u00e9 les autorit\u00e9s turques qu\u2019il n\u2019allait pas renouveler le contrat pass\u00e9 entre l\u2019ancien GNA (Gouvernement d\u2019union nationale) de Fayez al-Sarraj et les mercenaires syriens, et qu\u2019il proc\u00e9dera \u00e0 leur \u00e9vacuation vers la Syrie \u00e0 travers l\u2019espace a\u00e9rien turc, ajoute le m\u00e9dia.<\/p>\n<p>Il va\u00a0 sans\u00a0 dire que\u00a0 cette demande concerne aussi la Russie qui soutient l\u2019autre camp de\u00a0 khalifa\u00a0 Haftar, o\u00f9 sont signal\u00e9s aussi les mercenaires de Wagner. Mais la Russie a officiellement d\u00e9menti tout lien avec ces groupes.<\/p>\n<p>\u201cNous avons r\u00e9guli\u00e8rement entendu des all\u00e9gations sur les actions de l&rsquo;arm\u00e9e russe en Libye\u201d, a indiqu\u00e9 Vassili Alexievitch Nebenzia, l\u2019actuel repr\u00e9sentant permanent de la Russie au Conseil de s\u00e9curit\u00e9 de l&rsquo;Onu, en ajoutant avoir soulign\u00e9 \u00e0 de nombreuses reprises qu\u2019\u201cil n\u2019y avait pas d\u2019arm\u00e9es russes dans ce pays\u201d et que \u201csi certains de nos citoyens sont pr\u00e9sents en Libye, ils ne repr\u00e9sentent pas la Russie\u201d.<\/p>\n<p>La question des mercenaires a \u00e9galement figur\u00e9\u00a0 au\u00a0 centre\u00a0 des\u00a0 discussions entre les pr\u00e9sidents fran\u00e7ais et \u00e9gyptiens, Macron et Al-Sissi, en abordant les derniers\u00a0 d\u00e9veloppements\u00a0 li\u00e9s\u00a0 au\u00a0 dossier libyen, et\u00a0 a\u00a0 expos\u00e9\u00a0 la\u00a0 position strat\u00e9gique\u00a0 ferme\u00a0 de\u00a0 l&rsquo;\u00c9gypte\u00a0 \u00e0\u00a0 cet\u00a0 \u00e9gard, ont\u00a0 r\u00e9affirm\u00e9\u00a0 la\u00a0 n\u00e9cessit\u00e9 de d\u00e9barrasser\u00a0 la\u00a0 Libye\u00a0 des\u00a0 mercenaires\u00a0 et\u00a0 d&#8217;emp\u00eacher\u00a0 toute\u00a0 ing\u00e9rence \u00e9trang\u00e8re ill\u00e9gale dans les affaires libyennes.\u00a0<br \/>\u00a0<\/p>\n<p class=\"c6\"><strong>A. R.<\/strong><\/p>\n<\/div>\n<p>Auteur:<br \/>\n<a href=\"https:\/\/www.liberte-algerie.com\/international\/menace-de-sanctions-americaines-356353\">Cliquez ici pour lire l&rsquo;article depuis sa source.<\/a><\/p>\n","protected":false},"excerpt":{"rendered":"<p>En lan\u00e7ant des appels\u00a0 pressants \u00e0\u00a0 la Turquie\u00a0 pour\u00a0 retirer ses troupes de Libye, les \u00c9tats-Unis\u00a0 et\u00a0 l\u2019Union\u00a0 europ\u00e9enne\u00a0 comptent\u00a0 utiliser leur influence diplomatique pour soutenir cette demande. L&rsquo;ambassadeur\u00a0 am\u00e9ricain\u00a0 en\u00a0 Libye,\u00a0 Richard\u00a0 Norland, estime\u00a0 que\u00a0 \u201cles sanctions restent un outil \u00e0 la disposition de la communaut\u00e9 internationale contre ceux qui continuent de violer l\u2019embargo [&hellip;]<\/p>\n","protected":false},"author":1742,"featured_media":0,"comment_status":"closed","ping_status":"closed","sticky":false,"template":"","format":"standard","meta":{"fifu_image_url":"","fifu_image_alt":"","footnotes":""},"categories":[73,53],"tags":[],"class_list":["post-113971","post","type-post","status-publish","format-standard","hentry","category-actualite","category-algerie"],"_links":{"self":[{"href":"https:\/\/linitiative.ca\/International\/wp-json\/wp\/v2\/posts\/113971","targetHints":{"allow":["GET"]}}],"collection":[{"href":"https:\/\/linitiative.ca\/International\/wp-json\/wp\/v2\/posts"}],"about":[{"href":"https:\/\/linitiative.ca\/International\/wp-json\/wp\/v2\/types\/post"}],"author":[{"embeddable":true,"href":"https:\/\/linitiative.ca\/International\/wp-json\/wp\/v2\/users\/1742"}],"replies":[{"embeddable":true,"href":"https:\/\/linitiative.ca\/International\/wp-json\/wp\/v2\/comments?post=113971"}],"version-history":[{"count":0,"href":"https:\/\/linitiative.ca\/International\/wp-json\/wp\/v2\/posts\/113971\/revisions"}],"wp:attachment":[{"href":"https:\/\/linitiative.ca\/International\/wp-json\/wp\/v2\/media?parent=113971"}],"wp:term":[{"taxonomy":"category","embeddable":true,"href":"https:\/\/linitiative.ca\/International\/wp-json\/wp\/v2\/categories?post=113971"},{"taxonomy":"post_tag","embeddable":true,"href":"https:\/\/linitiative.ca\/International\/wp-json\/wp\/v2\/tags?post=113971"}],"curies":[{"name":"wp","href":"https:\/\/api.w.org\/{rel}","templated":true}]}}