{"id":113972,"date":"2021-03-30T05:30:00","date_gmt":"2021-03-30T09:30:00","guid":{"rendered":"https:\/\/linitiative.ca\/International\/le-liban-finance-lelectricite-pour-eviter-le-black-out\/"},"modified":"2021-03-30T05:30:00","modified_gmt":"2021-03-30T09:30:00","slug":"le-liban-finance-lelectricite-pour-eviter-le-black-out","status":"publish","type":"post","link":"https:\/\/linitiative.ca\/International\/le-liban-finance-lelectricite-pour-eviter-le-black-out\/","title":{"rendered":"Le Liban finance l&rsquo;\u00e9lectricit\u00e9 pour \u00e9viter le black-out"},"content":{"rendered":"<div id=\"originalText\" readability=\"85\">\n<p>Le Parlement libanais a approuv\u00e9 hier l&rsquo;octroi d&rsquo;une avance budg\u00e9taire de 200 millions de dollars \u00e0 Electricit\u00e9 du Liban (EDL), apr\u00e8s une mise en garde minist\u00e9rielle contre le risque que le pays soit plong\u00e9 dans le \u201cnoir total\u201d.<\/p>\n<p>\u201cLe Parlement a approuv\u00e9, lors d&rsquo;une session g\u00e9n\u00e9rale, une avance de 200 millions de dollars (170 millions d&rsquo;euros)\u201d, a rapport\u00e9 l&rsquo;Agence nationale d&rsquo;information (ANI). Cependant, au plan politique, c\u2019est encore le statu quo puisqu\u2019aucune avanc\u00e9e n\u2019a \u00e9t\u00e9 enregistr\u00e9e dans la formation du gouvernement confi\u00e9e \u00e0 Harriri.\u00a0<\/p>\n<p>Le pr\u00e9sident libanais, Michel Aoun, a soulign\u00e9 hier, lundi, la n\u00e9cessit\u00e9 de former au plus vite un gouvernement capable de faire face \u00e0 une crise \u00e9conomique et aux conditions de vie difficiles dont souffrent les Libanais.\u00a0<\/p>\n<p>Le pr\u00e9sident Aoun a, en revanche, pr\u00e9cis\u00e9 que le gouvernement est form\u00e9 selon des crit\u00e8res pr\u00e9cis qui respectent les principes de r\u00e9partition d&rsquo;\u00e9quilibre et non en adoptant le principe du \u201cmonopole d&rsquo;une personne sur le processus\u201d.\u00a0<\/p>\n<p>Le chef de l\u2019\u00c9tat libanais a soulign\u00e9 que \u201cle seuil de pauvret\u00e9 au Liban a brusquement augment\u00e9, menant \u00e0 la disparition de la classe moyenne\u201d. Il a rappel\u00e9 les trag\u00e9dies qui ont directement frapp\u00e9 le Liban, notamment les dettes accumul\u00e9es, la guerre en Syrie, l\u2019explosion du port de Beyrouth et la pand\u00e9mie de Covid-19. Le pr\u00e9sident a \u00e9voqu\u00e9 la difficult\u00e9 de trouver des solutions rapides \u00e0 divers probl\u00e8mes, d&rsquo;autant plus que \u201ccela n\u00e9cessite des capacit\u00e9s qui nous manquent, notamment financi\u00e8res\u201d.\u00a0<\/p>\n<p>Il a fait savoir qu\u2019une action est en cours pour mettre en \u0153uvre un plan de rationalisation de l&rsquo;aide, repr\u00e9sent\u00e9 par une carte de rationnement.<\/p>\n<p>Le gouvernement de Hassan Diab, qui m\u00e8ne actuellement les affaires, a d\u00e9missionn\u00e9 le 10 ao\u00fbt, et ce, \u00e0 six jours seulement d&rsquo;une explosion catastrophique qui a secou\u00e9 le port de la capitale Beyrouth. Sa\u00e2d Hariri a \u00e9t\u00e9 officiellement d\u00e9sign\u00e9 pour former le gouvernement libanais en octobre dernier, mais il n&rsquo;a pas \u00e9t\u00e9 en mesure d&rsquo;achever cette mission en raison des divergences politiques, \u00e0 un moment o\u00f9 le pays traverse une grave crise \u00e9conomique.\u00a0<br \/>\u00a0<\/p>\n<p class=\"c6\"><strong>APS<\/strong><\/p>\n<\/div>\n<div id=\"text_core\" readability=\"85\">\n<p>Le Parlement libanais a approuv\u00e9 hier l&rsquo;octroi d&rsquo;une avance budg\u00e9taire de 200 millions de dollars \u00e0 Electricit\u00e9 du Liban (EDL), apr\u00e8s une mise en garde minist\u00e9rielle contre le risque que le pays soit plong\u00e9 dans le \u201cnoir total\u201d.<\/p>\n<p>\u201cLe Parlement a approuv\u00e9, lors d&rsquo;une session g\u00e9n\u00e9rale, une avance de 200 millions de dollars (170 millions d&rsquo;euros)\u201d, a rapport\u00e9 l&rsquo;Agence nationale d&rsquo;information (ANI). Cependant, au plan politique, c\u2019est encore le statu quo puisqu\u2019aucune avanc\u00e9e n\u2019a \u00e9t\u00e9 enregistr\u00e9e dans la formation du gouvernement confi\u00e9e \u00e0 Harriri.\u00a0<\/p>\n<p>Le pr\u00e9sident libanais, Michel Aoun, a soulign\u00e9 hier, lundi, la n\u00e9cessit\u00e9 de former au plus vite un gouvernement capable de faire face \u00e0 une crise \u00e9conomique et aux conditions de vie difficiles dont souffrent les Libanais.\u00a0<\/p>\n<p>Le pr\u00e9sident Aoun a, en revanche, pr\u00e9cis\u00e9 que le gouvernement est form\u00e9 selon des crit\u00e8res pr\u00e9cis qui respectent les principes de r\u00e9partition d&rsquo;\u00e9quilibre et non en adoptant le principe du \u201cmonopole d&rsquo;une personne sur le processus\u201d.\u00a0<\/p>\n<p>Le chef de l\u2019\u00c9tat libanais a soulign\u00e9 que \u201cle seuil de pauvret\u00e9 au Liban a brusquement augment\u00e9, menant \u00e0 la disparition de la classe moyenne\u201d. Il a rappel\u00e9 les trag\u00e9dies qui ont directement frapp\u00e9 le Liban, notamment les dettes accumul\u00e9es, la guerre en Syrie, l\u2019explosion du port de Beyrouth et la pand\u00e9mie de Covid-19. Le pr\u00e9sident a \u00e9voqu\u00e9 la difficult\u00e9 de trouver des solutions rapides \u00e0 divers probl\u00e8mes, d&rsquo;autant plus que \u201ccela n\u00e9cessite des capacit\u00e9s qui nous manquent, notamment financi\u00e8res\u201d.\u00a0<\/p>\n<p>Il a fait savoir qu\u2019une action est en cours pour mettre en \u0153uvre un plan de rationalisation de l&rsquo;aide, repr\u00e9sent\u00e9 par une carte de rationnement.<\/p>\n<p>Le gouvernement de Hassan Diab, qui m\u00e8ne actuellement les affaires, a d\u00e9missionn\u00e9 le 10 ao\u00fbt, et ce, \u00e0 six jours seulement d&rsquo;une explosion catastrophique qui a secou\u00e9 le port de la capitale Beyrouth. Sa\u00e2d Hariri a \u00e9t\u00e9 officiellement d\u00e9sign\u00e9 pour former le gouvernement libanais en octobre dernier, mais il n&rsquo;a pas \u00e9t\u00e9 en mesure d&rsquo;achever cette mission en raison des divergences politiques, \u00e0 un moment o\u00f9 le pays traverse une grave crise \u00e9conomique.\u00a0<br \/>\u00a0<\/p>\n<p class=\"c6\"><strong>APS<\/strong><\/p>\n<\/div>\n<p>Auteur:<br \/>\n<a href=\"https:\/\/www.liberte-algerie.com\/international\/le-liban-finance-lelectricite-pour-eviter-le-black-out-356352\">Cliquez ici pour lire l&rsquo;article depuis sa source.<\/a><\/p>\n","protected":false},"excerpt":{"rendered":"<p>Le Parlement libanais a approuv\u00e9 hier l&rsquo;octroi d&rsquo;une avance budg\u00e9taire de 200 millions de dollars \u00e0 Electricit\u00e9 du Liban (EDL), apr\u00e8s une mise en garde minist\u00e9rielle contre le risque que le pays soit plong\u00e9 dans le \u201cnoir total\u201d. \u201cLe Parlement a approuv\u00e9, lors d&rsquo;une session g\u00e9n\u00e9rale, une avance de 200 millions de dollars (170 millions [&hellip;]<\/p>\n","protected":false},"author":1742,"featured_media":0,"comment_status":"closed","ping_status":"closed","sticky":false,"template":"","format":"standard","meta":{"fifu_image_url":"","fifu_image_alt":"","footnotes":""},"categories":[73,53],"tags":[],"class_list":["post-113972","post","type-post","status-publish","format-standard","hentry","category-actualite","category-algerie"],"_links":{"self":[{"href":"https:\/\/linitiative.ca\/International\/wp-json\/wp\/v2\/posts\/113972","targetHints":{"allow":["GET"]}}],"collection":[{"href":"https:\/\/linitiative.ca\/International\/wp-json\/wp\/v2\/posts"}],"about":[{"href":"https:\/\/linitiative.ca\/International\/wp-json\/wp\/v2\/types\/post"}],"author":[{"embeddable":true,"href":"https:\/\/linitiative.ca\/International\/wp-json\/wp\/v2\/users\/1742"}],"replies":[{"embeddable":true,"href":"https:\/\/linitiative.ca\/International\/wp-json\/wp\/v2\/comments?post=113972"}],"version-history":[{"count":0,"href":"https:\/\/linitiative.ca\/International\/wp-json\/wp\/v2\/posts\/113972\/revisions"}],"wp:attachment":[{"href":"https:\/\/linitiative.ca\/International\/wp-json\/wp\/v2\/media?parent=113972"}],"wp:term":[{"taxonomy":"category","embeddable":true,"href":"https:\/\/linitiative.ca\/International\/wp-json\/wp\/v2\/categories?post=113972"},{"taxonomy":"post_tag","embeddable":true,"href":"https:\/\/linitiative.ca\/International\/wp-json\/wp\/v2\/tags?post=113972"}],"curies":[{"name":"wp","href":"https:\/\/api.w.org\/{rel}","templated":true}]}}