{"id":113975,"date":"2021-03-29T16:52:33","date_gmt":"2021-03-29T20:52:33","guid":{"rendered":"https:\/\/linitiative.ca\/International\/le-plasticien-moulay-ismail-alaoui-el-fatihi-nest-plus\/"},"modified":"2021-03-29T16:52:33","modified_gmt":"2021-03-29T20:52:33","slug":"le-plasticien-moulay-ismail-alaoui-el-fatihi-nest-plus","status":"publish","type":"post","link":"https:\/\/linitiative.ca\/International\/le-plasticien-moulay-ismail-alaoui-el-fatihi-nest-plus\/","title":{"rendered":"Le plasticien Moulay Ismail Alaoui El Fatihi n\u2019est plus"},"content":{"rendered":"<div class=\"single-featured\"><img alt=\"\" data-src=\"http:\/\/www.mapmarrakech.ma\/map\/uploads\/2021\/03\/El-Fatihi.jpg\"\/><\/div>\n<div class=\"single-post-excerpt post-excerpt-bc\" readability=\"36\">\n<p>Marrakech- L\u2019artiste-peintre Moulay Ismail Alaoui El Fatihi est d\u00e9c\u00e9d\u00e9, lundi matin \u00e0 Marrakech, des suites d\u2019un malaise de sant\u00e9 \u00e0 l\u2019\u00e2ge de 70 ans, a-t-on appris aupr\u00e8s de sa famille.<\/p>\n<\/div>\n<div class=\"entry-content clearfix single-post-content\" readability=\"54\">\n<p>Le d\u00e9funt a \u00e9t\u00e9 inhum\u00e9 apr\u00e8s la pri\u00e8re d\u2019Al-Asr au cimeti\u00e8re de Bab Aghmat.<\/p>\n<p>Connu pour son parcours artistique distingu\u00e9, le regrett\u00e9 plasticien, qui a encadr\u00e9 des g\u00e9n\u00e9rations d\u2019artistes \u00e0 la Maison des jeunes \u00e0 Arsat Al Hamed dans la cit\u00e9 ocre, compte parmi les pionniers et fondateurs des arts plastiques au Maroc.<\/p>\n<p>Les toiles du d\u00e9funt, qui ont acquis une renomm\u00e9e internationale et sont expos\u00e9es dans de nombreuses galeries, m\u00ealent la calligraphie arabe, la nature et le surr\u00e9alisme, outre d\u2019autres \u0153uvres picturales non d\u00e9voil\u00e9es qui ont \u00e9t\u00e9 vendues \u00e0 des \u00e9trangers.<\/p>\n<p>Les tableaux de Feu El Fatihi, qui \u00e9tait tr\u00e8s discret puisqu\u2019il n\u2019\u00e9tait pas trop pr\u00e9sent lors des expositions aussi bien au Maroc qu\u2019\u00e0 l\u2019\u00e9tranger, repr\u00e9sentaient les paysages naturels et la r\u00e9alit\u00e9 du Maroc en g\u00e9n\u00e9ral, et ceux de\u00a0Marrakech\u00a0en particulier.<\/p>\n<\/div>\n<p>Auteur: Mohammed KOURSI<br \/>\n<a href=\"http:\/\/www.mapmarrakech.ma\/fr\/le-plasticien-moulay-ismail-alaoui-el-fatihi-nest-plus\/\">Cliquez ici pour lire l&rsquo;article depuis sa source.<\/a><\/p>\n","protected":false},"excerpt":{"rendered":"<p>Marrakech- L\u2019artiste-peintre Moulay Ismail Alaoui El Fatihi est d\u00e9c\u00e9d\u00e9, lundi matin \u00e0 Marrakech, des suites d\u2019un malaise de sant\u00e9 \u00e0 l\u2019\u00e2ge de 70 ans, a-t-on appris aupr\u00e8s de sa famille. Le d\u00e9funt a \u00e9t\u00e9 inhum\u00e9 apr\u00e8s la pri\u00e8re d\u2019Al-Asr au cimeti\u00e8re de Bab Aghmat. Connu pour son parcours artistique distingu\u00e9, le regrett\u00e9 plasticien, qui a [&hellip;]<\/p>\n","protected":false},"author":1788,"featured_media":0,"comment_status":"closed","ping_status":"closed","sticky":false,"template":"","format":"standard","meta":{"fifu_image_url":"http:\/\/www.mapmarrakech.ma\/map\/uploads\/2021\/03\/El-Fatihi.jpg","fifu_image_alt":"Le plasticien Moulay Ismail Alaoui El Fatihi n\u2019est plus","footnotes":""},"categories":[54,76],"tags":[],"class_list":["post-113975","post","type-post","status-publish","format-standard","hentry","category-maroc","category-regions"],"_links":{"self":[{"href":"https:\/\/linitiative.ca\/International\/wp-json\/wp\/v2\/posts\/113975","targetHints":{"allow":["GET"]}}],"collection":[{"href":"https:\/\/linitiative.ca\/International\/wp-json\/wp\/v2\/posts"}],"about":[{"href":"https:\/\/linitiative.ca\/International\/wp-json\/wp\/v2\/types\/post"}],"author":[{"embeddable":true,"href":"https:\/\/linitiative.ca\/International\/wp-json\/wp\/v2\/users\/1788"}],"replies":[{"embeddable":true,"href":"https:\/\/linitiative.ca\/International\/wp-json\/wp\/v2\/comments?post=113975"}],"version-history":[{"count":0,"href":"https:\/\/linitiative.ca\/International\/wp-json\/wp\/v2\/posts\/113975\/revisions"}],"wp:attachment":[{"href":"https:\/\/linitiative.ca\/International\/wp-json\/wp\/v2\/media?parent=113975"}],"wp:term":[{"taxonomy":"category","embeddable":true,"href":"https:\/\/linitiative.ca\/International\/wp-json\/wp\/v2\/categories?post=113975"},{"taxonomy":"post_tag","embeddable":true,"href":"https:\/\/linitiative.ca\/International\/wp-json\/wp\/v2\/tags?post=113975"}],"curies":[{"name":"wp","href":"https:\/\/api.w.org\/{rel}","templated":true}]}}