{"id":113976,"date":"2021-03-30T04:04:13","date_gmt":"2021-03-30T08:04:13","guid":{"rendered":"https:\/\/linitiative.ca\/International\/remise-des-prix-aux-laureats-du-concours-de-la-creation-estudiantine\/"},"modified":"2021-03-30T04:04:13","modified_gmt":"2021-03-30T08:04:13","slug":"remise-des-prix-aux-laureats-du-concours-de-la-creation-estudiantine","status":"publish","type":"post","link":"https:\/\/linitiative.ca\/International\/remise-des-prix-aux-laureats-du-concours-de-la-creation-estudiantine\/","title":{"rendered":"Remise des prix aux laur\u00e9ats du concours de la cr\u00e9ation estudiantine"},"content":{"rendered":"<div readability=\"36\">\n<p>Marrakech- La Facult\u00e9 des Lettres et des Sciences Humaines de Marrakech relevant de l\u2019Universit\u00e9 Cadi Ayyad (UCA) a organis\u00e9, lundi, une c\u00e9r\u00e9monie de remise des prix aux laur\u00e9ats du concours de la cr\u00e9ation estudiantine au temps de la Covid-19.<\/p>\n<\/div>\n<div readability=\"134\">\n<p>Lanc\u00e9e du premier avril au 30 juin derniers, par la commission des directeurs des laboratoires de recherche relevant de ladite Facult\u00e9, cette manifestation visant \u00e0 mettre en relief les cr\u00e9ations artistiques des \u00e9tudiants au temps de la pand\u00e9mie, a connu la participation d\u2019\u00e9tudiants inscrits dans cet \u00e9tablissement d\u2019enseignement sup\u00e9rieur au titre de l\u2019ann\u00e9e universitaire 2019-2020.<\/p>\n<p>Les \u00e9tudiants candidats \u00e0 ce concours ont \u00e9t\u00e9 en lice pour d\u00e9crocher l\u2019un des prix concernant les cat\u00e9gories du \u00ab\u00a0Zajjal\u00a0\u00bb, \u00ab\u00a0la po\u00e9sie\u00a0\u00bb, \u00ab\u00a0le ha\u00efku\u00a0\u00bb, \u00ab\u00a0la nouvelle\u00a0\u00bb, \u00ab\u00a0les m\u00e9moires et le journal\u00a0\u00bb, \u00ab\u00a0les fresques\u00a0\u00bb, \u00ab\u00a0les arts plastiques\u00a0\u00bb, \u00ab\u00a0la chanson\u00a0\u00bb, \u00ab\u00a0l\u2019art photographique\u00a0\u00bb, \u00ab\u00a0la cr\u00e9ation num\u00e9rique\u00a0\u00bb, \u00ab\u00a0les oeuvres audiovisuelles\u00a0\u00bb (comique et documentaire ne d\u00e9passant pas 5 minutes), \u00ab\u00a0les \u00e9tudes, recherches et cartes\u00a0\u00bb (dans la limite de 30 pages) en langues fran\u00e7aise, amazighe, darija, arabe et anglaise.<\/p>\n<p>Intervenant \u00e0 cette occasion, le pr\u00e9sident de l\u2019UCA, Moulay Hassan Hbid, a indiqu\u00e9 que l\u2019universit\u00e9 est appel\u00e9e \u00e0 jouer le r\u00f4le de d\u00e9veloppement des talents et comp\u00e9tences des \u00e9tudiants et ce, aux c\u00f4t\u00e9s de ses r\u00f4les classiques de transmission de la connaissance et de formation des comp\u00e9tences, de la promotion de la cohabitation, de la tol\u00e9rance et de la fraternit\u00e9.<\/p>\n<p>L\u2019\u00e9dification de la nation requiert de concilier ses deux composantes essentielles, a-t-il ajout\u00e9, mettant en relief, au passage, la sagesse et la clairvoyance de SM le Roi Mohammed VI dans la gestion de la pand\u00e9mie de la Covid-19, ayant permis d\u2019\u00e9riger le Royaume en mod\u00e8le au niveau mondial.<\/p>\n<p>Le doyen de la Facult\u00e9 des Lettres et des Sciences humaines, Abderrahim Benali a, pour sa part, soulign\u00e9 que la pand\u00e9mie a \u00e9t\u00e9 un v\u00e9ritable catalyseur, qui a pouss\u00e9 les administrations \u00e0 r\u00e9fl\u00e9chir \u00e0 mettre en place des solutions innovantes afin de garantir la continuit\u00e9 des services publics durant cette conjoncture exceptionnelle.<\/p>\n<p>A noter que le jury de ce concours pr\u00e9sid\u00e9 par le directeur du laboratoire des analyses des discours et des structures des connaissances relevant de cette Facult\u00e9, Moulay Youssef Idrissi, a retenu quelque 149 \u0153uvres parmi des centaines d\u00e9pos\u00e9es.<\/p>\n<p>Dans la cat\u00e9gorie de la po\u00e9sie, le prix est revenu \u00e0 l\u2019\u00e9tudiant Hamza Aba\u00e2ch, alors que l\u2019\u00e9tudiante Meryem Omari s\u2019est adjug\u00e9e le prix de la cat\u00e9gorie du po\u00e8me en vers libres.<\/p>\n<p>Le prix de la nouvelle en langue arabe a \u00e9t\u00e9 remport\u00e9 par l\u2019\u00e9tudiant Mohamed Laghrissi, alors que le prix de la nouvelle en langue fran\u00e7aise est revenu \u00e0 l\u2019\u00e9tudiante Mahassine Haddad.<\/p>\n<p>Dans la cat\u00e9gorie de la nouvelle en anglais, c\u2019est l\u2019\u00e9tudiante Fatima Zahra Raba\u00e2oui qui a remport\u00e9 ce prix, tandis que le prix la cat\u00e9gorie des m\u00e9moires (en langue arabe) est revenu \u00e0 Abderrahim Ouiri.<\/p>\n<p>Le prix de la cat\u00e9gorie \u00ab\u00a0journal\u00a0\u00bb (en arabe) est revenu \u00e0 Kaoutar Tarbouch alors que celui de la cat\u00e9gorie du journal et m\u00e9moires (en fran\u00e7ais) a \u00e9t\u00e9 remport\u00e9 par l\u2019\u00e9tudiante Khaoula Maslouhi.<\/p>\n<p>Le jury a attribu\u00e9 les prix des arts plastiques \u00e0 l\u2019\u00e9tudiant Ahmed Ait Hamou, de la cat\u00e9gorie de la chanson \u00e0 Ikhlass Benatou, du film documentaire \u00e0 Nawal A\u00e2ririb, celui de la vid\u00e9o artistique \u00e0 Moulay Ismail Abdourabouh et celui des podcasts \u00e0 Abdessamie Al Bouhtori.<\/p>\n<p>Les prix des cat\u00e9gories \u00ab\u00a0les \u00e9tudes, recherches et cartes\u00a0\u00bb, \u00ab\u00a0la peinture num\u00e9rique\u00a0\u00bb, \u00ab\u00a0la peinture\u00a0\u00bb ont \u00e9t\u00e9 remport\u00e9s respectivement par Abdessamad Zohor, Ait Moussa Mohammed et Moncef Agourram.<\/p>\n<p>Ainsi, le jury a octroy\u00e9 des certificats de participation aux \u00e9tudiants ayant particip\u00e9 \u00e0 ce concours, outre des certificats de m\u00e9rite et des pr\u00e9sents au profit des laur\u00e9ats des prix des diff\u00e9rentes cat\u00e9gories de cr\u00e9ation estudiantine.<\/p>\n<\/div>\n<p>Auteur: Mohammed KOURSI<br \/>\n<a href=\"http:\/\/www.mapmarrakech.ma\/fr\/remise-des-prix-aux-laureats-du-concours-de-la-creation-estudiantine\/\">Cliquez ici pour lire l&rsquo;article depuis sa source.<\/a><\/p>\n","protected":false},"excerpt":{"rendered":"<p>Marrakech- La Facult\u00e9 des Lettres et des Sciences Humaines de Marrakech relevant de l\u2019Universit\u00e9 Cadi Ayyad (UCA) a organis\u00e9, lundi, une c\u00e9r\u00e9monie de remise des prix aux laur\u00e9ats du concours de la cr\u00e9ation estudiantine au temps de la Covid-19. Lanc\u00e9e du premier avril au 30 juin derniers, par la commission des directeurs des laboratoires de [&hellip;]<\/p>\n","protected":false},"author":1788,"featured_media":0,"comment_status":"closed","ping_status":"closed","sticky":false,"template":"","format":"standard","meta":{"fifu_image_url":"","fifu_image_alt":"","footnotes":""},"categories":[54,76],"tags":[],"class_list":["post-113976","post","type-post","status-publish","format-standard","hentry","category-maroc","category-regions"],"_links":{"self":[{"href":"https:\/\/linitiative.ca\/International\/wp-json\/wp\/v2\/posts\/113976","targetHints":{"allow":["GET"]}}],"collection":[{"href":"https:\/\/linitiative.ca\/International\/wp-json\/wp\/v2\/posts"}],"about":[{"href":"https:\/\/linitiative.ca\/International\/wp-json\/wp\/v2\/types\/post"}],"author":[{"embeddable":true,"href":"https:\/\/linitiative.ca\/International\/wp-json\/wp\/v2\/users\/1788"}],"replies":[{"embeddable":true,"href":"https:\/\/linitiative.ca\/International\/wp-json\/wp\/v2\/comments?post=113976"}],"version-history":[{"count":0,"href":"https:\/\/linitiative.ca\/International\/wp-json\/wp\/v2\/posts\/113976\/revisions"}],"wp:attachment":[{"href":"https:\/\/linitiative.ca\/International\/wp-json\/wp\/v2\/media?parent=113976"}],"wp:term":[{"taxonomy":"category","embeddable":true,"href":"https:\/\/linitiative.ca\/International\/wp-json\/wp\/v2\/categories?post=113976"},{"taxonomy":"post_tag","embeddable":true,"href":"https:\/\/linitiative.ca\/International\/wp-json\/wp\/v2\/tags?post=113976"}],"curies":[{"name":"wp","href":"https:\/\/api.w.org\/{rel}","templated":true}]}}