{"id":113977,"date":"2021-03-30T04:16:25","date_gmt":"2021-03-30T08:16:25","guid":{"rendered":"https:\/\/linitiative.ca\/International\/chute-de-pres-de-92-du-trafic-aerien-a-fin-fevrier\/"},"modified":"2021-03-30T04:16:25","modified_gmt":"2021-03-30T08:16:25","slug":"chute-de-pres-de-92-du-trafic-aerien-a-fin-fevrier","status":"publish","type":"post","link":"https:\/\/linitiative.ca\/International\/chute-de-pres-de-92-du-trafic-aerien-a-fin-fevrier\/","title":{"rendered":"Chute de pr\u00e8s de 92% du trafic a\u00e9rien \u00e0 fin f\u00e9vrier"},"content":{"rendered":"<div class=\"single-featured\"><img alt=\"\" data-src=\"http:\/\/www.mapmarrakech.ma\/map\/uploads\/2021\/03\/A\u00e9roport-Essaouira-Mogador-2-copier.jpg\"\/><\/div>\n<div class=\"single-post-excerpt post-excerpt-bc\" readability=\"36\">\n<p>Essaouira- Le trafic des passagers au niveau de l\u2019a\u00e9roport international Essaouira-Mogador a enregistr\u00e9 \u00e0 fin f\u00e9vrier dernier, une chute de 91,73% par rapport \u00e0 la m\u00eame p\u00e9riode de l\u2019ann\u00e9e 2020.<\/p>\n<\/div>\n<div class=\"entry-content clearfix single-post-content\" readability=\"64\">\n<p>D\u2019apr\u00e8s les nouvelles statistiques rendues publiques par l\u2019Office National des A\u00e9roports (ONDA), cette structure a\u00e9roportuaire a accueilli au titre des deux premiers mois de l\u2019ann\u00e9e en cours un total de 2.612 passagers contre 31.566 voyageurs durant la m\u00eame p\u00e9riode de l\u2019ann\u00e9e \u00e9coul\u00e9e.<\/p>\n<p>Cette contre-performance s\u2019explique par les r\u00e9percussions de la crise sanitaire induite par la propagation de la pand\u00e9mie du nouveau coronavirus (Covid-19) et l\u2019arr\u00eat du trafic a\u00e9rien pendant plusieurs mois.<\/p>\n<p>Pour le seul mois de f\u00e9vrier dernier, le trafic a\u00e9rien au niveau de l\u2019a\u00e9roport de la Cit\u00e9 des Aliz\u00e9s a aussi connu une r\u00e9gression drastique de 97,05% par rapport au m\u00eame mois de l\u2019ann\u00e9e derni\u00e8re.<\/p>\n<p>Ainsi, un total de 526 passagers ont \u00e9t\u00e9 accueillis par cette plateforme a\u00e9roportuaire, contre 17.838 voyageurs durant le mois de f\u00e9vrier 2020.<\/p>\n<p>A noter que les a\u00e9roports du Royaume ont accueilli 1.063.224 passagers au titre des deux premiers mois de l\u2019ann\u00e9e en cours, en chute de 73,24% par rapport \u00e0 la p\u00e9riode janvier-f\u00e9vrier 2020, selon l\u2019ONDA.<\/p>\n<p>Pour le seul mois de f\u00e9vrier, le trafic a\u00e9rien a diminu\u00e9 de 78,47% \u00e0 420.384 passagers, pr\u00e9cise la m\u00eame source.<\/p>\n<\/div>\n<p>Auteur: Mohammed KOURSI<br \/>\n<a href=\"http:\/\/www.mapmarrakech.ma\/fr\/chute-de-pres-de-92-du-trafic-aerien-a-fin-fevrier\/\">Cliquez ici pour lire l&rsquo;article depuis sa source.<\/a><\/p>\n","protected":false},"excerpt":{"rendered":"<p>Essaouira- Le trafic des passagers au niveau de l\u2019a\u00e9roport international Essaouira-Mogador a enregistr\u00e9 \u00e0 fin f\u00e9vrier dernier, une chute de 91,73% par rapport \u00e0 la m\u00eame p\u00e9riode de l\u2019ann\u00e9e 2020. D\u2019apr\u00e8s les nouvelles statistiques rendues publiques par l\u2019Office National des A\u00e9roports (ONDA), cette structure a\u00e9roportuaire a accueilli au titre des deux premiers mois de l\u2019ann\u00e9e [&hellip;]<\/p>\n","protected":false},"author":1788,"featured_media":0,"comment_status":"closed","ping_status":"closed","sticky":false,"template":"","format":"standard","meta":{"fifu_image_url":"http:\/\/www.mapmarrakech.ma\/map\/uploads\/2021\/03\/A\u00e9roport-Essaouira-Mogador-2-copier.jpg","fifu_image_alt":"Chute de pr\u00e8s de 92% du trafic a\u00e9rien \u00e0 fin f\u00e9vrier","footnotes":""},"categories":[54,76],"tags":[],"class_list":["post-113977","post","type-post","status-publish","format-standard","hentry","category-maroc","category-regions"],"_links":{"self":[{"href":"https:\/\/linitiative.ca\/International\/wp-json\/wp\/v2\/posts\/113977","targetHints":{"allow":["GET"]}}],"collection":[{"href":"https:\/\/linitiative.ca\/International\/wp-json\/wp\/v2\/posts"}],"about":[{"href":"https:\/\/linitiative.ca\/International\/wp-json\/wp\/v2\/types\/post"}],"author":[{"embeddable":true,"href":"https:\/\/linitiative.ca\/International\/wp-json\/wp\/v2\/users\/1788"}],"replies":[{"embeddable":true,"href":"https:\/\/linitiative.ca\/International\/wp-json\/wp\/v2\/comments?post=113977"}],"version-history":[{"count":0,"href":"https:\/\/linitiative.ca\/International\/wp-json\/wp\/v2\/posts\/113977\/revisions"}],"wp:attachment":[{"href":"https:\/\/linitiative.ca\/International\/wp-json\/wp\/v2\/media?parent=113977"}],"wp:term":[{"taxonomy":"category","embeddable":true,"href":"https:\/\/linitiative.ca\/International\/wp-json\/wp\/v2\/categories?post=113977"},{"taxonomy":"post_tag","embeddable":true,"href":"https:\/\/linitiative.ca\/International\/wp-json\/wp\/v2\/tags?post=113977"}],"curies":[{"name":"wp","href":"https:\/\/api.w.org\/{rel}","templated":true}]}}